{"id":24093,"date":"2025-04-14T12:03:34","date_gmt":"2025-04-14T15:03:34","guid":{"rendered":"https:\/\/grandepremio.com\/br\/noticias\/lance-stroll-explica-faltou-ritmo-aston-martin-bahrein-nao-ha-muito-que-dizer\/"},"modified":"2025-04-14T17:44:02","modified_gmt":"2025-04-14T20:44:02","slug":"lance-stroll-explica-faltou-ritmo-aston-martin-bahrein-nao-ha-muito-que-dizer","status":"publish","type":"post","link":"https:\/\/grandepremio.com\/br\/f1\/lance-stroll-explica-faltou-ritmo-aston-martin-bahrein-nao-ha-muito-que-dizer\/","title":{"rendered":"Stroll explica que faltou ritmo \u00e0 Aston Martin no Bahrein: &#8220;N\u00e3o h\u00e1 muito o que dizer&#8221;"},"content":{"rendered":"\n<p class=\"wp-block-paragraph\">A <strong>Aston Martin<\/strong> foi mera figurante no <strong>GP do Bahrein de F1<\/strong> deste <strong>domingo (13)<\/strong>, com <strong>Fernando Alonso<\/strong> em 15\u00ba e <strong>Lance Stroll<\/strong> na 17\u00aa posi\u00e7\u00e3o na quarta etapa da <strong>temporada 2025<\/strong> da categoria. O canadense comentou que n\u00e3o tinha muito a falar sobre o dif\u00edcil fim de semana no aut\u00f3dromo do <strong>Sakhir<\/strong>.<\/p>\n\n\n\n<p class=\"wp-block-paragraph\">Em quatro etapas at\u00e9 aqui, a Aston Martin anotou somente 10 pontos no campeonato \u2014 todos com Stroll e nas duas primeiras corridas do ano, <strong>Austr\u00e1lia<\/strong> e <strong>China<\/strong>. Principalmente na abertura do campeonato, o canadense contou com a estrat\u00e9gia e a combina\u00e7\u00e3o de bandeiras amarelas para terminar a corrida na sexta posi\u00e7\u00e3o, o que foi algo muito mais circunstancial do que propriamente o ritmo do AMR25.<\/p>\n\n\n\n<p class=\"wp-block-paragraph\">O descontentamento fez Stroll sequer mencionar o incidente que teve com <strong>Liam Lawson<\/strong> ao longo da corrida. Na tentativa de superar o canadense, o piloto da <strong>Racing Bulls<\/strong> acertou o <strong>#18<\/strong> e <a href=\"https:\/\/www.grandepremio.com\/br\/f1\/noticias\/liam-lawson-leva-3-pontos-carteira-incidentes-lance-stroll-nico-hulkenberg-bahrein\/\">levou pontos na carteira<\/a> \u2014 tr\u00eas, ao todo, contando tamb\u00e9m o entrevero com <strong>Nico H\u00fclkenberg<\/strong> no Bahrein.<\/p>\n\n\n\n<p class=\"wp-block-paragraph\">Com foco no regulamento que vai entrar em vigor a partir do pr\u00f3ximo ano, a Aston Martin nunca escondeu que a temporada 2025 da F1 \u00e9 uma transi\u00e7\u00e3o, por\u00e9m, Stroll espera que a equipe saia dessa situa\u00e7\u00e3o de fundo de grid ainda no campeonato atual. Ao menos, segundo o representante do #18, esfor\u00e7o n\u00e3o falta na sede do time de <strong>Silverstone<\/strong>.<\/p>\n\n\n\n<figure class=\"wp-block-image size-large\"><img decoding=\"async\" src=\"https:\/\/www.grandepremio.com\/br\/wp-content\/uploads\/2025\/04\/bahrein-2025-f1-classificacao-aston-martin-lance-stroll-01-1200x800.jpg\" alt=\"\" class=\"wp-image-953611\"\/><figcaption class=\"wp-element-caption\">Lance Stroll (Foto: Aston Martin)<\/figcaption><\/figure>\n\n\n\n<p class=\"wp-block-paragraph\">&#8220;N\u00e3o tenho muito o que dizer. Foi um fim de semana dif\u00edcil para n\u00f3s, sem ritmo. Vamos ver no pr\u00f3ximo fim de semana em uma pista diferente&#8221;, resumiu Stroll.<\/p>\n\n\n\n<p class=\"wp-block-paragraph\">&#8220;Com certeza, queremos sair dessa situa\u00e7\u00e3o e melhorar. Todos est\u00e3o se esfor\u00e7ando para isso&#8221;, finalizou o piloto canadense.<\/p>\n\n\n\n<p class=\"wp-block-paragraph\">A\u00a0<a href=\"https:\/\/www.grandepremio.com\/br\/f1\/\" target=\"_blank\" rel=\"noreferrer noopener\"><\/a><a href=\"https:\/\/www.grandepremio.com\/br\/f1\/\" target=\"_blank\" rel=\"noreferrer noopener\">F\u00f3rmula 1<\/a>\u00a0volta neste fim de semana, de 18 a 20 de abril, em\u00a0<strong><a href=\"https:\/\/www.grandepremio.com\/br\/circuito\/jeda\/\" target=\"_blank\" rel=\"noreferrer noopener\">Jed\u00e1<\/a><\/strong>, palco do<strong>\u00a0GP da Ar\u00e1bia Saudita<\/strong>, quinta etapa da temporada 2025.<\/p>\n\n\n\n<p class=\"wp-block-paragraph\">\u25b6\ufe0f\u00a0<strong>Inscreva-se nos dois canais do GRANDE PR\u00caMIO no YouTube:\u00a0<a href=\"https:\/\/www.youtube.com\/channel\/UC9OlHEgxoaY6QY6nWPoiqQg?sub_confirmation=1\" target=\"_blank\" rel=\"noreferrer noopener\">GP<\/a>\u00a0|\u00a0<a href=\"https:\/\/www.youtube.com\/channel\/UC9csiS6q_C3C0FYhyr1rnFA?sub_confirmation=1\" target=\"_blank\" rel=\"noreferrer noopener\">GP2<\/a><\/strong><\/p>\n\n\n\n<figure class=\"wp-block-embed is-type-video is-provider-youtube wp-block-embed-youtube wp-embed-aspect-16-9 wp-has-aspect-ratio\"><div class=\"wp-block-embed__wrapper\">\n<iframe loading=\"lazy\" title=\"PIASTRI PASSEIA E VENCE, NORRIS FALHA, BORTOLETO \u00c9 19\u00ba: O GP DO BAHREIN DE F1 | BRIEFING\" width=\"500\" height=\"281\" src=\"https:\/\/www.youtube.com\/embed\/7lFytUDH6x0?feature=oembed\" frameborder=\"0\" allow=\"accelerometer; autoplay; clipboard-write; encrypted-media; gyroscope; picture-in-picture; web-share\" referrerpolicy=\"strict-origin-when-cross-origin\" allowfullscreen><\/iframe>\n<\/div><\/figure>\n","protected":false},"excerpt":{"rendered":"<p>Lance Stroll esqueceu entrevero com Liam Lawson no Bahrein e lamentou falta de ritmo no fim de semana. No entanto, destacou esfor\u00e7o da Aston Martin para sair do fundo do grid<\/p>\n","protected":false},"author":0,"featured_media":1000953335,"comment_status":"closed","ping_status":"closed","sticky":false,"template":"","format":"standard","meta":{"42wp_featured_image_caption":"","42wp_featured_image_credits":"","42wp_featured_video":"","42wp_featured_image_hidden":false,"42wp_authors_list":[],"footnotes":""},"categories":[2],"tags":[309,1667,26271,5273,147,3630,180,3628,1754,43193,1491,28285,30840,485,35129,1756,43192,38575,42001],"42wp_author":[47155],"class_list":["post-24093","post","type-post","status-publish","format-standard","has-post-thumbnail","hentry","category-f1","tag-aston-martin","tag-bahrein","tag-calendario-f1","tag-classificacao-f1","tag-f1","tag-f1-2025","tag-formula-1","tag-formula-1-2025","tag-gp-do-bahrein","tag-gp-do-bahrein-f1","tag-grande-premio","tag-grandepremio","tag-horarios-f1","tag-lance-stroll","tag-onde-assistir-f1","tag-sakhir","tag-sakhir-2025","tag-sakhir-f1","tag-temporada-2025-f1","42wp_author-daniel-balsa"],"_links":{"self":[{"href":"https:\/\/grandepremio.com\/br\/wp-json\/wp\/v2\/posts\/24093","targetHints":{"allow":["GET"]}}],"collection":[{"href":"https:\/\/grandepremio.com\/br\/wp-json\/wp\/v2\/posts"}],"about":[{"href":"https:\/\/grandepremio.com\/br\/wp-json\/wp\/v2\/types\/post"}],"replies":[{"embeddable":true,"href":"https:\/\/grandepremio.com\/br\/wp-json\/wp\/v2\/comments?post=24093"}],"version-history":[{"count":0,"href":"https:\/\/grandepremio.com\/br\/wp-json\/wp\/v2\/posts\/24093\/revisions"}],"wp:featuredmedia":[{"embeddable":true,"href":"https:\/\/grandepremio.com\/br\/wp-json\/wp\/v2\/media\/1000953335"}],"wp:attachment":[{"href":"https:\/\/grandepremio.com\/br\/wp-json\/wp\/v2\/media?parent=24093"}],"wp:term":[{"taxonomy":"category","embeddable":true,"href":"https:\/\/grandepremio.com\/br\/wp-json\/wp\/v2\/categories?post=24093"},{"taxonomy":"post_tag","embeddable":true,"href":"https:\/\/grandepremio.com\/br\/wp-json\/wp\/v2\/tags?post=24093"},{"taxonomy":"42wp_author","embeddable":true,"href":"https:\/\/grandepremio.com\/br\/wp-json\/wp\/v2\/42wp_author?post=24093"}],"curies":[{"name":"wp","href":"https:\/\/api.w.org\/{rel}","templated":true}]}}