{"id":24110,"date":"2025-04-14T08:36:35","date_gmt":"2025-04-14T11:36:35","guid":{"rendered":"https:\/\/grandepremio.com\/br\/noticias\/red-bull-mundial-24-corridas-assume-precisamos-progredir-rapido\/"},"modified":"2025-04-14T16:38:26","modified_gmt":"2025-04-14T19:38:26","slug":"red-bull-mundial-24-corridas-assume-precisamos-progredir-rapido","status":"publish","type":"post","link":"https:\/\/grandepremio.com\/br\/f1\/red-bull-mundial-24-corridas-assume-precisamos-progredir-rapido\/","title":{"rendered":"Red Bull diz que Mundial &#8220;tem 24 corridas&#8221;, mas assume: &#8220;Precisamos progredir r\u00e1pido&#8221;"},"content":{"rendered":"\n<p class=\"wp-block-paragraph\">Se <strong>Helmut Marko <\/strong>chamou o<strong> GP do Bahrein<\/strong> <a href=\"https:\/\/www.grandepremio.com\/br\/f1\/noticias\/red-bull-realiza-reuniao-urgente-gp-bahrein-alarmante-muitos-problemas\/\">de &#8220;alarmante&#8221;<\/a> e &#8220;inadmiss\u00edvel&#8221;, <strong>Christian Horner<\/strong> adotou um discurso mais apaziguador e lembrou \u00e0 imprensa que se trata de um &#8220;campeonato de 24 corridas&#8221;. Ele, no entanto, reconheceu que a<strong> Red Bull<\/strong> precisa &#8220;progredir r\u00e1pido&#8221; se quiser o t\u00edtulo de Pilotos.<\/p>\n\n\n\n<p class=\"wp-block-paragraph\">Foi um fim de semana muito complicado para os taurinos, e isso porque o circuito de <strong>Sakhir<\/strong>, mais padr\u00e3o que as pistas anteriores, evidenciou a diferen\u00e7a de performance entre eles e as demais rivais. <strong>Max Verstappen<\/strong>, por exemplo, brigou muito com o carro para chegar em sexto na corrida.<\/p>\n\n\n\n<p class=\"wp-block-paragraph\">Para piorar, a Red Bull errou a estrat\u00e9gia e ainda viu a luz sinalizadora que libera o piloto do pit-stop falhar. Horner, Marko e o diretor-t\u00e9cnico, <strong>Pierre Wach\u00e9<\/strong>, realizaram reuni\u00e3o emergencial ainda no Bahrein.<\/p>\n\n\n\n<p class=\"wp-block-paragraph\">Depois, aos jornalistas, o dirigente ingl\u00eas tratou de acalmar os \u00e2nimos. &#8220;\u00c9 um campeonato de 24 corridas. Estamos 8 pontos atr\u00e1s no Mundial de Pilotos.&#8221;<\/p>\n\n\n\n<figure class=\"wp-block-image size-large\"><img decoding=\"async\" src=\"https:\/\/www.grandepremio.com\/br\/wp-content\/uploads\/2025\/04\/bahrein-2025-f1-corrida-red-bull-max-verstappen-afp-04-1200x800.jpg\" alt=\"\" class=\"wp-image-954274\"\/><figcaption class=\"wp-element-caption\">Max Verstappen terminou o GP do Bahrein no sexto lugar (Foto: AFP) <\/figcaption><\/figure>\n\n\n\n<p class=\"wp-block-paragraph\">&#8220;Sabemos que precisamos progredir muito r\u00e1pido. Ent\u00e3o era importante marcar pontos, e ele [Verstappen] lutou por cada um que p\u00f4de em um carro dif\u00edcil. \u00c9 a soma ao final do ano que importa&#8221;, salientou.<\/p>\n\n\n\n<p class=\"wp-block-paragraph\">Apesar do copo meio cheio, Horner afirmou que &#8220;nada nos agradou desde o in\u00edcio da corrida&#8221; barenita. &#8220;Foi um fim de semana muito ruim para a equipe&#8221;, continuou.<\/p>\n\n\n\n<p class=\"wp-block-paragraph\">&#8220;Na largada, n\u00e3o sa\u00edmos bem da linha, e os pit-stops n\u00e3o funcionaram para n\u00f3s. O desgaste dos pneus e as temperaturas foram muito altas. Se temos um carro bem equilibrado, tudo se encaixa muito mais facilmente&#8221;, encerrou o chefe da Red Bull.<\/p>\n\n\n\n<p class=\"wp-block-paragraph\">At\u00e9 o momento, a Red Bull ocupa o terceiro lugar no <strong>Mundial de Construtores<\/strong>, com 71 pontos \u2014 80 a menos que a l\u00edder, <strong>McLaren<\/strong>. No <strong>Mundial de Pilotos<\/strong>, Verstappen tamb\u00e9m \u00e9 o terceiro, 8 pontos atr\u00e1s de<strong>\u00a0<a href=\"https:\/\/www.grandepremio.com\/br\/piloto\/lando-norris\/\" target=\"_blank\" rel=\"noreferrer noopener\">Lando Norris<\/a><\/strong>\u00a0(77 \u00d7 69).<\/p>\n\n\n\n<p class=\"wp-block-paragraph\">A&nbsp;<a href=\"https:\/\/www.grandepremio.com\/br\/f1\/\" target=\"_blank\" rel=\"noreferrer noopener\"><\/a><a href=\"https:\/\/www.grandepremio.com\/br\/f1\/\" target=\"_blank\" rel=\"noreferrer noopener\">F\u00f3rmula 1<\/a>&nbsp;volta de 18 a 20 de abril em&nbsp;<strong><a href=\"https:\/\/www.grandepremio.com\/br\/circuito\/jeda\/\" target=\"_blank\" rel=\"noreferrer noopener\">Jed\u00e1<\/a><\/strong>, palco do<strong>&nbsp;GP da Ar\u00e1bia Saudita<\/strong>, quinta etapa da temporada 2025.<\/p>\n\n\n\n<p class=\"wp-block-paragraph\">\u25b6\ufe0f <strong>Inscreva-se nos dois canais do GRANDE PR\u00caMIO no YouTube:\u00a0<a href=\"https:\/\/www.youtube.com\/channel\/UC9OlHEgxoaY6QY6nWPoiqQg?sub_confirmation=1\" target=\"_blank\" rel=\"noreferrer noopener\">GP<\/a>\u00a0|\u00a0<a href=\"https:\/\/www.youtube.com\/channel\/UC9csiS6q_C3C0FYhyr1rnFA?sub_confirmation=1\" target=\"_blank\" rel=\"noreferrer noopener\">GP2<\/a><\/strong><br><strong>\u25b6\ufe0f<\/strong> <strong>LEIA TAMB\u00c9M:\u00a0<a href=\"https:\/\/www.grandepremio.com\/br\/f1\/noticias\/opiniao-gp-balburdia-bahrein-vitoria-oscar-piastri-salvam-inicio-formula-1-2025\/\">Opini\u00e3o GP: Balb\u00fardia no Bahrein e vit\u00f3ria de Piastri salvam in\u00edcio da F1 2025<\/a><\/strong><\/p>\n\n\n\n<figure class=\"wp-block-embed is-type-video is-provider-youtube wp-block-embed-youtube wp-embed-aspect-16-9 wp-has-aspect-ratio\"><div class=\"wp-block-embed__wrapper\">\n<iframe loading=\"lazy\" title=\"PIASTRI PASSEIA E VENCE, NORRIS FALHA, BORTOLETO \u00c9 19\u00ba: O GP DO BAHREIN DE F1 | BRIEFING\" width=\"500\" height=\"281\" src=\"https:\/\/www.youtube.com\/embed\/7lFytUDH6x0?feature=oembed\" frameborder=\"0\" allow=\"accelerometer; autoplay; clipboard-write; encrypted-media; gyroscope; picture-in-picture; web-share\" referrerpolicy=\"strict-origin-when-cross-origin\" allowfullscreen><\/iframe>\n<\/div><\/figure>\n","protected":false},"excerpt":{"rendered":"<p>Chefe da Red Bull, Christian Horner destacou o empenho de Max Verstappen em lutar &#8220;por cada ponto que p\u00f4de&#8221; no Bahrein para sair da etapa n\u00e3o t\u00e3o distante de Lando Norris<\/p>\n","protected":false},"author":0,"featured_media":1000931780,"comment_status":"closed","ping_status":"closed","sticky":false,"template":"","format":"standard","meta":{"42wp_featured_image_caption":"","42wp_featured_image_credits":"","42wp_featured_video":"","42wp_featured_image_hidden":false,"42wp_authors_list":[],"footnotes":""},"categories":[2],"tags":[1667,26271,655,5273,147,3630,180,3628,1754,43193,1491,28285,30840,203,35129,204,1756,43192,38575,42001],"42wp_author":[47147],"class_list":["post-24110","post","type-post","status-publish","format-standard","has-post-thumbnail","hentry","category-f1","tag-bahrein","tag-calendario-f1","tag-christian-horner","tag-classificacao-f1","tag-f1","tag-f1-2025","tag-formula-1","tag-formula-1-2025","tag-gp-do-bahrein","tag-gp-do-bahrein-f1","tag-grande-premio","tag-grandepremio","tag-horarios-f1","tag-max-verstappen","tag-onde-assistir-f1","tag-red-bull","tag-sakhir","tag-sakhir-2025","tag-sakhir-f1","tag-temporada-2025-f1","42wp_author-luana-marino"],"_links":{"self":[{"href":"https:\/\/grandepremio.com\/br\/wp-json\/wp\/v2\/posts\/24110","targetHints":{"allow":["GET"]}}],"collection":[{"href":"https:\/\/grandepremio.com\/br\/wp-json\/wp\/v2\/posts"}],"about":[{"href":"https:\/\/grandepremio.com\/br\/wp-json\/wp\/v2\/types\/post"}],"replies":[{"embeddable":true,"href":"https:\/\/grandepremio.com\/br\/wp-json\/wp\/v2\/comments?post=24110"}],"version-history":[{"count":0,"href":"https:\/\/grandepremio.com\/br\/wp-json\/wp\/v2\/posts\/24110\/revisions"}],"wp:featuredmedia":[{"embeddable":true,"href":"https:\/\/grandepremio.com\/br\/wp-json\/wp\/v2\/media\/1000931780"}],"wp:attachment":[{"href":"https:\/\/grandepremio.com\/br\/wp-json\/wp\/v2\/media?parent=24110"}],"wp:term":[{"taxonomy":"category","embeddable":true,"href":"https:\/\/grandepremio.com\/br\/wp-json\/wp\/v2\/categories?post=24110"},{"taxonomy":"post_tag","embeddable":true,"href":"https:\/\/grandepremio.com\/br\/wp-json\/wp\/v2\/tags?post=24110"},{"taxonomy":"42wp_author","embeddable":true,"href":"https:\/\/grandepremio.com\/br\/wp-json\/wp\/v2\/42wp_author?post=24110"}],"curies":[{"name":"wp","href":"https:\/\/api.w.org\/{rel}","templated":true}]}}