{"id":24113,"date":"2025-04-14T07:52:35","date_gmt":"2025-04-14T10:52:35","guid":{"rendered":"https:\/\/grandepremio.com\/br\/noticias\/red-bull-realiza-reuniao-urgente-gp-bahrein-alarmante-muitos-problemas\/"},"modified":"2025-04-14T07:59:45","modified_gmt":"2025-04-14T10:59:45","slug":"red-bull-realiza-reuniao-urgente-gp-bahrein-alarmante-muitos-problemas","status":"publish","type":"post","link":"https:\/\/grandepremio.com\/br\/f1\/red-bull-realiza-reuniao-urgente-gp-bahrein-alarmante-muitos-problemas\/","title":{"rendered":"Red Bull realiza reuni\u00e3o urgente ap\u00f3s GP do Bahrein &#8220;alarmante&#8221; e de &#8220;muitos problemas&#8221;"},"content":{"rendered":"\n<p class=\"wp-block-paragraph\">Depois de um fim de semana em que nada deu certo no <strong>Bahrein<\/strong>, a<strong> Red Bull <\/strong><a href=\"https:\/\/www.grandepremio.com\/br\/f1\/noticias\/oscar-piastri-passeia-deserto-vence-tatico-gp-bahrein-f1-lando-norris-bate-charles-leclerc-3o\/\">n\u00e3o esperou o domingo (13) <\/a>findar para realizar mais uma reuni\u00e3o urgente com os principais representantes da equipe, entre eles <strong>Helmut Marko<\/strong>,<strong> Christian Horner <\/strong>e <strong>Pierre Wach\u00e9<\/strong>. O consultor austr\u00edaco, ali\u00e1s, classificou a situa\u00e7\u00e3o atual como &#8220;alarmante&#8221;.<\/p>\n\n\n\n<p class=\"wp-block-paragraph\">Desde a sexta-feira de treinos livres, em um circuito padr\u00e3o e bastante conhecido por conta dos testes coletivos, a diferen\u00e7a de performance entre a Red Bull e as principais rivais diretas, <strong>Ferrari<\/strong> e <strong>Mercedes<\/strong>, ficou evidente. Em compara\u00e7\u00e3o com a <strong>McLaren<\/strong>, a discrep\u00e2ncia foi ainda maior.<\/p>\n\n\n\n<p class=\"wp-block-paragraph\"><strong>Max Verstappen<\/strong> reclamou muito do <strong>RB21<\/strong>, sobretudo os freios. A Red Bull, ent\u00e3o, promoveu ajustes para a corrida, mas n\u00e3o adiantou. Para piorar, a estrat\u00e9gia foi um desastre, e at\u00e9 o sinalizador que libera os carros no momento do pit-stop falhou.<\/p>\n\n\n\n<p class=\"wp-block-paragraph\">Embora tenha pontuado pela primeira vez no ano com os dois carros \u2014 Verstappen em sexto e <strong>Yuki Tsunoda<\/strong> em nono \u2014, os \u00e2nimos ficaram exaltados nas garagens taurinas. A <em>Sky Sports<\/em> <a href=\"https:\/\/www.grandepremio.com\/br\/f1\/noticias\/empresario-max-verstappen-entra-discussao-quente-consultor-red-bull-bahrein\/\">flagrou discuss\u00e3o acalorada<\/a> entre Marko e o empres\u00e1rio de Max, \u00a0<strong>Raymond Vermeulen<\/strong>, e os principais l\u00edderes da equipe se reuniram \u00e0s pressas ainda no Bahrein.<\/p>\n\n\n\n<figure class=\"wp-block-image size-full\"><img decoding=\"async\" src=\"https:\/\/www.grandepremio.com\/br\/wp-content\/uploads\/2025\/04\/SI202403080718-1.jpg\" alt=\"\" class=\"wp-image-954766\"\/><figcaption class=\"wp-element-caption\">Christian Horner e Pierre Wach\u00e9: reuni\u00e3o urgente aconteceu no Bahrein (Foto: Red Bull Content Pool)<\/figcaption><\/figure>\n\n\n\n<p class=\"wp-block-paragraph\">&#8220;\u00c9 muito alarmante&#8221;, disse Marko ao ser questionado pelos jornalistas sobre o desempenho da Red Bull em <strong>Sakhir<\/strong>. &#8220;Sabemos que n\u00e3o somos competitivos e que teremos pe\u00e7as novas nas pr\u00f3ximas corridas, e esperamos que elas tragam melhorias.&#8221;<\/p>\n\n\n\n<p class=\"wp-block-paragraph\">&#8220;Temos muitos problemas. O principal \u00e9 o equil\u00edbrio e a ader\u00eancia. E, por isso, acho que surgiram os problemas com os freios. E, ent\u00e3o, um procedimento normal, como um pit-stop, n\u00e3o funciona, a\u00ed um [problema] vem atr\u00e1s  do outro&#8221;, enfatizou o consultor.<\/p>\n\n\n\n<p class=\"wp-block-paragraph\">At\u00e9 o momento, a Red Bull ocupa o terceiro lugar no Mundial de Construtores, com 71 pontos \u2014 80 a menos que a l\u00edder, McLaren. No Mundial de Pilotos, Verstappen tamb\u00e9m \u00e9 o terceiro, 8 pontos atr\u00e1s de Lando Norris (77 \u00d7 69).<\/p>\n\n\n\n<p class=\"wp-block-paragraph\">A\u00a0<a href=\"https:\/\/www.grandepremio.com\/br\/f1\/\" target=\"_blank\" rel=\"noreferrer noopener\"><\/a><a href=\"https:\/\/www.grandepremio.com\/br\/f1\/\" target=\"_blank\" rel=\"noreferrer noopener\">F\u00f3rmula 1<\/a>\u00a0volta de 18 a 20 de abril em\u00a0<strong><a href=\"https:\/\/www.grandepremio.com\/br\/circuito\/jeda\/\" target=\"_blank\" rel=\"noreferrer noopener\">Jed\u00e1<\/a><\/strong>, palco do<strong>\u00a0GP da Ar\u00e1bia Saudita<\/strong>, quinta etapa da temporada 2025.<\/p>\n\n\n\n<p class=\"wp-block-paragraph\"><strong>Inscreva-se nos dois canais do GRANDE PR\u00caMIO no YouTube:\u00a0<a href=\"https:\/\/www.youtube.com\/channel\/UC9OlHEgxoaY6QY6nWPoiqQg?sub_confirmation=1\" target=\"_blank\" rel=\"noreferrer noopener\">GP<\/a>\u00a0|\u00a0<a href=\"https:\/\/www.youtube.com\/channel\/UC9csiS6q_C3C0FYhyr1rnFA?sub_confirmation=1\" target=\"_blank\" rel=\"noreferrer noopener\">GP2<\/a><\/strong><br><strong>LEIA TAMB\u00c9M:\u00a0<a href=\"https:\/\/www.grandepremio.com\/br\/f1\/noticias\/opiniao-gp-balburdia-bahrein-vitoria-oscar-piastri-salvam-inicio-formula-1-2025\/\">Opini\u00e3o GP: Balb\u00fardia no Bahrein e vit\u00f3ria de Piastri salvam in\u00edcio da F1 2025<\/a><\/strong><\/p>\n\n\n\n<figure class=\"wp-block-embed is-type-video is-provider-youtube wp-block-embed-youtube wp-embed-aspect-16-9 wp-has-aspect-ratio\"><div class=\"wp-block-embed__wrapper\">\n<iframe loading=\"lazy\" title=\"PIASTRI PASSEIA E VENCE, NORRIS FALHA, BORTOLETO \u00c9 19\u00ba: O GP DO BAHREIN DE F1 | BRIEFING\" width=\"500\" height=\"281\" src=\"https:\/\/www.youtube.com\/embed\/7lFytUDH6x0?feature=oembed\" frameborder=\"0\" allow=\"accelerometer; autoplay; clipboard-write; encrypted-media; gyroscope; picture-in-picture; web-share\" referrerpolicy=\"strict-origin-when-cross-origin\" allowfullscreen><\/iframe>\n<\/div><\/figure>\n","protected":false},"excerpt":{"rendered":"<p>A situa\u00e7\u00e3o na Red Bull \u00e9 &#8220;alarmante&#8221;, nas palavras de Helmut Marko, tanto que a equipe n\u00e3o esperou o domingo findar para realizar uma reuni\u00e3o de emerg\u00eancia ainda no Bahrein<\/p>\n","protected":false},"author":0,"featured_media":1000954765,"comment_status":"closed","ping_status":"closed","sticky":false,"template":"","format":"standard","meta":{"42wp_featured_image_caption":"","42wp_featured_image_credits":"","42wp_featured_video":"","42wp_featured_image_hidden":false,"42wp_authors_list":[],"footnotes":""},"categories":[2],"tags":[1667,43191,33901,26271,655,5273,147,3630,180,3628,1754,43193,1491,28285,258,30840,203,35129,33253,204,1756,43192,38575,42001],"42wp_author":[47147],"class_list":["post-24113","post","type-post","status-publish","format-standard","has-post-thumbnail","hentry","category-f1","tag-bahrein","tag-bahrein-2025","tag-bahrein-f1","tag-calendario-f1","tag-christian-horner","tag-classificacao-f1","tag-f1","tag-f1-2025","tag-formula-1","tag-formula-1-2025","tag-gp-do-bahrein","tag-gp-do-bahrein-f1","tag-grande-premio","tag-grandepremio","tag-helmut-marko","tag-horarios-f1","tag-max-verstappen","tag-onde-assistir-f1","tag-pierre-wache","tag-red-bull","tag-sakhir","tag-sakhir-2025","tag-sakhir-f1","tag-temporada-2025-f1","42wp_author-luana-marino"],"_links":{"self":[{"href":"https:\/\/grandepremio.com\/br\/wp-json\/wp\/v2\/posts\/24113","targetHints":{"allow":["GET"]}}],"collection":[{"href":"https:\/\/grandepremio.com\/br\/wp-json\/wp\/v2\/posts"}],"about":[{"href":"https:\/\/grandepremio.com\/br\/wp-json\/wp\/v2\/types\/post"}],"replies":[{"embeddable":true,"href":"https:\/\/grandepremio.com\/br\/wp-json\/wp\/v2\/comments?post=24113"}],"version-history":[{"count":0,"href":"https:\/\/grandepremio.com\/br\/wp-json\/wp\/v2\/posts\/24113\/revisions"}],"wp:featuredmedia":[{"embeddable":true,"href":"https:\/\/grandepremio.com\/br\/wp-json\/wp\/v2\/media\/1000954765"}],"wp:attachment":[{"href":"https:\/\/grandepremio.com\/br\/wp-json\/wp\/v2\/media?parent=24113"}],"wp:term":[{"taxonomy":"category","embeddable":true,"href":"https:\/\/grandepremio.com\/br\/wp-json\/wp\/v2\/categories?post=24113"},{"taxonomy":"post_tag","embeddable":true,"href":"https:\/\/grandepremio.com\/br\/wp-json\/wp\/v2\/tags?post=24113"},{"taxonomy":"42wp_author","embeddable":true,"href":"https:\/\/grandepremio.com\/br\/wp-json\/wp\/v2\/42wp_author?post=24113"}],"curies":[{"name":"wp","href":"https:\/\/api.w.org\/{rel}","templated":true}]}}