{"id":24145,"date":"2025-04-13T16:55:28","date_gmt":"2025-04-13T19:55:28","guid":{"rendered":"https:\/\/grandepremio.com\/br\/noticias\/maverick-vinales-leva-punicao-descumprir-pressao-minima-pneu-perde-podio-catar\/"},"modified":"2025-04-13T17:19:03","modified_gmt":"2025-04-13T20:19:03","slug":"maverick-vinales-leva-punicao-descumprir-pressao-minima-pneu-perde-podio-catar","status":"publish","type":"post","link":"https:\/\/grandepremio.com\/br\/motogp\/maverick-vinales-leva-punicao-descumprir-pressao-minima-pneu-perde-podio-catar\/","title":{"rendered":"Vi\u00f1ales leva puni\u00e7\u00e3o por descumprir press\u00e3o m\u00ednima do pneu e perde p\u00f3dio no Catar"},"content":{"rendered":"\n<p class=\"wp-block-paragraph\"><strong>Maverick Vi\u00f1ales<\/strong> perdeu o segundo lugar conquistado neste domingo (13) no <strong>GP do Catar<\/strong>, quarta etapa da temporada 2025 da <strong>MotoGP<\/strong>. Uma investiga\u00e7\u00e3o ap\u00f3s a prova detectou que a press\u00e3o do pneu dianteiro de sua <strong>KTM <\/strong>n\u00e3o estava dentro das normas estabelecidas pela categoria.<\/p>\n\n\n\n<p class=\"wp-block-paragraph\">Desta forma, o <em>Top Gun<\/em> cai para a 14\u00aa coloca\u00e7\u00e3o com o acr\u00e9scimo de 16s ao seu tempo de corrida. Enquanto isso, <strong>Francesco Bagnaia<\/strong> sobe para segundo e <strong>Franco Morbidelli<\/strong> completa, assim, o p\u00f3dio da corrida em<strong> Lusail<\/strong>.<\/p>\n\n\n\n<p class=\"wp-block-paragraph\">Vi\u00f1ales poder\u00e1 recorrer da decis\u00e3o. Ele havia sido um dos grandes destaques da corrida. Com ritmo forte desde o in\u00edcio, o piloto da <strong>Tech3<\/strong> fez diversas ultrapassagens, <a href=\"https:\/\/www.grandepremio.com\/br\/motogp\/noticias\/marc-marquez-controla-desgaste-pneus-vence-agitado-gp-catar\/\">chegando a liderar algumas voltas antes de ser ultrapassado pelo vencedor <strong>Marc M\u00e1rquez<\/strong><\/a>.<\/p>\n\n\n\n\n\n\n\n<p class=\"wp-block-paragraph\">N\u00e3o pode dar mole que Marc M\u00e1rquez d\u00e1 o bote. Foi o que fez Vi\u00f1ales no Catar (V\u00eddeo: MotoGP)<\/p>\n\n\n\n<p class=\"wp-block-paragraph\">Maverick tinha chegado ao top-10 da classifica\u00e7\u00e3o da MotoGP com a atua\u00e7\u00e3o na pista catari. Por\u00e9m, com a puni\u00e7\u00e3o, volta a figurar na 18\u00aa posi\u00e7\u00e3o com apenas oito pontos.<\/p>\n\n\n\n<figure class=\"wp-block-image size-large\"><img decoding=\"async\" src=\"https:\/\/www.grandepremio.com\/br\/wp-content\/uploads\/2025\/04\/Gob1m8SW4AAXEM0-1200x800.jpeg\" alt=\"\" class=\"wp-image-954435\"\/><figcaption class=\"wp-element-caption\">Vi\u00f1ales havia chegado na segunda posi\u00e7\u00e3o no Catar (Foto: Michelin)<\/figcaption><\/figure>\n\n\n\n<p class=\"wp-block-paragraph\">A&nbsp;<strong><a href=\"https:\/\/grandepremio.com\/motovelocidade\/\" target=\"_blank\" rel=\"noreferrer noopener\">MotoGP<\/a><\/strong>&nbsp;volta a acelerar entre 25 e 27 de abril, com o&nbsp;<strong>GP da&nbsp;<a href=\"https:\/\/es.grandepremio.com\/\" target=\"_blank\" rel=\"noreferrer noopener\">Espanha<\/a><\/strong>, em&nbsp;<strong>Jerez<\/strong>, para a quinta etapa da temporada 2025. O&nbsp;<strong>GRANDE PR\u00caMIO&nbsp;<\/strong>faz a cobertura completa do evento, assim como das outras classes do Mundial de&nbsp;<a href=\"https:\/\/www.grandepremio.com\/motovelocidade\/\">Motovelocidade&nbsp;<\/a>durante todo o ano.<\/p>\n\n\n\n<p class=\"wp-block-paragraph\"><strong>\u25b6\ufe0f&nbsp;Inscreva-se nos dois canais do GRANDE PR\u00caMIO no YouTube:&nbsp;<a href=\"https:\/\/www.youtube.com\/channel\/UC9OlHEgxoaY6QY6nWPoiqQg?sub_confirmation=1\" target=\"_blank\" rel=\"noreferrer noopener\">GP<\/a>&nbsp;|&nbsp;<a href=\"https:\/\/www.youtube.com\/channel\/UC9csiS6q_C3C0FYhyr1rnFA?sub_confirmation=1\" target=\"_blank\" rel=\"noreferrer noopener\">GP2<\/a><\/strong><\/p>\n\n\n\n<p class=\"wp-block-paragraph\"><em><strong>MotoGP 2025, GP do Catar, Lusail, Resultado Final (com puni\u00e7\u00e3o a Vi\u00f1ales):<\/strong><\/em><\/p>\n\n\n\n<figure class=\"wp-block-table\"><table class=\"has-fixed-layout\"><tbody><tr><td>POS<\/td><td>Piloto<\/td><td>Equipe<\/td><td>Diff<\/td><td><\/td><\/tr><tr><td>1<\/td><td>M M\u00c1RQUEZ<\/td><td>Ducati<\/td><td>22 voltas<\/td><td>&nbsp;<\/td><\/tr><tr><td>2<\/td><td>F BAGNAIA<\/td><td>Ducati<\/td><td>+ 4.535<\/td><td>&nbsp;<\/td><\/tr><tr><td>3<\/td><td>F MORBIDELLI<\/td><td>VR46 Ducati<\/td><td>+ 6.495<\/td><td>&nbsp;<\/td><\/tr><tr><td>4<\/td><td>J ZARCO<\/td><td>LCR Honda<\/td><td>+ 6.668<\/td><td>&nbsp;<\/td><\/tr><tr><td>5<\/td><td>F ALDEGUER<\/td><td>Gresini Ducati<\/td><td>+ 7.484<\/td><td>&nbsp;<\/td><\/tr><tr><td>6<\/td><td>A M\u00c1RQUEZ<\/td><td>Gresini Ducati<\/td><td>+ 9.764<\/td><td>&nbsp;<\/td><\/tr><tr><td>7<\/td><td>F QUARTARARO<\/td><td>Yamaha<\/td><td>+ 12.895<\/td><td>&nbsp;<\/td><\/tr><tr><td>8<\/td><td>P ACOSTA<\/td><td>KTM<\/td><td>+ 14.219<\/td><td>&nbsp;<\/td><\/tr><tr><td>9<\/td><td>M BEZZECCHI<\/td><td>Aprilia<\/td><td>+ 14.368<\/td><td>&nbsp;<\/td><\/tr><tr><td>10<\/td><td>L MARINI<\/td><td>Honda<\/td><td>+ 15.137<\/td><td>&nbsp;<\/td><\/tr><tr><td>11<\/td><td>E BASTIANINI<\/td><td>Tech3 KTM<\/td><td>+ 17.459<\/td><td>&nbsp;<\/td><\/tr><tr><td>12<\/td><td>A RINS<\/td><td>Yamaha<\/td><td>+ 17.563<\/td><td>&nbsp;<\/td><\/tr><tr><td>13<\/td><td>B BINDER<\/td><td>KTM<\/td><td>+ 17.632<\/td><td>&nbsp;<\/td><\/tr><tr><td>14<\/td><td>M VI\u00d1ALES<\/td><td>Tech3 KTM<\/td><td>+ 17.800<\/td><td>+ 16s<\/td><\/tr><tr><td>15<\/td><td>A OGURA<\/td><td>Trackhouse Aprilia<\/td><td>+ 18.758<\/td><td><\/td><\/tr><tr><td>16<\/td><td>F DI GIANNANTONIO<\/td><td>VR46 Ducati<\/td><td>+ 26.340<\/td><td><\/td><\/tr><tr><td>17<\/td><td>R FERN\u00c1NDEZ<\/td><td>Trackhouse Aprilia<\/td><td>+ 26.925<\/td><td><\/td><\/tr><tr><td>18<\/td><td>S CHANTRA<\/td><td>LCR Honda<\/td><td>+ 38.186<\/td><td><\/td><\/tr><tr><td>19<\/td><td>J MART\u00cdN<\/td><td>Aprilia<\/td><td>Abandonou<\/td><td><\/td><\/tr><tr><td>20<\/td><td>A FERN\u00c1NDEZ<\/td><td>Pramac Yamaha<\/td><td>Abandonou<\/td><td><\/td><\/tr><tr><td>21<\/td><td>J M\u00cdR<\/td><td>Honda<\/td><td>Abandonou<\/td><td><\/td><\/tr><tr><td>22<\/td><td>J MILLER<\/td><td>Pramac Yamaha<\/td><td>Abandonou<\/td><td><\/td><\/tr><\/tbody><\/table><\/figure>\n\n\n\n<figure class=\"wp-block-embed is-type-video is-provider-youtube wp-block-embed-youtube wp-embed-aspect-16-9 wp-has-aspect-ratio\"><div class=\"wp-block-embed__wrapper\">\n<iframe loading=\"lazy\" title=\"MART\u00cdN VOLTA \u00c0 MOTOGP: O QUE ESPERAR?\" width=\"500\" height=\"281\" src=\"https:\/\/www.youtube.com\/embed\/eK5HsNeEtP4?feature=oembed\" frameborder=\"0\" allow=\"accelerometer; autoplay; clipboard-write; encrypted-media; gyroscope; picture-in-picture; web-share\" referrerpolicy=\"strict-origin-when-cross-origin\" allowfullscreen><\/iframe>\n<\/div><\/figure>\n","protected":false},"excerpt":{"rendered":"<p>Maverick Vi\u00f1ales levou 16s de puni\u00e7\u00e3o ap\u00f3s a prova no Catar por que press\u00e3o do pneu dianteiro n\u00e3o estava dentro das normas, caindo de 2\u00ba para 14\u00ba. Franco Morbidelli, assim, completa o top-3 em Lusail<\/p>\n","protected":false},"author":0,"featured_media":1000954420,"comment_status":"closed","ping_status":"closed","sticky":false,"template":"","format":"standard","meta":{"42wp_featured_image_caption":"","42wp_featured_image_credits":"","42wp_featured_video":"","42wp_featured_image_hidden":false,"42wp_authors_list":[],"footnotes":""},"categories":[8],"tags":[24853,5214,140,600,1491,28285,5455,43265,1300,5689,78,39739,847,34187,42870,41828],"42wp_author":[47128],"class_list":["post-24145","post","type-post","status-publish","format-standard","has-post-thumbnail","hentry","category-motogp","tag-calendario-motogp","tag-classificacao-motogp","tag-franco-morbidelli","tag-gp-do-catar","tag-grande-premio","tag-grandepremio","tag-horarios-motogp","tag-lusail-2025","tag-marc-marquez","tag-maverick-vinales","tag-motogp","tag-motogp-2025","tag-mundial-de-motovelocidade","tag-onde-assistir-motogp","tag-tech3-ktm","tag-temporada-2025-da-motogp","42wp_author-guilherme-bloisi"],"_links":{"self":[{"href":"https:\/\/grandepremio.com\/br\/wp-json\/wp\/v2\/posts\/24145","targetHints":{"allow":["GET"]}}],"collection":[{"href":"https:\/\/grandepremio.com\/br\/wp-json\/wp\/v2\/posts"}],"about":[{"href":"https:\/\/grandepremio.com\/br\/wp-json\/wp\/v2\/types\/post"}],"replies":[{"embeddable":true,"href":"https:\/\/grandepremio.com\/br\/wp-json\/wp\/v2\/comments?post=24145"}],"version-history":[{"count":0,"href":"https:\/\/grandepremio.com\/br\/wp-json\/wp\/v2\/posts\/24145\/revisions"}],"wp:featuredmedia":[{"embeddable":true,"href":"https:\/\/grandepremio.com\/br\/wp-json\/wp\/v2\/media\/1000954420"}],"wp:attachment":[{"href":"https:\/\/grandepremio.com\/br\/wp-json\/wp\/v2\/media?parent=24145"}],"wp:term":[{"taxonomy":"category","embeddable":true,"href":"https:\/\/grandepremio.com\/br\/wp-json\/wp\/v2\/categories?post=24145"},{"taxonomy":"post_tag","embeddable":true,"href":"https:\/\/grandepremio.com\/br\/wp-json\/wp\/v2\/tags?post=24145"},{"taxonomy":"42wp_author","embeddable":true,"href":"https:\/\/grandepremio.com\/br\/wp-json\/wp\/v2\/42wp_author?post=24145"}],"curies":[{"name":"wp","href":"https:\/\/api.w.org\/{rel}","templated":true}]}}