{"id":24191,"date":"2025-04-12T18:58:34","date_gmt":"2025-04-12T21:58:34","guid":{"rendered":"https:\/\/grandepremio.com\/br\/noticias\/fernando-alonso-diz-maximizou-classificacao-preve-corrida-dificil-bahrein\/"},"modified":"2025-04-12T19:02:12","modified_gmt":"2025-04-12T22:02:12","slug":"fernando-alonso-diz-maximizou-classificacao-preve-corrida-dificil-bahrein","status":"publish","type":"post","link":"https:\/\/grandepremio.com\/br\/f1\/fernando-alonso-diz-maximizou-classificacao-preve-corrida-dificil-bahrein\/","title":{"rendered":"Alonso diz que &#8220;maximizou classifica\u00e7\u00e3o&#8221; e prev\u00ea &#8220;corrida dif\u00edcil&#8221; no Bahrein"},"content":{"rendered":"\n<p class=\"wp-block-paragraph\">De acordo com <strong>Fernando Alonso<\/strong>, o 13\u00ba lugar conquistado <a href=\"https:\/\/www.grandepremio.com\/br\/f1\/noticias\/oscar-piastri-atesta-soberania-mclaren-crava-pole-gp-bahrein-gabriel-bortoleto-18o\/\">na classifica\u00e7\u00e3o deste s\u00e1bado (12)<\/a> no<strong> Bahrein<\/strong> \u00e9 o m\u00e1ximo que a <strong>Aston Martin<\/strong> poderia conseguir. Ao falar sobre a falta de ritmo que a equipe de Silverstone vem enfrentando ao longo de todo o fim de semana, o espanhol deixou claro que espera uma &#8220;corrida dif\u00edcil&#8221; no circuito de <strong>Sakhir<\/strong>.<\/p>\n\n\n\n<p class=\"wp-block-paragraph\">O tempo de 1min31s634 foi o suficiente para fazer o <strong>#14<\/strong> superar o Q1 e avan\u00e7ar para a pr\u00f3xima fase, embora <strong>Lance Stroll<\/strong>, companheiro de time, n\u00e3o tenha sido capaz de alcan\u00e7ar o mesmo. No Q2, o bicampe\u00e3o completou uma volta pior do que a anterior e ficou pelo caminho, ainda que, de acordo com ele, tenha extra\u00eddo todo o potencial do <strong>AMR25<\/strong>.<\/p>\n\n\n\n<p class=\"wp-block-paragraph\">&#8220;Maximizamos nossa classifica\u00e7\u00e3o hoje com um 13\u00ba lugar no grid para a corrida de amanh\u00e3. Usamos tr\u00eas jogos de pneus macios no Q1 e conseguimos passar. Depois disso, ficamos bem limitados nas op\u00e7\u00f5es para o Q2, e n\u00e3o t\u00ednhamos mais nenhum jogo novo de pneus macios dispon\u00edvel&#8221;, explicou Alonso.<\/p>\n\n\n\n<p class=\"wp-block-paragraph\"><strong>\u25b6\ufe0f<\/strong> <strong>LEIA TAMB\u00c9M:\u00a0<a href=\"https:\/\/www.grandepremio.com\/br\/f1\/noticias\/grande-premio-transmite-classificacao-corrida-f1-bahrein-segunda-tela\/\">GRANDE PR\u00caMIO transmite classifica\u00e7\u00e3o e corrida da F1 no Bahrein em segunda tela<\/a><\/strong><br>\u25b6\ufe0f <strong>Inscreva-se nos dois canais do GRANDE PR\u00caMIO no YouTube:\u00a0<a href=\"https:\/\/www.youtube.com\/channel\/UC9OlHEgxoaY6QY6nWPoiqQg?sub_confirmation=1\" target=\"_blank\" rel=\"noreferrer noopener\">GP<\/a>\u00a0|\u00a0<a href=\"https:\/\/www.youtube.com\/channel\/UC9csiS6q_C3C0FYhyr1rnFA?sub_confirmation=1\" target=\"_blank\" rel=\"noreferrer noopener\">GP2<\/a><\/strong><\/p>\n\n\n\n<figure class=\"wp-block-image size-large\"><img decoding=\"async\" src=\"https:\/\/www.grandepremio.com\/br\/wp-content\/uploads\/2025\/04\/bahrein-2025-f1-treinos-livres-aston-martin-fernando-alonso-afp-02-1200x800.jpg\" alt=\"\" class=\"wp-image-953363\"\/><figcaption class=\"wp-element-caption\">Fernando Alonso n\u00e3o conseguiu ir al\u00e9m do 13\u00ba lugar na classifica\u00e7\u00e3o do GP do Bahrein (Foto: AFP)<\/figcaption><\/figure>\n\n\n\n<p class=\"wp-block-paragraph\">&#8220;N\u00e3o tivemos ritmo durante todo o fim de semana, ent\u00e3o acho que pode ser uma corrida dif\u00edcil para n\u00f3s amanh\u00e3. Vamos continuar lutando e, com sorte, estaremos perto da zona de pontos&#8221;, concluiu.<\/p>\n\n\n\n<p class=\"wp-block-paragraph\">A\u00a0<strong><a href=\"https:\/\/www.grandepremio.com\/br\/f1\/\" target=\"_blank\" rel=\"noreferrer noopener\"><\/a><a href=\"https:\/\/www.grandepremio.com\/br\/f1\/\" target=\"_blank\" rel=\"noreferrer noopener\">F\u00f3rmula 1<\/a><\/strong>\u00a0realiza o\u00a0<strong>GP do Bahrein<\/strong>, em\u00a0<strong>Sakhir<\/strong>, entre os dias 11 e 13 de abril, quarta etapa da <strong>temporada 2025<\/strong>. O\u00a0<strong>GRANDE PR\u00caMIO<\/strong>\u00a0acompanha todas as atividades\u00a0<strong><a href=\"https:\/\/www.grandepremio.com\/br\/f1\/ao-vivo\" target=\"_blank\" rel=\"noreferrer noopener\">AO VIVO E EM\u00a0<\/a><a href=\"https:\/\/www.grandepremio.com\/br\/ao-vivo\/\" target=\"_blank\" rel=\"noreferrer noopener\">TEMPO REAL<\/a><\/strong>, al\u00e9m de classifica\u00e7\u00e3o e corrida em\u00a0<strong><a href=\"https:\/\/www.youtube.com\/@GrandePremio1\/streams\" target=\"_blank\" rel=\"noreferrer noopener\">SEGUNDA TELA no YouTube<\/a><\/strong>, em parceria com a Voz do Esporte. No\u00a0<strong>domingo\u00a0<\/strong>(13), os pilotos disputam o GP do Bahrein ao\u00a0<strong>meio-dia<\/strong>\u00a0(de Bras\u00edlia, GMT-3). O\u00a0<strong>Briefing\u00a0<\/strong>chega para comentar na GPTV ap\u00f3s o fim de cada dia de atividades.<\/p>\n\n\n\n<figure class=\"wp-block-embed is-type-video is-provider-youtube wp-block-embed-youtube wp-embed-aspect-16-9 wp-has-aspect-ratio\"><div class=\"wp-block-embed__wrapper\">\n<iframe loading=\"lazy\" title=\"PIASTRI POLE, NORRIS FRACASSA, BORTOLETO EM 18\u00ba: A CLASSIFICA\u00c7\u00c3O DA F1 NO BAHREIN | BRIEFING\" width=\"500\" height=\"281\" src=\"https:\/\/www.youtube.com\/embed\/Zt2AbHIM5_8?feature=oembed\" frameborder=\"0\" allow=\"accelerometer; autoplay; clipboard-write; encrypted-media; gyroscope; picture-in-picture; web-share\" referrerpolicy=\"strict-origin-when-cross-origin\" allowfullscreen><\/iframe>\n<\/div><\/figure>\n","protected":false},"excerpt":{"rendered":"<p>13\u00ba colocado no grid de largada no circuito de Sakhir, Fernando Alonso lamentou a falta de ritmo da Aston Martin ao longo de todo o fim de semana<\/p>\n","protected":false},"author":0,"featured_media":1000952765,"comment_status":"closed","ping_status":"closed","sticky":false,"template":"","format":"standard","meta":{"42wp_featured_image_caption":"","42wp_featured_image_credits":"","42wp_featured_video":"","42wp_featured_image_hidden":false,"42wp_authors_list":[],"footnotes":""},"categories":[2],"tags":[309,1667,26271,5273,147,3630,176,180,3628,1754,43193,1491,28285,30840,35129,1756,43192,38575,42001],"42wp_author":[47160],"class_list":["post-24191","post","type-post","status-publish","format-standard","has-post-thumbnail","hentry","category-f1","tag-aston-martin","tag-bahrein","tag-calendario-f1","tag-classificacao-f1","tag-f1","tag-f1-2025","tag-fernando-alonso","tag-formula-1","tag-formula-1-2025","tag-gp-do-bahrein","tag-gp-do-bahrein-f1","tag-grande-premio","tag-grandepremio","tag-horarios-f1","tag-onde-assistir-f1","tag-sakhir","tag-sakhir-2025","tag-sakhir-f1","tag-temporada-2025-f1","42wp_author-vicente-soella"],"_links":{"self":[{"href":"https:\/\/grandepremio.com\/br\/wp-json\/wp\/v2\/posts\/24191","targetHints":{"allow":["GET"]}}],"collection":[{"href":"https:\/\/grandepremio.com\/br\/wp-json\/wp\/v2\/posts"}],"about":[{"href":"https:\/\/grandepremio.com\/br\/wp-json\/wp\/v2\/types\/post"}],"replies":[{"embeddable":true,"href":"https:\/\/grandepremio.com\/br\/wp-json\/wp\/v2\/comments?post=24191"}],"version-history":[{"count":0,"href":"https:\/\/grandepremio.com\/br\/wp-json\/wp\/v2\/posts\/24191\/revisions"}],"wp:featuredmedia":[{"embeddable":true,"href":"https:\/\/grandepremio.com\/br\/wp-json\/wp\/v2\/media\/1000952765"}],"wp:attachment":[{"href":"https:\/\/grandepremio.com\/br\/wp-json\/wp\/v2\/media?parent=24191"}],"wp:term":[{"taxonomy":"category","embeddable":true,"href":"https:\/\/grandepremio.com\/br\/wp-json\/wp\/v2\/categories?post=24191"},{"taxonomy":"post_tag","embeddable":true,"href":"https:\/\/grandepremio.com\/br\/wp-json\/wp\/v2\/tags?post=24191"},{"taxonomy":"42wp_author","embeddable":true,"href":"https:\/\/grandepremio.com\/br\/wp-json\/wp\/v2\/42wp_author?post=24191"}],"curies":[{"name":"wp","href":"https:\/\/api.w.org\/{rel}","templated":true}]}}