{"id":24200,"date":"2025-04-12T17:34:39","date_gmt":"2025-04-12T20:34:39","guid":{"rendered":"https:\/\/grandepremio.com\/br\/noticias\/lucas-di-grassi-vibra-podio-muito-especial-miami-apos-hiato-2-anos-formula-e\/"},"modified":"2025-04-12T18:24:08","modified_gmt":"2025-04-12T21:24:08","slug":"lucas-di-grassi-vibra-podio-muito-especial-miami-apos-hiato-2-anos-formula-e","status":"publish","type":"post","link":"https:\/\/grandepremio.com\/br\/formula-e\/lucas-di-grassi-vibra-podio-muito-especial-miami-apos-hiato-2-anos-formula-e\/","title":{"rendered":"Di Grassi vibra com &#8220;p\u00f3dio muito especial&#8221; em Miami ap\u00f3s hiato de 2 anos na F\u00f3rmula E"},"content":{"rendered":"\n<p class=\"wp-block-paragraph\"><strong>Lucas Di Grassi <\/strong>tinha o claro objetivo de finalizar o <strong>eP de Miami<\/strong> da <strong>F\u00f3rmula E 2024\/25<\/strong> dentro da zona de pontos com a <strong>Lola Yamaha<\/strong>, mas conseguiu algo muito maior. Beneficiado pelas puni\u00e7\u00f5es aplicadas aos pilotos que terminaram a prova com o <strong>Modo Ataque <\/strong>acionado, o brasileiro fez uma corrida muito forte e concluiu a etapa de <strong>Homestead<\/strong> em segundo lugar. Com o resultado, Di Grassi <a href=\"https:\/\/www.grandepremio.com\/br\/formula-e\/noticias\/pascal-wehrlein-celebra-vitoria-admite-sorte-ep-miami-ja-tivemos-azar-o-suficiente\/\">voltou ao p\u00f3dio da categoria depois de dois anos<\/a>.<\/p>\n\n\n\n<p class=\"wp-block-paragraph\">O piloto do <strong>#11<\/strong> foi bem na classifica\u00e7\u00e3o e largou em s\u00e9timo. Durante a corrida, adotou uma boa estrat\u00e9gia para poupar bateria e pneus e, no fim, acertou nos acionamentos do Modo Ataque para permanecer entre os ponteiros do pelot\u00e3o. <\/p>\n\n\n\n<p class=\"wp-block-paragraph\">Com bandeira vermelha e safety-car, Di Grassi conseguiu permanecer entre os cinco e subiu para segundo ap\u00f3s as puni\u00e7\u00f5es aplicadas pela dire\u00e7\u00e3o de prova.<\/p>\n\n\n\n<p class=\"wp-block-paragraph\">&#8220;Esse p\u00f3dio \u00e9 muito especial porque depois de dois anos sem subir no p\u00f3dio, pessoalmente \u00e9 muito importante. Mas, mais importante do que isso \u00e9 o reconhecimento para a equipe&#8221;, afirmou Di Grassi.<\/p>\n\n\n\n<figure class=\"wp-block-image size-large\"><img decoding=\"async\" src=\"https:\/\/www.grandepremio.com\/br\/wp-content\/uploads\/2025\/04\/di-grassi-miami4-1200x800.jpg\" alt=\"\" class=\"wp-image-953712\"\/><figcaption class=\"wp-element-caption\">Lucas Di Grassi (Foto: Lola Yamaha)<\/figcaption><\/figure>\n\n\n\n<p class=\"wp-block-paragraph\">&#8220;O pessoal trabalhou muito para pesado no intervalo que tivemos para melhorar o carro, \u00e9 a quinta corrida da equipe e a gente j\u00e1 conseguiu um p\u00f3dio. Isso nos motiva muito para continuar trabalhando, buscar mais patroc\u00ednios, ent\u00e3o acho que o timing n\u00e3o podia ser melhor&#8221;, elogiou.<\/p>\n\n\n\n<p class=\"wp-block-paragraph\">&#8220;\u00c9 uma pena que sou o \u00fanico representante brasileiro na categoria. Precisamos ter mais brasileiros, mas sem d\u00favida poder representar o Brasil no p\u00f3dio \u00e9 muito especial&#8221;, finalizou Di Grassi.<\/p>\n\n\n\n<p class=\"wp-block-paragraph\">A&nbsp;<strong><a href=\"https:\/\/www.grandepremio.com\/br\/formula-e\/\" target=\"_blank\" rel=\"noreferrer noopener\">F\u00f3rmula E<\/a><\/strong>&nbsp;volta a acelerar entre os dias 3 e 4 de maio com a rodada dupla do&nbsp;<strong>eP de&nbsp;<a href=\"https:\/\/www.grandepremio.com\/br\/circuito\/monaco\/\" target=\"_blank\" rel=\"noreferrer noopener\">M\u00f4naco<\/a><\/strong>. O&nbsp;<strong>GRANDE PR\u00caMIO<\/strong>&nbsp;faz cobertura completa do evento e transmite todas as atividades&nbsp;<strong>AO VIVO<\/strong>&nbsp;e&nbsp;<strong>COM IMAGENS<\/strong>&nbsp;pelo&nbsp;<strong>YouTube<\/strong>.<\/p>\n\n\n\n<p class=\"wp-block-paragraph\"><strong>\u25b6\ufe0f Inscreva-se nos dois canais do GRANDE PR\u00caMIO no YouTube:&nbsp;<a href=\"https:\/\/www.youtube.com\/channel\/UC9OlHEgxoaY6QY6nWPoiqQg?sub_confirmation=1\" target=\"_blank\" rel=\"noreferrer noopener\">GP<\/a>&nbsp;|&nbsp;<a href=\"https:\/\/www.youtube.com\/channel\/UC9csiS6q_C3C0FYhyr1rnFA?sub_confirmation=1\" target=\"_blank\" rel=\"noreferrer noopener\">GP2<\/a><\/strong><\/p>\n\n\n\n<figure class=\"wp-block-embed is-type-video is-provider-youtube wp-block-embed-youtube wp-embed-aspect-4-3 wp-has-aspect-ratio\"><div class=\"wp-block-embed__wrapper\">\n<iframe loading=\"lazy\" title=\"F\u00d3RMULA E 2024\/2025 COM IMAGENS | eP DE MIAMI | 5\u00aa ETAPA | CORRIDA\" width=\"500\" height=\"281\" src=\"https:\/\/www.youtube.com\/embed\/fApr6rjmlxk?feature=oembed\" frameborder=\"0\" allow=\"accelerometer; autoplay; clipboard-write; encrypted-media; gyroscope; picture-in-picture; web-share\" referrerpolicy=\"strict-origin-when-cross-origin\" allowfullscreen><\/iframe>\n<\/div><\/figure>\n","protected":false},"excerpt":{"rendered":"<p>Lucas Di Grassi teve um fim de semana muito forte em Miami e garantiu retorno ao p\u00f3dio na F\u00f3rmula E depois de dois anos. Para o brasileiro, a conquista \u00e9 &#8220;pessoalmente muito importante&#8221;<\/p>\n","protected":false},"author":0,"featured_media":1000953711,"comment_status":"closed","ping_status":"closed","sticky":false,"template":"","format":"standard","meta":{"42wp_featured_image_caption":"","42wp_featured_image_credits":"","42wp_featured_video":"","42wp_featured_image_hidden":false,"42wp_authors_list":[],"footnotes":""},"categories":[19],"tags":[28679,6853,24173,840,38802,1491,28285,2229,35442,39730,966,36219,41542],"42wp_author":[47161],"class_list":["post-24200","post","type-post","status-publish","format-standard","has-post-thumbnail","hentry","category-formula-e","tag-calendario-formula-e","tag-classificacao-formula-e","tag-ep-de-miami","tag-formula-e","tag-formula-e-2025","tag-grande-premio","tag-grandepremio","tag-homestead","tag-horarios-formula-e","tag-lola-yamaha","tag-lucas-di-grassi","tag-onde-assistir-formula-e","tag-temporada-2025-da-formula-e","42wp_author-kaio-esteves"],"_links":{"self":[{"href":"https:\/\/grandepremio.com\/br\/wp-json\/wp\/v2\/posts\/24200","targetHints":{"allow":["GET"]}}],"collection":[{"href":"https:\/\/grandepremio.com\/br\/wp-json\/wp\/v2\/posts"}],"about":[{"href":"https:\/\/grandepremio.com\/br\/wp-json\/wp\/v2\/types\/post"}],"replies":[{"embeddable":true,"href":"https:\/\/grandepremio.com\/br\/wp-json\/wp\/v2\/comments?post=24200"}],"version-history":[{"count":0,"href":"https:\/\/grandepremio.com\/br\/wp-json\/wp\/v2\/posts\/24200\/revisions"}],"wp:featuredmedia":[{"embeddable":true,"href":"https:\/\/grandepremio.com\/br\/wp-json\/wp\/v2\/media\/1000953711"}],"wp:attachment":[{"href":"https:\/\/grandepremio.com\/br\/wp-json\/wp\/v2\/media?parent=24200"}],"wp:term":[{"taxonomy":"category","embeddable":true,"href":"https:\/\/grandepremio.com\/br\/wp-json\/wp\/v2\/categories?post=24200"},{"taxonomy":"post_tag","embeddable":true,"href":"https:\/\/grandepremio.com\/br\/wp-json\/wp\/v2\/tags?post=24200"},{"taxonomy":"42wp_author","embeddable":true,"href":"https:\/\/grandepremio.com\/br\/wp-json\/wp\/v2\/42wp_author?post=24200"}],"curies":[{"name":"wp","href":"https:\/\/api.w.org\/{rel}","templated":true}]}}