{"id":24216,"date":"2025-04-12T15:18:18","date_gmt":"2025-04-12T18:18:18","guid":{"rendered":"https:\/\/grandepremio.com\/br\/noticias\/oscar-piastri-comemora-pole-bahrein-admite-rivais-mais-proximos-do-que-gostaria\/"},"modified":"2025-04-12T16:23:25","modified_gmt":"2025-04-12T19:23:25","slug":"oscar-piastri-comemora-pole-bahrein-admite-rivais-mais-proximos-do-que-gostaria","status":"publish","type":"post","link":"https:\/\/grandepremio.com\/br\/f1\/oscar-piastri-comemora-pole-bahrein-admite-rivais-mais-proximos-do-que-gostaria\/","title":{"rendered":"Piastri comemora pole no Bahrein, mas admite rivais &#8220;mais pr\u00f3ximos do que gostaria&#8221;"},"content":{"rendered":"\n<p class=\"wp-block-paragraph\"><strong>Oscar Piastri<\/strong> confirmou o favoritismo e <a href=\"https:\/\/www.grandepremio.com\/br\/f1\/noticias\/oscar-piastri-atesta-soberania-mclaren-crava-pole-gp-bahrein-gabriel-bortoleto-18o\/\">conquistou a pole-position do <strong>GP do Bahrein<\/strong><\/a>. O piloto da <strong>McLaren<\/strong> comemorou o resultado, mas demonstrou certa insatisfa\u00e7\u00e3o com o equil\u00edbrio visto na ponta do grid. Ap\u00f3s cravar o melhor tempo da sess\u00e3o, reconheceu que os rivais estavam mais pr\u00f3ximos do que gostaria e j\u00e1 projetou uma disputa intensa na corrida.<\/p>\n\n\n\n<p class=\"wp-block-paragraph\">O <strong>australiano<\/strong> registrou <strong>1m29s841<\/strong> na \u00faltima tentativa no Q3 para superar <strong>George Russell<\/strong>, da <strong>Mercedes<\/strong>, por <strong>0s168<\/strong> e garantir a posi\u00e7\u00e3o de honra. <strong>Charles Leclerc<\/strong>, da <strong>Ferrari<\/strong>, larga em terceiro. Logo ap\u00f3s o fim das atividades de pista, em entrevista a <strong>David Coulthard<\/strong>, Piastri celebrou o desempenho, destacando a sensa\u00e7\u00e3o do <strong>MCL39<\/strong>.<\/p>\n\n\n\n<p class=\"wp-block-paragraph\">&#8220;Estive confiante o fim de semana inteiro. O treino livre 1 foi uma experi\u00eancia diferente, porque o carro parecia mais de rali do que de F1, mas depois disso fiquei bastante confort\u00e1vel&#8221;, revelou. &#8220;Tivemos bom ritmo no TL3. Os advers\u00e1rios se aproximaram um pouco mais do que eu queria na classifica\u00e7\u00e3o, mas ainda entreguei a volta que precisava no momento certo e isso \u00e9 o mais importante&#8221;, afirmou.<\/p>\n\n\n\n<p class=\"wp-block-paragraph\">Se a equipe papaia comemorou a pole de Piastri, o mesmo n\u00e3o pode ser dito da outra metade da garagem. <strong>Lando Norris<\/strong> cometeu um erro na \u00faltima volta e ficou apenas com o <strong>sexto lugar<\/strong>. Questionado se esperava uma corrida mais tranquila sem o companheiro largando ao lado, o <strong>#81<\/strong> manteve os p\u00e9s no ch\u00e3o.<\/p>\n\n\n\n<figure class=\"wp-block-image size-large\"><img decoding=\"async\" src=\"https:\/\/www.grandepremio.com\/br\/wp-content\/uploads\/2025\/04\/bahrein-2025-f1-classificacao-mclaren-oscar-piastri-afp-6-1200x800.jpg\" alt=\"\" class=\"wp-image-953758\"\/><figcaption class=\"wp-element-caption\">Oscar Piastri cravou 1m29s841 para conquistar a pole-position no Bahrein (Foto: AFP) <\/figcaption><\/figure>\n\n\n\n<p class=\"wp-block-paragraph\">&#8220;Vejamos como vai ser a primeira curva. Como disse, tenho me sentido confort\u00e1vel no carro e n\u00e3o tem lugar melhor para largar que na pole-position. Estou muito feliz e espero o melhor amanh\u00e3&#8221;, concluiu.<\/p>\n\n\n\n<p class=\"wp-block-paragraph\">A&nbsp;<strong><a href=\"https:\/\/www.grandepremio.com\/br\/f1\/\" target=\"_blank\" rel=\"noreferrer noopener\"><\/a><a href=\"https:\/\/www.grandepremio.com\/br\/f1\/\" target=\"_blank\" rel=\"noreferrer noopener\">F\u00f3rmula 1<\/a><\/strong>&nbsp;realiza o&nbsp;<strong>GP do Bahrein<\/strong>, em&nbsp;<strong>Sakhir<\/strong>, entre os dias 11 e 13 de abril, quarta etapa da&nbsp;<strong>temporada 2025<\/strong>. O&nbsp;<strong>GRANDE PR\u00caMIO<\/strong>&nbsp;acompanha todas as atividades&nbsp;<strong><a href=\"https:\/\/www.grandepremio.com\/br\/f1\/ao-vivo\" target=\"_blank\" rel=\"noreferrer noopener\">AO VIVO E EM&nbsp;<\/a><a href=\"https:\/\/www.grandepremio.com\/br\/ao-vivo\/\" target=\"_blank\" rel=\"noreferrer noopener\">TEMPO REAL<\/a><\/strong>, al\u00e9m de classifica\u00e7\u00e3o e corrida em&nbsp;<strong><a href=\"https:\/\/www.youtube.com\/@GrandePremio1\/streams\" target=\"_blank\" rel=\"noreferrer noopener\">SEGUNDA TELA no YouTube<\/a><\/strong>, em parceria com a Voz do Esporte. No&nbsp;<strong>domingo&nbsp;<\/strong>(13), os pilotos disputam o GP do Bahrein ao&nbsp;<strong>meio-dia<\/strong>&nbsp;(de Bras\u00edlia, GMT-3). O&nbsp;<strong>Briefing&nbsp;<\/strong>chega para comentar na GPTV ap\u00f3s o fim de cada dia de atividades.<\/p>\n\n\n\n<p class=\"wp-block-paragraph\"><strong>\u25b6\ufe0f<\/strong>&nbsp;<strong>Inscreva-se nos dois canais do GRANDE PR\u00caMIO no YouTube:&nbsp;<a href=\"https:\/\/www.youtube.com\/channel\/UC9OlHEgxoaY6QY6nWPoiqQg?sub_confirmation=1\" target=\"_blank\" rel=\"noreferrer noopener\">GP<\/a>&nbsp;|&nbsp;<a href=\"https:\/\/www.youtube.com\/channel\/UC9csiS6q_C3C0FYhyr1rnFA?sub_confirmation=1\" target=\"_blank\" rel=\"noreferrer noopener\">GP2<\/a><\/strong><\/p>\n\n\n\n<figure class=\"wp-block-embed is-type-video is-provider-youtube wp-block-embed-youtube wp-embed-aspect-16-9 wp-has-aspect-ratio\"><div class=\"wp-block-embed__wrapper\">\n<iframe loading=\"lazy\" title=\"PIASTRI POLE, NORRIS FRACASSA, BORTOLETO EM 18\u00ba: A CLASSIFICA\u00c7\u00c3O DA F1 NO BAHREIN | BRIEFING\" width=\"500\" height=\"281\" src=\"https:\/\/www.youtube.com\/embed\/Zt2AbHIM5_8?feature=oembed\" frameborder=\"0\" allow=\"accelerometer; autoplay; clipboard-write; encrypted-media; gyroscope; picture-in-picture; web-share\" referrerpolicy=\"strict-origin-when-cross-origin\" allowfullscreen><\/iframe>\n<\/div><\/figure>\n","protected":false},"excerpt":{"rendered":"<p>Oscar Piastri superou George Russell em disputa pela pole-position do GP do Bahrein. O australiano se surpreendeu com proximidade dos rivais e disse que n\u00e3o espera corrida f\u00e1cil, mesmo com Lando Norris na sexta posi\u00e7\u00e3o<\/p>\n","protected":false},"author":0,"featured_media":1000953758,"comment_status":"closed","ping_status":"closed","sticky":false,"template":"","format":"standard","meta":{"42wp_featured_image_caption":"","42wp_featured_image_credits":"","42wp_featured_video":"","42wp_featured_image_hidden":false,"42wp_authors_list":[],"footnotes":""},"categories":[2],"tags":[1667,26271,5273,147,3630,180,3628,1754,43193,1491,28285,30840,90,35129,2916,1756,43192,38575,42001],"42wp_author":[47164],"class_list":["post-24216","post","type-post","status-publish","format-standard","has-post-thumbnail","hentry","category-f1","tag-bahrein","tag-calendario-f1","tag-classificacao-f1","tag-f1","tag-f1-2025","tag-formula-1","tag-formula-1-2025","tag-gp-do-bahrein","tag-gp-do-bahrein-f1","tag-grande-premio","tag-grandepremio","tag-horarios-f1","tag-mclaren","tag-onde-assistir-f1","tag-oscar-piastri","tag-sakhir","tag-sakhir-2025","tag-sakhir-f1","tag-temporada-2025-f1","42wp_author-marcos-gil-ribeiro"],"_links":{"self":[{"href":"https:\/\/grandepremio.com\/br\/wp-json\/wp\/v2\/posts\/24216","targetHints":{"allow":["GET"]}}],"collection":[{"href":"https:\/\/grandepremio.com\/br\/wp-json\/wp\/v2\/posts"}],"about":[{"href":"https:\/\/grandepremio.com\/br\/wp-json\/wp\/v2\/types\/post"}],"replies":[{"embeddable":true,"href":"https:\/\/grandepremio.com\/br\/wp-json\/wp\/v2\/comments?post=24216"}],"version-history":[{"count":0,"href":"https:\/\/grandepremio.com\/br\/wp-json\/wp\/v2\/posts\/24216\/revisions"}],"wp:featuredmedia":[{"embeddable":true,"href":"https:\/\/grandepremio.com\/br\/wp-json\/wp\/v2\/media\/1000953758"}],"wp:attachment":[{"href":"https:\/\/grandepremio.com\/br\/wp-json\/wp\/v2\/media?parent=24216"}],"wp:term":[{"taxonomy":"category","embeddable":true,"href":"https:\/\/grandepremio.com\/br\/wp-json\/wp\/v2\/categories?post=24216"},{"taxonomy":"post_tag","embeddable":true,"href":"https:\/\/grandepremio.com\/br\/wp-json\/wp\/v2\/tags?post=24216"},{"taxonomy":"42wp_author","embeddable":true,"href":"https:\/\/grandepremio.com\/br\/wp-json\/wp\/v2\/42wp_author?post=24216"}],"curies":[{"name":"wp","href":"https:\/\/api.w.org\/{rel}","templated":true}]}}