{"id":24278,"date":"2025-04-11T14:34:43","date_gmt":"2025-04-11T17:34:43","guid":{"rendered":"https:\/\/grandepremio.com\/br\/noticias\/chefe-sauber-se-diz-revigorado-pede-equipe-confortavel-desconforto-f1\/"},"modified":"2025-04-11T15:55:25","modified_gmt":"2025-04-11T18:55:25","slug":"chefe-sauber-se-diz-revigorado-pede-equipe-confortavel-desconforto-f1","status":"publish","type":"post","link":"https:\/\/grandepremio.com\/br\/f1\/chefe-sauber-se-diz-revigorado-pede-equipe-confortavel-desconforto-f1\/","title":{"rendered":"Chefe da Sauber se diz &#8220;revigorado&#8221; e pede equipe &#8220;confort\u00e1vel com desconforto&#8221; na F1"},"content":{"rendered":"\n<p class=\"wp-block-paragraph\"><strong>Jonathan Wheatley<\/strong> assumiu recentemente o cargo de chefe da <strong>Sauber<\/strong> depois de anos atuando em diversas fun\u00e7\u00f5es de lideran\u00e7a na era vitoriosa da <strong>Red Bull<\/strong>. O brit\u00e2nico, agora, \u00e9 um dos respons\u00e1veis, junto de <strong>Mattia Binotto<\/strong>, pela transi\u00e7\u00e3o da equipe su\u00ed\u00e7a para o projeto da <strong>Audi<\/strong> na <strong>F\u00f3rmula 1<\/strong>, a partir do ano que vem, e afirmou estar empolgado com o novo desafio.<\/p>\n\n\n\n<p class=\"wp-block-paragraph\">&#8220;\u00c9 emocionante. Estou revigorado. H\u00e1 uma boa energia na empresa nesta transi\u00e7\u00e3o da Sauber para o projeto da Audi na F1. Sinto que estou absolutamente no lugar certo, para ser sincero&#8221;, afirmou o dirigente, durante a primeira entrevista como chefe da equipe, no <strong>Bahrein<\/strong>. <\/p>\n\n\n\n<p class=\"wp-block-paragraph\">&#8220;Minha fam\u00edlia e eu nos mudamos para a <strong>Su\u00ed\u00e7a<\/strong>.\u00a0\u00c9 um pa\u00eds incr\u00edvel, pelo qual j\u00e1 passei, mas nunca fiquei. Estamos fazendo dele um lar para n\u00f3s, e me sinto muito, muito em casa na Sauber&#8221;, completou.<\/p>\n\n\n\n<p class=\"wp-block-paragraph\">Wheatley aproveitou para enfatizar o clima dentro do time de <strong>Hinwil<\/strong> durante a mudan\u00e7a para Audi. Segundo ele, todos est\u00e3o empolgados com o futuro da Sauber.<\/p>\n\n\n\n<p class=\"wp-block-paragraph\">&#8220;H\u00e1 um entusiasmo com o projeto avan\u00e7ando. L\u00e1, as pessoas te olham nos olhos.\u00a0Parece um \u00f3timo momento para estar l\u00e1. Neste primeiro momento, estou apenas absorvendo o m\u00e1ximo de informa\u00e7\u00f5es poss\u00edvel. Tenho um plano e preciso continuar fiel a ele.\u00a0Mas, em geral, como disse aqui hoje, estou empolgado pela energia e entusiasmo na organiza\u00e7\u00e3o&#8221;, falou.<\/p>\n\n\n\n<figure class=\"wp-block-image size-large\"><img decoding=\"async\" src=\"https:\/\/www.grandepremio.com\/br\/wp-content\/uploads\/2025\/04\/2025-Bahrain-Grand-Prix-Friday-1200x800.jpg\" alt=\"\" class=\"wp-image-952962\"\/><figcaption class=\"wp-element-caption\">Jonathan Wheatley (Foto: Sauber)<\/figcaption><\/figure>\n\n\n\n<p class=\"wp-block-paragraph\">O brit\u00e2nico deu detalhes de como v\u00ea a equipe atualmente e afirmou que todo o time precisa estar &#8220;confort\u00e1vel com o desconforto&#8221;, j\u00e1 que v\u00e1rias mudan\u00e7as acontecer\u00e3o nos pr\u00f3ximos meses em busca do sucesso na F1.<\/p>\n\n\n\n<p class=\"wp-block-paragraph\">\u201cVou liderar a equipe junto com <strong>Mattia Binotto<\/strong> do meu pr\u00f3prio jeito e sempre tive bastante certeza dos meus pr\u00f3prios pensamentos e vis\u00f5es. Tenho um plano para como podemos iniciar essa jornada de transforma\u00e7\u00e3o e manter o ritmo, e continuarei seguindo-o&#8221;.<\/p>\n\n\n\n<p class=\"wp-block-paragraph\">\u201cComo equipe, \u00e9 um time pequeno, que est\u00e1 em fase de transi\u00e7\u00e3o para se tornar uma equipe de f\u00e1brica de F1 completa.\u00a0H\u00e1 uma infinidade de projetos que precisamos acertar e um deles \u00e9 unir as pessoas. Precisamos nos sentir confort\u00e1veis com o desconforto, porque a mudan\u00e7a est\u00e1 chegando e precisamos estar na vanguarda disso. Temos de ter um roteiro claro sobre para onde estamos indo, e acredito que estamos nesse caminho no momento\u201d, finalizou.<\/p>\n\n\n\n<p class=\"wp-block-paragraph\">A\u00a0<strong><a href=\"https:\/\/www.grandepremio.com\/br\/f1\/\" target=\"_blank\" rel=\"noreferrer noopener\"><\/a><a href=\"https:\/\/www.grandepremio.com\/br\/f1\/\" target=\"_blank\" rel=\"noreferrer noopener\">F\u00f3rmula 1<\/a><\/strong>\u00a0realiza o\u00a0<strong>GP do Bahrein<\/strong>, em\u00a0<strong>Sakhir<\/strong>, entre os dias 11 e 13 de abril, quarta etapa da\u00a0<strong>temporada 2025<\/strong>. O\u00a0<strong>GRANDE PR\u00caMIO<\/strong>\u00a0acompanha todas as atividades\u00a0<strong><a href=\"https:\/\/www.grandepremio.com\/br\/f1\/ao-vivo\" target=\"_blank\" rel=\"noreferrer noopener\">AO VIVO E EM\u00a0<\/a><a href=\"https:\/\/www.grandepremio.com\/br\/ao-vivo\/\" target=\"_blank\" rel=\"noreferrer noopener\">TEMPO REAL<\/a><\/strong>, al\u00e9m de classifica\u00e7\u00e3o e corrida em\u00a0<strong><a href=\"https:\/\/www.youtube.com\/@GrandePremio1\/streams\" target=\"_blank\" rel=\"noreferrer noopener\">SEGUNDA TELA no YouTube<\/a><\/strong>, em parceria com a Voz do Esporte. No s\u00e1bado (12), o\u00a0<strong>TL3\u00a0<\/strong>acontece \u00e0s\u00a0<strong>9h30<\/strong>, ao passo que a\u00a0<strong>classifica\u00e7\u00e3o\u00a0<\/strong>ser\u00e1 \u00e0s\u00a0<strong>13h<\/strong>. Por fim, no\u00a0<strong>domingo\u00a0<\/strong>(13), os pilotos disputam o GP do Bahrein ao\u00a0<strong>meio-dia<\/strong>. O\u00a0<strong>Briefing\u00a0<\/strong>chega para comentar na GPTV ap\u00f3s o fim de cada dia de atividades.<\/p>\n\n\n\n<p class=\"wp-block-paragraph\">\u25b6\ufe0f\u00a0<strong>Inscreva-se nos dois canais do GRANDE PR\u00caMIO no YouTube:\u00a0<a href=\"https:\/\/www.youtube.com\/channel\/UC9OlHEgxoaY6QY6nWPoiqQg?sub_confirmation=1\" target=\"_blank\" rel=\"noreferrer noopener\">GP<\/a>\u00a0|\u00a0<a href=\"https:\/\/www.youtube.com\/channel\/UC9csiS6q_C3C0FYhyr1rnFA?sub_confirmation=1\" target=\"_blank\" rel=\"noreferrer noopener\">GP2<\/a><\/strong><\/p>\n\n\n\n<figure class=\"wp-block-embed is-type-video is-provider-youtube wp-block-embed-youtube wp-embed-aspect-16-9 wp-has-aspect-ratio\"><div class=\"wp-block-embed__wrapper\">\n<iframe loading=\"lazy\" title=\"McLAREN PREOCUPA RIVAIS. VERSTAPPEN 7\u00ba, BORTOLETO 13\u00ba: TREINOS LIVRES DA F1 NO BAHREIN | BRIEFING\" width=\"500\" height=\"281\" src=\"https:\/\/www.youtube.com\/embed\/3DJlzfVaaek?feature=oembed\" frameborder=\"0\" allow=\"accelerometer; autoplay; clipboard-write; encrypted-media; gyroscope; picture-in-picture; web-share\" referrerpolicy=\"strict-origin-when-cross-origin\" allowfullscreen><\/iframe>\n<\/div><\/figure>\n","protected":false},"excerpt":{"rendered":"<p>Jonathan Wheatley, novo chefe da Sauber, demonstrou empolga\u00e7\u00e3o com novo desafio ap\u00f3s fazer parte da era de sucesso na Red Bull e valorizou o entusiasmos dos funcion\u00e1rios da equipe no trabalho de transi\u00e7\u00e3o para o projeto da Audi<\/p>\n","protected":false},"author":0,"featured_media":1000952969,"comment_status":"closed","ping_status":"closed","sticky":false,"template":"","format":"standard","meta":{"42wp_featured_image_caption":"","42wp_featured_image_credits":"","42wp_featured_video":"","42wp_featured_image_hidden":false,"42wp_authors_list":[],"footnotes":""},"categories":[2],"tags":[970,26271,5273,147,3630,29516,180,3628,350,1754,1491,28285,30840,21324,1521,35129,1756,1197,42001],"42wp_author":[47161],"class_list":["post-24278","post","type-post","status-publish","format-standard","has-post-thumbnail","hentry","category-f1","tag-audi","tag-calendario-f1","tag-classificacao-f1","tag-f1","tag-f1-2025","tag-f1-2026","tag-formula-1","tag-formula-1-2025","tag-gabriel-bortoleto","tag-gp-do-bahrein","tag-grande-premio","tag-grandepremio","tag-horarios-f1","tag-jonathan-wheatley","tag-nico-hulkenberg","tag-onde-assistir-f1","tag-sakhir","tag-sauber","tag-temporada-2025-f1","42wp_author-kaio-esteves"],"_links":{"self":[{"href":"https:\/\/grandepremio.com\/br\/wp-json\/wp\/v2\/posts\/24278","targetHints":{"allow":["GET"]}}],"collection":[{"href":"https:\/\/grandepremio.com\/br\/wp-json\/wp\/v2\/posts"}],"about":[{"href":"https:\/\/grandepremio.com\/br\/wp-json\/wp\/v2\/types\/post"}],"replies":[{"embeddable":true,"href":"https:\/\/grandepremio.com\/br\/wp-json\/wp\/v2\/comments?post=24278"}],"version-history":[{"count":0,"href":"https:\/\/grandepremio.com\/br\/wp-json\/wp\/v2\/posts\/24278\/revisions"}],"wp:featuredmedia":[{"embeddable":true,"href":"https:\/\/grandepremio.com\/br\/wp-json\/wp\/v2\/media\/1000952969"}],"wp:attachment":[{"href":"https:\/\/grandepremio.com\/br\/wp-json\/wp\/v2\/media?parent=24278"}],"wp:term":[{"taxonomy":"category","embeddable":true,"href":"https:\/\/grandepremio.com\/br\/wp-json\/wp\/v2\/categories?post=24278"},{"taxonomy":"post_tag","embeddable":true,"href":"https:\/\/grandepremio.com\/br\/wp-json\/wp\/v2\/tags?post=24278"},{"taxonomy":"42wp_author","embeddable":true,"href":"https:\/\/grandepremio.com\/br\/wp-json\/wp\/v2\/42wp_author?post=24278"}],"curies":[{"name":"wp","href":"https:\/\/api.w.org\/{rel}","templated":true}]}}