{"id":24289,"date":"2025-04-11T13:19:18","date_gmt":"2025-04-11T16:19:18","guid":{"rendered":"https:\/\/grandepremio.com\/br\/noticias\/fia-desiste-volta-precoce-v10-formula-1-prega-compromisso-com-regras-2026\/"},"modified":"2025-04-26T12:22:02","modified_gmt":"2025-04-26T15:22:02","slug":"fia-desiste-volta-precoce-v10-formula-1-prega-compromisso-com-regras-2026","status":"publish","type":"post","link":"https:\/\/grandepremio.com\/br\/f1\/fia-desiste-volta-precoce-v10-formula-1-prega-compromisso-com-regras-2026\/","title":{"rendered":"FIA desiste de volta precoce dos V10 \u00e0 F1 e prega &#8220;compromisso com regras de 2026&#8221;"},"content":{"rendered":"\n<p class=\"wp-block-paragraph\">A <strong>F\u00f3rmula 1<\/strong> n\u00e3o vai retornar aos <strong>motores V10<\/strong> em um futuro pr\u00f3ximo. Apesar das especula\u00e7\u00f5es sobre uma poss\u00edvel volta dos propulsores aspirados j\u00e1 no pr\u00f3ximo ciclo de regulamento, a <strong>Federa\u00e7\u00e3o Internacional de Automobilismo (FIA)<\/strong> deixou claro, em <a href=\"https:\/\/www.grandepremio.com\/br\/f1\/noticias\/montadoras-rejeitam-volta-precoce-v10-f1-mas-discutem-flexibilidade-regras\/\">reuni\u00e3o com equipes e fabricantes nesta sexta-feira (11)<\/a>, que as regras de 2026 <strong>est\u00e3o mantidas<\/strong> e n\u00e3o ser\u00e3o revistas a curto prazo. A discuss\u00e3o sobre o futuro t\u00e9cnico da categoria segue aberta, mas qualquer mudan\u00e7a significativa s\u00f3 deve acontecer depois do novo ciclo.<\/p>\n\n\n\n<p class=\"wp-block-paragraph\">A posi\u00e7\u00e3o foi definida em um encontro promovido pela entidade em <strong>Sakhir<\/strong>, no <strong>Bahrein<\/strong>, para discutir o atual direcionamento t\u00e9cnico da F1 e os caminhos poss\u00edveis a partir de 2030. A reuni\u00e3o contou com a presen\u00e7a de <strong>Mohammed Ben Sulayem<\/strong> (presidente da FIA), <strong>Stefano Domenicali<\/strong> (CEO da F1) e de representantes das <strong>fabricantes e equipes da categoria<\/strong>.<\/p>\n\n\n\n<p class=\"wp-block-paragraph\">Segundo o comunicado da entidade, a proposta principal foi discutir alternativas tecnol\u00f3gicas vi\u00e1veis e sustent\u00e1veis a longo prazo, sem deixar de lado o atual planejamento t\u00e9cnico. A FIA destacou que o novo regulamento de 2026 \u2014 que prev\u00ea o uso de <strong>combust\u00edvel 100% sustent\u00e1vel<\/strong> e <strong>maior eletrifica\u00e7\u00e3o<\/strong> das unidades de pot\u00eancia \u2014 atraiu novos fabricantes e est\u00e1 em fase final de ajustes.<\/p>\n\n\n\n<p class=\"wp-block-paragraph\">\u201cTodos os envolvidos reafirmaram o compromisso com os regulamentos de 2026 e com a expectativa de grandes disputas nas pistas. Mas tamb\u00e9m concordaram em seguir discutindo o futuro t\u00e9cnico da categoria\u201d, explicou. A federa\u00e7\u00e3o tamb\u00e9m garantiu que \u201co uso de combust\u00edvel sustent\u00e1vel ser\u00e1 obrigat\u00f3rio em qualquer cen\u00e1rio futuro\u201d e que \u201calgum n\u00edvel de eletrifica\u00e7\u00e3o sempre far\u00e1 parte das decis\u00f5es\u201d.<\/p>\n\n\n\n<figure class=\"wp-block-image size-large\"><img decoding=\"async\" src=\"https:\/\/www.grandepremio.com\/br\/wp-content\/uploads\/2024\/12\/Mohammed-Ben-Sulayem_4-1200x800.jpg\" alt=\"F1, F\u00d3RMULA 1, FIA, Presidente da FIA, Mohammed Ben Sulayem, AFP\" class=\"wp-image-912832\"\/><figcaption class=\"wp-element-caption\">Ben Sulayem reviveu debate sobre motores V10, mas ideia para em montadoras (Foto: AFP)<\/figcaption><\/figure>\n\n\n\n<p class=\"wp-block-paragraph\">Entre os pontos debatidos, estiveram a <strong>redu\u00e7\u00e3o de custos de pesquisa e desenvolvimento<\/strong>, a <strong>simplifica\u00e7\u00e3o das unidades de pot\u00eancia<\/strong>, a <strong>relev\u00e2ncia para a ind\u00fastria automobil\u00edstica<\/strong>, o <strong>apelo sonoro<\/strong> dos motores, a <strong>sustentabilidade<\/strong> e at\u00e9 a possibilidade de reintroduzir <strong>motores aspirados<\/strong> com <strong>menor peso e maior efici\u00eancia<\/strong>.<\/p>\n\n\n\n<p class=\"wp-block-paragraph\">O comunicado deixou claro, no entanto, que qualquer decis\u00e3o futura ser\u00e1 tomada em conjunto com as equipes e fabricantes. A FIA tamb\u00e9m refor\u00e7ou que pretende revisar eventuais ajustes no teto or\u00e7ament\u00e1rio da categoria, especialmente no que diz respeito aos motores, e que o cumprimento dessas regras ser\u00e1 prioridade.<\/p>\n\n\n\n<p class=\"wp-block-paragraph\">O debate sobre o retorno dos motores V10 ganhou for\u00e7a no in\u00edcio deste ano, quando <a href=\"https:\/\/www.grandepremio.com\/br\/f1\/noticias\/fia-revive-debate-sugere-motores-v10-sustentaveis-f1-temos-considerar-tudo\/\">Ben Sulayem se manifestou favor\u00e1vel \u00e0 ideia<\/a> ap\u00f3s o evento de lan\u00e7amento da temporada \u2014 <strong>F175<\/strong>. A FIA chegou a <a href=\"https:\/\/www.grandepremio.com\/br\/f1\/noticias\/fia-f1-estudam-estender-regulamento-atual-reintroduzir-motores-v10-2028\/\">estudar manter o regulamento atual at\u00e9 2028<\/a> para voltar com os propulsores no ano seguinte. <a href=\"https:\/\/www.grandepremio.com\/br\/f1\/noticias\/fia-sofre-convencer-montadoras-ve-retorno-motores-v10-perto-ser-vetado\/\">A resist\u00eancia das montadoras<\/a> fez a federa\u00e7\u00e3o dar um passo atr\u00e1s e, ap\u00f3s a reuni\u00e3o desta sexta-feira, a ideia esfriou de vez.<\/p>\n\n\n\n<p class=\"wp-block-paragraph\">A&nbsp;<strong><a href=\"https:\/\/www.grandepremio.com\/br\/f1\/\" target=\"_blank\" rel=\"noreferrer noopener\"><\/a><a href=\"https:\/\/www.grandepremio.com\/br\/f1\/\" target=\"_blank\" rel=\"noreferrer noopener\">F1<\/a><\/strong>&nbsp;realiza o&nbsp;<strong>GP do Bahrein<\/strong>, em&nbsp;<strong>Sakhir<\/strong>, entre os dias 11 e 13 de abril, quarta etapa da&nbsp;<strong>temporada 2025<\/strong>. O&nbsp;<strong>GRANDE PR\u00caMIO<\/strong>&nbsp;acompanha todas as atividades&nbsp;<strong><a href=\"https:\/\/www.grandepremio.com\/br\/f1\/ao-vivo\" target=\"_blank\" rel=\"noreferrer noopener\">AO VIVO E EM&nbsp;<\/a><a href=\"https:\/\/www.grandepremio.com\/br\/ao-vivo\/\" target=\"_blank\" rel=\"noreferrer noopener\">TEMPO REAL<\/a><\/strong>, al\u00e9m de classifica\u00e7\u00e3o e corrida em&nbsp;<strong><a href=\"https:\/\/www.youtube.com\/@GrandePremio1\/streams\" target=\"_blank\" rel=\"noreferrer noopener\">SEGUNDA TELA no YouTube<\/a><\/strong>, em parceria com a Voz do Esporte. \u00c0s 12h<strong>&nbsp;(de Bras\u00edlia, GMT-3)&nbsp;<\/strong>de&nbsp;<strong>sexta-feira<\/strong>&nbsp;(11), os pilotos realizam o<strong>&nbsp;treino livre 2<\/strong>. No s\u00e1bado (12), o&nbsp;<strong>TL3&nbsp;<\/strong>acontece \u00e0s&nbsp;<strong>9h30<\/strong>, ao passo que a&nbsp;<strong>classifica\u00e7\u00e3o&nbsp;<\/strong>ser\u00e1 \u00e0s&nbsp;<strong>13h<\/strong>. Por fim, no&nbsp;<strong>domingo&nbsp;<\/strong>(13), os pilotos disputam o GP do Bahrein \u00e0s 12h. O&nbsp;<strong>Briefing&nbsp;<\/strong>chega para comentar na GPTV ap\u00f3s o fim de cada dia de atividades.<\/p>\n\n\n\n<p class=\"wp-block-paragraph\"><strong>\u25b6\ufe0f<\/strong>&nbsp;<strong>Inscreva-se nos dois canais do GRANDE PR\u00caMIO no YouTube:&nbsp;<a href=\"https:\/\/www.youtube.com\/channel\/UC9OlHEgxoaY6QY6nWPoiqQg?sub_confirmation=1\" target=\"_blank\" rel=\"noreferrer noopener\">GP<\/a>&nbsp;|&nbsp;<a href=\"https:\/\/www.youtube.com\/channel\/UC9csiS6q_C3C0FYhyr1rnFA?sub_confirmation=1\" target=\"_blank\" rel=\"noreferrer noopener\">GP2<\/a><\/strong><\/p>\n\n\n\n<figure class=\"wp-block-embed is-type-video is-provider-youtube wp-block-embed-youtube wp-embed-aspect-16-9 wp-has-aspect-ratio\"><div class=\"wp-block-embed__wrapper\">\n<iframe loading=\"lazy\" title=\"HONDA PALPITAR EM PILOTOS DA ASTON MARTIN \u00c9 PIOR COISA QUE PODERIA ACONTECER A DRUGOVICH\" width=\"500\" height=\"281\" src=\"https:\/\/www.youtube.com\/embed\/_MVnmkKUzwc?feature=oembed\" frameborder=\"0\" allow=\"accelerometer; autoplay; clipboard-write; encrypted-media; gyroscope; picture-in-picture; web-share\" referrerpolicy=\"strict-origin-when-cross-origin\" allowfullscreen><\/iframe>\n<\/div><\/figure>\n","protected":false},"excerpt":{"rendered":"<p>Federa\u00e7\u00e3o Internacional de Automobilismo (FIA) realizou reuni\u00e3o com equipes e montadoras nesta sexta-feira (11) e reafirmou compromisso com regulamento de 2026. Poss\u00edvel retorno dos V10 tinha resist\u00eancia e ser\u00e1 discutido para ap\u00f3s 2030<\/p>\n","protected":false},"author":0,"featured_media":1000952793,"comment_status":"closed","ping_status":"closed","sticky":false,"template":"","format":"standard","meta":{"42wp_featured_image_caption":"","42wp_featured_image_credits":"","42wp_featured_video":"","42wp_featured_image_hidden":false,"42wp_authors_list":[],"footnotes":""},"categories":[2],"tags":[970,26271,5273,147,3630,29516,207,103,180,3628,1491,28285,130,30840,82,35129,204,42001,3280],"42wp_author":[47164],"class_list":["post-24289","post","type-post","status-publish","format-standard","has-post-thumbnail","hentry","category-f1","tag-audi","tag-calendario-f1","tag-classificacao-f1","tag-f1","tag-f1-2025","tag-f1-2026","tag-ferrari","tag-fia","tag-formula-1","tag-formula-1-2025","tag-grande-premio","tag-grandepremio","tag-honda","tag-horarios-f1","tag-mercedes","tag-onde-assistir-f1","tag-red-bull","tag-temporada-2025-f1","tag-v10","42wp_author-marcos-gil-ribeiro"],"_links":{"self":[{"href":"https:\/\/grandepremio.com\/br\/wp-json\/wp\/v2\/posts\/24289","targetHints":{"allow":["GET"]}}],"collection":[{"href":"https:\/\/grandepremio.com\/br\/wp-json\/wp\/v2\/posts"}],"about":[{"href":"https:\/\/grandepremio.com\/br\/wp-json\/wp\/v2\/types\/post"}],"replies":[{"embeddable":true,"href":"https:\/\/grandepremio.com\/br\/wp-json\/wp\/v2\/comments?post=24289"}],"version-history":[{"count":0,"href":"https:\/\/grandepremio.com\/br\/wp-json\/wp\/v2\/posts\/24289\/revisions"}],"wp:featuredmedia":[{"embeddable":true,"href":"https:\/\/grandepremio.com\/br\/wp-json\/wp\/v2\/media\/1000952793"}],"wp:attachment":[{"href":"https:\/\/grandepremio.com\/br\/wp-json\/wp\/v2\/media?parent=24289"}],"wp:term":[{"taxonomy":"category","embeddable":true,"href":"https:\/\/grandepremio.com\/br\/wp-json\/wp\/v2\/categories?post=24289"},{"taxonomy":"post_tag","embeddable":true,"href":"https:\/\/grandepremio.com\/br\/wp-json\/wp\/v2\/tags?post=24289"},{"taxonomy":"42wp_author","embeddable":true,"href":"https:\/\/grandepremio.com\/br\/wp-json\/wp\/v2\/42wp_author?post=24289"}],"curies":[{"name":"wp","href":"https:\/\/api.w.org\/{rel}","templated":true}]}}