{"id":24305,"date":"2025-04-11T08:02:42","date_gmt":"2025-04-11T11:02:42","guid":{"rendered":"https:\/\/grandepremio.com\/br\/noticias\/ferrari-confirma-atualizacoes-tem-1a-prova-fogo-assoalho-novo-gp-bahrein\/"},"modified":"2025-04-11T15:24:26","modified_gmt":"2025-04-11T18:24:26","slug":"ferrari-confirma-atualizacoes-tem-1a-prova-fogo-assoalho-novo-gp-bahrein","status":"publish","type":"post","link":"https:\/\/grandepremio.com\/br\/f1\/ferrari-confirma-atualizacoes-tem-1a-prova-fogo-assoalho-novo-gp-bahrein\/","title":{"rendered":"Ferrari confirma atualiza\u00e7\u00f5es e tem 1\u00aa prova de fogo com assoalho novo no GP do Bahrein"},"content":{"rendered":"\n<p class=\"wp-block-paragraph\">A <strong>Ferrari <\/strong>confirmou as novidades esperadas para este fim de semana, no <strong>Bahrein<\/strong>, que recebe a quarta etapa da <strong>temporada 2025<\/strong> da <strong>F\u00f3rmula 1<\/strong>. Conforme previsto, os italianos levaram para o circuito de <strong>Sakhir <\/strong>um assoalho totalmente remodelado, mas tamb\u00e9m submeteram \u00e0 inspe\u00e7\u00e3o da <strong>Federa\u00e7\u00e3o Internacional de Automobilismo<\/strong> (<strong>FIA<\/strong>) atualiza\u00e7\u00f5es no difusor e na asa traseira.<\/p>\n\n\n\n<p class=\"wp-block-paragraph\">Desde o <strong>GP da Austr\u00e1lia<\/strong>, abertura do campeonato, a Ferrari ligou o sinal de alerta e come\u00e7ou a pensar em antecipar atualiza\u00e7\u00f5es para as corridas seguintes, tanto que o diretor-t\u00e9cnico, <strong>Lo\u00efc Serra<\/strong>, foi direto para Maranello cuidar do trabalho na f\u00e1brica. <\/p>\n\n\n\n<p class=\"wp-block-paragraph\">Na <strong>China<\/strong>, apesar da vit\u00f3ria de <strong>Lewis Hamilton<\/strong> na corrida sprint, o ritmo de classifica\u00e7\u00e3o e corrida ainda n\u00e3o era satisfat\u00f3rio. Para piorar, a desclassifica\u00e7\u00e3o do heptacampe\u00e3o na corrida de domingo por desgaste excessivo da prancha obrigou a Ferrari a subir a altura do carro, perdendo cerca de 20 pontos de downforce \u2014 aproximadamente 0s2 em tempo de volta \u2014 no <strong>Jap\u00e3o<\/strong>.<\/p>\n\n\n\n<p class=\"wp-block-paragraph\">Palco dos testes coletivos, o Bahrein passou a ser o primeiro alvo dos italianos para o pacote de atualiza\u00e7\u00f5es. A partir desta sexta-feira (11), a<strong> SF-25<\/strong> contar\u00e1 com um assoalho totalmente redesenhado (bordas, corpo e estruturas verticais), com o intuito de melhorar o condicionamento do fluxo de ar. <\/p>\n\n\n\n<figure class=\"wp-block-image size-large\"><img decoding=\"async\" src=\"https:\/\/www.grandepremio.com\/br\/wp-content\/uploads\/2025\/04\/japao-2025-f1-corrida-ferrari-charles-leclerc-01-1200x800.jpg\" alt=\"\" class=\"wp-image-949999\"\/><figcaption class=\"wp-element-caption\">Charles Leclerc ficou decepcionado com resultado no Jap\u00e3o (Foto: Ferrari)<\/figcaption><\/figure>\n\n\n\n<p class=\"wp-block-paragraph\">&#8220;N\u00e3o espec\u00edfico para o evento, esse pacote do assoalho apresenta frente e barreiras atualizadas visando a uma melhoria das perdas [de downforce] que se deslocam para baixo [do carro]. O barco remodelado e a expans\u00e3o do t\u00fanel foram reotimizados posteriormente, junto com a carga da borda do assoalho e o derramamento de vorticidade no difusor&#8221;, diz o documento da FIA.<\/p>\n\n\n\n<p class=\"wp-block-paragraph\">A Ferrari tamb\u00e9m remodelou o difusor e fez uma pequena altera\u00e7\u00e3o no pilar da asa traseira. &#8220;Assim como o assoalho, essa atualiza\u00e7\u00e3o n\u00e3o \u00e9 espec\u00edfica para o evento e visa uma pequena melhoria da efici\u00eancia aerodin\u00e2mica do carro&#8221;, explicou a equipe.<\/p>\n\n\n\n<p class=\"wp-block-paragraph\">At\u00e9 o momento, a equipe ocupa a quarta posi\u00e7\u00e3o no Mundial de Construtores, com 35 pontos \u2014 76 a menos que a McLaren, que lidera o campeonato com 111.<\/p>\n\n\n\n<p class=\"wp-block-paragraph\">A\u00a0<strong><a href=\"https:\/\/www.grandepremio.com\/br\/f1\/\" target=\"_blank\" rel=\"noreferrer noopener\"><\/a><a href=\"https:\/\/www.grandepremio.com\/br\/f1\/\" target=\"_blank\" rel=\"noreferrer noopener\">F\u00f3rmula 1<\/a><\/strong>\u00a0realiza o\u00a0<strong>GP do Bahrein<\/strong>, em\u00a0<strong>Sakhir<\/strong>, entre os dias 11 e 13 de abril, quarta etapa da\u00a0<strong>temporada 2025<\/strong>. O\u00a0<strong>GRANDE PR\u00caMIO<\/strong>\u00a0acompanha todas as atividades\u00a0<strong><a href=\"https:\/\/www.grandepremio.com\/br\/f1\/ao-vivo\" target=\"_blank\" rel=\"noreferrer noopener\">AO VIVO E EM\u00a0<\/a><a href=\"https:\/\/www.grandepremio.com\/br\/ao-vivo\/\" target=\"_blank\" rel=\"noreferrer noopener\">TEMPO REAL<\/a><\/strong>, al\u00e9m de classifica\u00e7\u00e3o e corrida em\u00a0<strong><a href=\"https:\/\/www.youtube.com\/@GrandePremio1\/streams\" target=\"_blank\" rel=\"noreferrer noopener\">SEGUNDA TELA no YouTube<\/a><\/strong>, em parceria com a Voz do Esporte. \u00c0s\u00a0<strong>8h30 (de Bras\u00edlia, GMT-3)\u00a0<\/strong>de\u00a0<strong>sexta-feira<\/strong>\u00a0(11), os pilotos realizam o<strong>\u00a0treino livre 1<\/strong>. Depois, ao\u00a0<strong>meio-dia<\/strong>, retornam para o\u00a0<strong>segundo treino livre<\/strong>. No s\u00e1bado (12), o\u00a0<strong>TL3\u00a0<\/strong>acontece \u00e0s\u00a0<strong>9h30<\/strong>, ao passo que a\u00a0<strong>classifica\u00e7\u00e3o\u00a0<\/strong>ser\u00e1 \u00e0s\u00a0<strong>13h<\/strong>. Por fim, no\u00a0<strong>domingo\u00a0<\/strong>(13), os pilotos disputam o GP do Bahrein ao\u00a0<strong>meio-dia<\/strong>. O\u00a0<strong>Briefing\u00a0<\/strong>chega para comentar na GPTV ap\u00f3s o fim de cada dia de atividades.<\/p>\n\n\n\n<figure class=\"wp-block-embed is-type-video is-provider-youtube wp-block-embed-youtube wp-embed-aspect-16-9 wp-has-aspect-ratio\"><div class=\"wp-block-embed__wrapper\">\n<iframe loading=\"lazy\" title=\"VICE-PRESIDENTE DA FIA RENUNCIA E SOLTA O VERBO CONTRA BEN SULAYEM! E PR\u00c9VIA DO GP DO BAHREIN | WGP\" width=\"500\" height=\"281\" src=\"https:\/\/www.youtube.com\/embed\/oY3fiCk_xZw?start=4016&amp;feature=oembed\" frameborder=\"0\" allow=\"accelerometer; autoplay; clipboard-write; encrypted-media; gyroscope; picture-in-picture; web-share\" referrerpolicy=\"strict-origin-when-cross-origin\" allowfullscreen><\/iframe>\n<\/div><\/figure>\n","protected":false},"excerpt":{"rendered":"<p>Intuito da Ferrari \u00e9 corrigir a perda de downforce da SF-25, j\u00e1 que precisou subir a altura do assoalho depois da desclassifica\u00e7\u00e3o de Lewis Hamilton no GP da China<\/p>\n","protected":false},"author":0,"featured_media":1000949385,"comment_status":"closed","ping_status":"closed","sticky":false,"template":"","format":"standard","meta":{"42wp_featured_image_caption":"","42wp_featured_image_credits":"","42wp_featured_video":"","42wp_featured_image_hidden":false,"42wp_authors_list":[],"footnotes":""},"categories":[2],"tags":[1667,43191,33901,26271,5273,147,3630,207,180,3628,1754,43193,1491,28285,30840,35129,1756,43192,38575,42448,42001],"42wp_author":[47147],"class_list":["post-24305","post","type-post","status-publish","format-standard","has-post-thumbnail","hentry","category-f1","tag-bahrein","tag-bahrein-2025","tag-bahrein-f1","tag-calendario-f1","tag-classificacao-f1","tag-f1","tag-f1-2025","tag-ferrari","tag-formula-1","tag-formula-1-2025","tag-gp-do-bahrein","tag-gp-do-bahrein-f1","tag-grande-premio","tag-grandepremio","tag-horarios-f1","tag-onde-assistir-f1","tag-sakhir","tag-sakhir-2025","tag-sakhir-f1","tag-sf-25","tag-temporada-2025-f1","42wp_author-luana-marino"],"_links":{"self":[{"href":"https:\/\/grandepremio.com\/br\/wp-json\/wp\/v2\/posts\/24305","targetHints":{"allow":["GET"]}}],"collection":[{"href":"https:\/\/grandepremio.com\/br\/wp-json\/wp\/v2\/posts"}],"about":[{"href":"https:\/\/grandepremio.com\/br\/wp-json\/wp\/v2\/types\/post"}],"replies":[{"embeddable":true,"href":"https:\/\/grandepremio.com\/br\/wp-json\/wp\/v2\/comments?post=24305"}],"version-history":[{"count":0,"href":"https:\/\/grandepremio.com\/br\/wp-json\/wp\/v2\/posts\/24305\/revisions"}],"wp:featuredmedia":[{"embeddable":true,"href":"https:\/\/grandepremio.com\/br\/wp-json\/wp\/v2\/media\/1000949385"}],"wp:attachment":[{"href":"https:\/\/grandepremio.com\/br\/wp-json\/wp\/v2\/media?parent=24305"}],"wp:term":[{"taxonomy":"category","embeddable":true,"href":"https:\/\/grandepremio.com\/br\/wp-json\/wp\/v2\/categories?post=24305"},{"taxonomy":"post_tag","embeddable":true,"href":"https:\/\/grandepremio.com\/br\/wp-json\/wp\/v2\/tags?post=24305"},{"taxonomy":"42wp_author","embeddable":true,"href":"https:\/\/grandepremio.com\/br\/wp-json\/wp\/v2\/42wp_author?post=24305"}],"curies":[{"name":"wp","href":"https:\/\/api.w.org\/{rel}","templated":true}]}}