{"id":24322,"date":"2025-04-10T14:48:19","date_gmt":"2025-04-10T17:48:19","guid":{"rendered":"https:\/\/grandepremio.com\/br\/noticias\/max-verstappen-volta-sugerir-trapaca-mclaren-f1-sei-esta-acontecendo\/"},"modified":"2025-04-10T17:02:44","modified_gmt":"2025-04-10T20:02:44","slug":"max-verstappen-volta-sugerir-trapaca-mclaren-f1-sei-esta-acontecendo","status":"publish","type":"post","link":"https:\/\/grandepremio.com\/br\/f1\/max-verstappen-volta-sugerir-trapaca-mclaren-f1-sei-esta-acontecendo\/","title":{"rendered":"Verstappen volta a sugerir trapa\u00e7a da McLaren na F1: &#8220;Sei o que est\u00e1 acontecendo&#8221;"},"content":{"rendered":"\n<p class=\"wp-block-paragraph\">Ainda que tenha conseguido desbancar os favoritos <strong>Lando Norris<\/strong> e <strong>Oscar Piastri<\/strong> no <strong>GP do Jap\u00e3o<\/strong>, <a href=\"https:\/\/www.grandepremio.com\/br\/f1\/noticias\/max-verstappen-domina-lando-norris-vence-parado-gp-japao-formula-1-gabriel-bortoleto-19o\/\">realizado no domingo (6)<\/a>, <strong>Max Verstappen<\/strong> preferiu manter os p\u00e9s no ch\u00e3o e garantiu que ainda n\u00e3o est\u00e1 pensando na possibilidade de conquistar o pentacampeonato em 2025. O neerland\u00eas afirmou que s\u00f3 vai come\u00e7ar a cogitar tal feito quando o carro da <strong>Red Bull<\/strong> estiver &#8220;no mesmo n\u00edvel&#8221; do <strong>MCL39<\/strong> da <strong>McLaren<\/strong>.<\/p>\n\n\n\n<p class=\"wp-block-paragraph\">Ainda que a dupla papaia tenha chegado ao circuito de <strong>Suzuka<\/strong> como a grande favorita do fim de semana, o dono do <strong>#1<\/strong> registrou uma volta magistral no Q3 da classifica\u00e7\u00e3o e ficou com a pole-position. No dia seguinte, largou bem e soube administrar a vantagem sobre os rivais para cruzar a linha de chegada na primeira posi\u00e7\u00e3o. Com o resultado, <a href=\"https:\/\/www.grandepremio.com\/br\/f1\/noticias\/max-verstappen-corta-1-ponto-vantagem-lando-norris-gp-japao-confira-classificacao-f1-2025\/\">alcan\u00e7ou 61 pontos no Mundial de Pilotos<\/a>, ficando na segunda coloca\u00e7\u00e3o, apenas 1 tento atr\u00e1s de Norris.<\/p>\n\n\n\n\n\n\n\n<p class=\"wp-block-paragraph\">&#8220;Sinceramente, n\u00e3o penso muito nisso. Estou focado apenas no desempenho do carro. Assim que nos aproximarmos deles (McLaren), ou estivermos no mesmo n\u00edvel, sei que vai ficar tudo bem. Mas ainda n\u00e3o chegamos l\u00e1, e precisamos alcan\u00e7ar esse ponto primeiro, porque, caso contr\u00e1rio, n\u00e3o faz nem sentido falar em campeonato&#8221;, disse Verstappen durante as entrevistas no <strong>Bahrein<\/strong>, nesta quinta-feira (10).<\/p>\n\n\n\n<p class=\"wp-block-paragraph\">&#8220;Acho que vencer \u00e9 realmente \u00f3timo. Todo mundo adora vencer. Mas tamb\u00e9m estamos cientes de que precisamos melhorar. Esse tem sido o objetivo desde o in\u00edcio&#8221;, apontou. &#8220;Estamos orgulhosos de ter conseguido extrair totalmente nosso desempenho l\u00e1 [no Jap\u00e3o]. O carro n\u00e3o estava f\u00e1cil de equilibrar e conseguimos deix\u00e1-lo, digamos, gui\u00e1vel. No domingo ele estava bom o suficiente para nos mantermos na briga&#8221;, lembrou.<\/p>\n\n\n\n\n\n\n\n<p class=\"wp-block-paragraph\">Victor Martins analisa duelo entre Verstappen e Norris na F1 2025 (V\u00eddeo: GPTV)<\/p>\n\n\n\n<p class=\"wp-block-paragraph\"><\/p>\n\n\n\n<p class=\"wp-block-paragraph\">\u25b6\ufe0f <strong>LEIA TAMB\u00c9M:&nbsp;<a href=\"https:\/\/www.grandepremio.com\/br\/f1\/noticias\/grande-premio-transmite-classificacao-corrida-f1-bahrein-segunda-tela\/\">GRANDE PR\u00caMIO transmite classifica\u00e7\u00e3o e corrida da F1 no Bahrein em segunda tela<\/a><\/strong><br>\u25b6\ufe0f <strong>Inscreva-se nos dois canais do GRANDE PR\u00caMIO no YouTube:&nbsp;<a href=\"https:\/\/www.youtube.com\/channel\/UC9OlHEgxoaY6QY6nWPoiqQg?sub_confirmation=1\" target=\"_blank\" rel=\"noreferrer noopener\">GP<\/a>&nbsp;|&nbsp;<a href=\"https:\/\/www.youtube.com\/channel\/UC9csiS6q_C3C0FYhyr1rnFA?sub_confirmation=1\" target=\"_blank\" rel=\"noreferrer noopener\">GP2<\/a><\/strong><\/p>\n\n\n\n<p class=\"wp-block-paragraph\">No entanto, uma nova diretriz t\u00e9cnica da <strong>Federa\u00e7\u00e3o Internacional de Automobilismo<\/strong> (<strong>FIA<\/strong>) em rela\u00e7\u00e3o \u00e0 asa dianteira dos carros, que visa coibir uma flexibilidade excessiva, pode agitar a ordem de for\u00e7as do grid a partir do <strong>GP da Espanha<\/strong>, no in\u00edcio de junho. Chefe da Red Bull, <strong>Christian Horner<\/strong> j\u00e1 disse em algumas oportunidades que, na sua opini\u00e3o, a McLaren ser\u00e1 a equipe mais afetada pela medida.<\/p>\n\n\n\n<p class=\"wp-block-paragraph\">Ao ser questionado sobre como a escuderia taurina est\u00e1 encarando as mudan\u00e7as que v\u00e3o passar a valer da nona etapa da temporada em diante, Verstappen desconversou. &#8220;N\u00e3o perguntei. Ainda n\u00e3o estou pensando em <strong>Barcelona<\/strong>&#8220;, respondeu, antes de sugerir que a rival de Woking est\u00e1, sim, tirando proveito de uma irregularidade para ganhar desempenho neste in\u00edcio de campeonato.<\/p>\n\n\n\n<p class=\"wp-block-paragraph\">&#8220;N\u00e3o fa\u00e7o as regras. E tamb\u00e9m n\u00e3o sou quem as aplica. O que vejo, provavelmente muita gente tamb\u00e9m v\u00ea. \u00c9 isso&#8221;, declarou. &#8220;Sei o que est\u00e1 acontecendo. Para mim, s\u00f3 foco no carro, no nosso carro&#8221;, concluiu.<\/p>\n\n\n\n<p class=\"wp-block-paragraph\">A&nbsp;<strong><a href=\"https:\/\/www.grandepremio.com\/br\/f1\/\" target=\"_blank\" rel=\"noreferrer noopener\"><\/a><a href=\"https:\/\/www.grandepremio.com\/br\/f1\/\" target=\"_blank\" rel=\"noreferrer noopener\">F\u00f3rmula 1<\/a><\/strong>&nbsp;realiza o&nbsp;<strong>GP do Bahrein<\/strong>, em&nbsp;<strong>Sakhir<\/strong>, entre os dias 11 e 13 de abril, quarta etapa da&nbsp;<strong>temporada 2025<\/strong>. O&nbsp;<strong>GRANDE PR\u00caMIO<\/strong>&nbsp;acompanha todas as atividades&nbsp;<strong><a href=\"https:\/\/www.grandepremio.com\/br\/f1\/ao-vivo\" target=\"_blank\" rel=\"noreferrer noopener\">AO VIVO E EM&nbsp;<\/a><a href=\"https:\/\/www.grandepremio.com\/br\/ao-vivo\/\" target=\"_blank\" rel=\"noreferrer noopener\">TEMPO REAL<\/a><\/strong>, al\u00e9m de classifica\u00e7\u00e3o e corrida em&nbsp;<strong><a href=\"https:\/\/www.youtube.com\/@GrandePremio1\/streams\" target=\"_blank\" rel=\"noreferrer noopener\">SEGUNDA TELA no YouTube<\/a><\/strong>, em parceria com a Voz do Esporte. \u00c0s&nbsp;<strong>8h30 (de Bras\u00edlia, GMT-3)&nbsp;<\/strong>de&nbsp;<strong>sexta-feira<\/strong>&nbsp;(11), os pilotos realizam o<strong>&nbsp;treino livre 1<\/strong>. Depois, ao&nbsp;<strong>meio-dia<\/strong>, retornam para o&nbsp;<strong>segundo treino livre<\/strong>. No s\u00e1bado (12), o&nbsp;<strong>TL3&nbsp;<\/strong>acontece \u00e0s&nbsp;<strong>9h30<\/strong>, ao passo que a&nbsp;<strong>classifica\u00e7\u00e3o&nbsp;<\/strong>ser\u00e1 \u00e0s&nbsp;<strong>13h<\/strong>. Por fim, no&nbsp;<strong>domingo&nbsp;<\/strong>(13), os pilotos disputam o GP do Bahrein ao&nbsp;<strong>meio-dia<\/strong>. O&nbsp;<strong>Briefing&nbsp;<\/strong>chega para comentar na GPTV ap\u00f3s o fim de cada dia de atividades.<\/p>\n\n\n\n<figure class=\"wp-block-embed is-type-video is-provider-youtube wp-block-embed-youtube wp-embed-aspect-16-9 wp-has-aspect-ratio\"><div class=\"wp-block-embed__wrapper\">\n<iframe loading=\"lazy\" title=\"LECLERC SE REVOLTA COM FERRARI E MCLAREN NA CORDA BAMBA | TTGP #174\" width=\"500\" height=\"281\" src=\"https:\/\/www.youtube.com\/embed\/8PFomYkPF6o?feature=oembed\" frameborder=\"0\" allow=\"accelerometer; autoplay; clipboard-write; encrypted-media; gyroscope; picture-in-picture; web-share\" referrerpolicy=\"strict-origin-when-cross-origin\" allowfullscreen><\/iframe>\n<\/div><\/figure>\n","protected":false},"excerpt":{"rendered":"<p>Ap\u00f3s a vit\u00f3ria no GP do Jap\u00e3o, Max Verstappen negou que j\u00e1 esteja pensando no t\u00edtulo da temporada 2025. Al\u00e9m disso, voltou a falar sobre a pol\u00eamica asa dianteira da McLaren<\/p>\n","protected":false},"author":0,"featured_media":1000952086,"comment_status":"closed","ping_status":"closed","sticky":false,"template":"","format":"standard","meta":{"42wp_featured_image_caption":"","42wp_featured_image_credits":"","42wp_featured_video":"","42wp_featured_image_hidden":false,"42wp_authors_list":[],"footnotes":""},"categories":[2],"tags":[1667,43191,33901,26271,5273,147,3630,180,3628,1754,43193,1491,28285,30840,203,35129,204,1756,43192,38575,42001],"42wp_author":[47160],"class_list":["post-24322","post","type-post","status-publish","format-standard","has-post-thumbnail","hentry","category-f1","tag-bahrein","tag-bahrein-2025","tag-bahrein-f1","tag-calendario-f1","tag-classificacao-f1","tag-f1","tag-f1-2025","tag-formula-1","tag-formula-1-2025","tag-gp-do-bahrein","tag-gp-do-bahrein-f1","tag-grande-premio","tag-grandepremio","tag-horarios-f1","tag-max-verstappen","tag-onde-assistir-f1","tag-red-bull","tag-sakhir","tag-sakhir-2025","tag-sakhir-f1","tag-temporada-2025-f1","42wp_author-vicente-soella"],"_links":{"self":[{"href":"https:\/\/grandepremio.com\/br\/wp-json\/wp\/v2\/posts\/24322","targetHints":{"allow":["GET"]}}],"collection":[{"href":"https:\/\/grandepremio.com\/br\/wp-json\/wp\/v2\/posts"}],"about":[{"href":"https:\/\/grandepremio.com\/br\/wp-json\/wp\/v2\/types\/post"}],"replies":[{"embeddable":true,"href":"https:\/\/grandepremio.com\/br\/wp-json\/wp\/v2\/comments?post=24322"}],"version-history":[{"count":0,"href":"https:\/\/grandepremio.com\/br\/wp-json\/wp\/v2\/posts\/24322\/revisions"}],"wp:featuredmedia":[{"embeddable":true,"href":"https:\/\/grandepremio.com\/br\/wp-json\/wp\/v2\/media\/1000952086"}],"wp:attachment":[{"href":"https:\/\/grandepremio.com\/br\/wp-json\/wp\/v2\/media?parent=24322"}],"wp:term":[{"taxonomy":"category","embeddable":true,"href":"https:\/\/grandepremio.com\/br\/wp-json\/wp\/v2\/categories?post=24322"},{"taxonomy":"post_tag","embeddable":true,"href":"https:\/\/grandepremio.com\/br\/wp-json\/wp\/v2\/tags?post=24322"},{"taxonomy":"42wp_author","embeddable":true,"href":"https:\/\/grandepremio.com\/br\/wp-json\/wp\/v2\/42wp_author?post=24322"}],"curies":[{"name":"wp","href":"https:\/\/api.w.org\/{rel}","templated":true}]}}