{"id":24341,"date":"2025-04-10T11:17:59","date_gmt":"2025-04-10T14:17:59","guid":{"rendered":"https:\/\/grandepremio.com\/br\/noticias\/gabriel-bortoleto-equilibrio-nico-hulkenberg-inicio-formula-1-parece-mais-duro\/"},"modified":"2025-04-10T15:53:37","modified_gmt":"2025-04-10T18:53:37","slug":"gabriel-bortoleto-equilibrio-nico-hulkenberg-inicio-formula-1-parece-mais-duro","status":"publish","type":"post","link":"https:\/\/grandepremio.com\/br\/f1\/gabriel-bortoleto-equilibrio-nico-hulkenberg-inicio-formula-1-parece-mais-duro\/","title":{"rendered":"Bortoleto v\u00ea equil\u00edbrio com H\u00fclkenberg e diz que in\u00edcio &#8220;parece mais duro do que \u00e9&#8221;"},"content":{"rendered":"\n<p class=\"wp-block-paragraph\"><strong>Gabriel Bortoleto<\/strong> n\u00e3o se deixou abalar pelo come\u00e7o modesto na <strong>temporada 2025<\/strong> da <strong>F\u00f3rmula 1<\/strong>. Estreante na categoria, reconheceu que os resultados nas tr\u00eas primeiras corridas podem parecer duros \u00e0 primeira vista, mas destacou o desempenho consistente e o equil\u00edbrio em rela\u00e7\u00e3o ao companheiro de equipe, <strong>Nico H\u00fclkenberg<\/strong>, como pontos positivos neste in\u00edcio de trajet\u00f3ria.<\/p>\n\n\n\n<p class=\"wp-block-paragraph\">Falando durante a entrevista oficial da FIA antes do <strong>GP do Bahrein<\/strong>, refor\u00e7ou que a compara\u00e7\u00e3o interna \u00e9 a mais relevante para avaliar o progresso na F1. Nesse sentido, mostrou estar satisfeito com o in\u00edcio na categoria.<\/p>\n\n\n\n<p class=\"wp-block-paragraph\">&#8220;O ritmo tem sido muito positivo. Sabemos que a \u00fanica compara\u00e7\u00e3o real que podemos fazer \u00e9 dentro da equipe. Honestamente, estou bem contente com o jeito que come\u00e7amos, como comecei, e o ritmo j\u00e1 estava bom desde a Austr\u00e1lia&#8221;, afirmou.<\/p>\n\n\n\n<p class=\"wp-block-paragraph\">O <strong>#5<\/strong> ainda n\u00e3o pontuou na temporada, mas tem mostrado consist\u00eancia. At\u00e9 aqui, a dupla da <strong>Sauber<\/strong> est\u00e1 <a href=\"https:\/\/www.grandepremio.com\/br\/f1\/noticias\/gabriel-bortoleto-2x2-nico-hulkenberg-duelos-companheiros-classificacao-gp-japao\/\"><strong>empatada no duelo interno<\/strong><\/a> tanto nas classifica\u00e7\u00f5es quanto nas corridas: Bortoleto largou na frente na <strong><a href=\"https:\/\/www.grandepremio.com\/br\/f1\/noticias\/lando-norris-confirma-poder-mclaren-conquista-pole-australia-gabriel-bortoleto-q2\/\">Austr\u00e1lia<\/a><\/strong> e na <strong><a href=\"https:\/\/www.grandepremio.com\/br\/f1\/noticias\/lewis-hamilton-surpreende-fim-conquista-pole-sprint-gp-china-gabriel-bortoleto-14o\/\">sprint da China<\/a><\/strong>, enquanto o alem\u00e3o levou a melhor no <strong><a href=\"https:\/\/www.grandepremio.com\/br\/f1\/noticias\/oscar-piastri-evita-erros-classificacao-china-conquista-1a-pole-f1-gabriel-bortoleto-19o\/\">GP chin\u00eas<\/a><\/strong> e no <strong><a href=\"https:\/\/www.grandepremio.com\/br\/f1\/noticias\/max-verstappen-supera-problemas-red-bull-faz-volta-magistral-conquista-pole-japao\/\">Jap\u00e3o<\/a><\/strong>. J\u00e1 em corridas, o brasileiro levou a melhor nas duas provas em <strong>Xangai<\/strong>, a <strong><a href=\"https:\/\/www.grandepremio.com\/br\/f1\/noticias\/lewis-hamilton-controla-desgaste-pneus-vence-sprint-gp-china-gabriel-bortoleto-18\/\">sprint<\/a><\/strong> e a <strong><a href=\"https:\/\/www.grandepremio.com\/br\/f1\/noticias\/oscar-piastri-vence-sonolento-gp-china-puxa-dobradinha-mclaren-gabriel-bortoleto-14\/\">oficial<\/a><\/strong>, e foi superado por Nico em <strong><a href=\"https:\/\/www.grandepremio.com\/br\/f1\/noticias\/lando-norris-vence-corrida-maluca-gp-da-australia-abrir-formula-1-2025-gabriel-bortoleto-bate\/\">Melbourne<\/a><\/strong> e <strong><a href=\"https:\/\/www.grandepremio.com\/br\/f1\/noticias\/max-verstappen-domina-lando-norris-vence-parado-gp-japao-formula-1-gabriel-bortoleto-19o\/\">Suzuka<\/a><\/strong>. A equipe su\u00ed\u00e7a ocupa a nona coloca\u00e7\u00e3o no <strong>Mundial de Construtores<\/strong>, com 6 pontos, todos de H\u00fclkenberg na Austr\u00e1lia.<\/p>\n\n\n\n<figure class=\"wp-block-image size-large\"><img decoding=\"async\" src=\"https:\/\/www.grandepremio.com\/br\/wp-content\/uploads\/2025\/03\/china-2025-f1-treino-livre-sauber-gabriel-bortoleto-01-1200x800.jpg\" alt=\"\" class=\"wp-image-941816\"\/><figcaption class=\"wp-element-caption\">Bortoleto e H\u00fclkenberg est\u00e3o empatados no duelo interno em classifica\u00e7\u00f5es e corridas: 2&#215;2 (Foto: Sauber)<\/figcaption><\/figure>\n\n\n\n<p class=\"wp-block-paragraph\">&#8220;Nico e eu estamos muito pr\u00f3ximos, tanto nas classifica\u00e7\u00f5es quanto no ritmo de corrida nestas primeiras etapas&#8221;, explicou. &#8220;N\u00e3o estamos em uma posi\u00e7\u00e3o de brigar por pontos em todo fim de semana, ent\u00e3o \u00e0s vezes os resultados parecem mais duros do que realmente s\u00e3o&#8221;, completou.<\/p>\n\n\n\n<p class=\"wp-block-paragraph\">A&nbsp;<strong><a href=\"https:\/\/www.grandepremio.com\/br\/f1\/\" target=\"_blank\" rel=\"noreferrer noopener\"><\/a><a href=\"https:\/\/www.grandepremio.com\/br\/f1\/\" target=\"_blank\" rel=\"noreferrer noopener\">F\u00f3rmula 1<\/a><\/strong>&nbsp;realiza o&nbsp;<strong>GP do Bahrein<\/strong>, em&nbsp;<strong>Sakhir<\/strong>, entre os dias 11 e 13 de abril, quarta etapa da&nbsp;<strong>temporada 2025<\/strong>. O&nbsp;<strong>GRANDE PR\u00caMIO<\/strong>&nbsp;acompanha todas as atividades&nbsp;<strong><a href=\"https:\/\/www.grandepremio.com\/br\/f1\/ao-vivo\" target=\"_blank\" rel=\"noreferrer noopener\">AO VIVO E EM&nbsp;<\/a><a href=\"https:\/\/www.grandepremio.com\/br\/ao-vivo\/\" target=\"_blank\" rel=\"noreferrer noopener\">TEMPO REAL<\/a><\/strong>, al\u00e9m de classifica\u00e7\u00e3o e corrida em&nbsp;<strong><a href=\"https:\/\/www.youtube.com\/@GrandePremio1\/streams\" target=\"_blank\" rel=\"noreferrer noopener\">SEGUNDA TELA no YouTube<\/a><\/strong>, em parceria com a Voz do Esporte. \u00c0s&nbsp;<strong>8h30 (de Bras\u00edlia, GMT-3)&nbsp;<\/strong>de&nbsp;<strong>sexta-feira<\/strong>&nbsp;(11), os pilotos realizam o<strong>&nbsp;treino livre 1<\/strong>. Depois, ao&nbsp;<strong>meio-dia<\/strong>, retornam para o&nbsp;<strong>segundo treino livre<\/strong>. No s\u00e1bado (12), o&nbsp;<strong>TL3&nbsp;<\/strong>acontece \u00e0s&nbsp;<strong>9h30<\/strong>, ao passo que a&nbsp;<strong>classifica\u00e7\u00e3o&nbsp;<\/strong>ser\u00e1 \u00e0s&nbsp;<strong>13h<\/strong>. Por fim, no&nbsp;<strong>domingo&nbsp;<\/strong>(13), os pilotos disputam o GP do Bahrein ao&nbsp;<strong>meio-dia<\/strong>. O&nbsp;<strong>Briefing&nbsp;<\/strong>chega para comentar na GPTV ap\u00f3s o fim de cada dia de atividades.<\/p>\n\n\n\n<p class=\"wp-block-paragraph\"><strong>\u25b6\ufe0f<\/strong>&nbsp;<strong>Inscreva-se nos dois canais do GRANDE PR\u00caMIO no YouTube:&nbsp;<a href=\"https:\/\/www.youtube.com\/channel\/UC9OlHEgxoaY6QY6nWPoiqQg?sub_confirmation=1\" target=\"_blank\" rel=\"noreferrer noopener\">GP<\/a>&nbsp;|&nbsp;<a href=\"https:\/\/www.youtube.com\/channel\/UC9csiS6q_C3C0FYhyr1rnFA?sub_confirmation=1\" target=\"_blank\" rel=\"noreferrer noopener\">GP2<\/a><\/strong><\/p>\n\n\n\n<figure class=\"wp-block-embed is-type-video is-provider-youtube wp-block-embed-youtube wp-embed-aspect-16-9 wp-has-aspect-ratio\"><div class=\"wp-block-embed__wrapper\">\n<iframe loading=\"lazy\" title=\"LECLERC SE REVOLTA COM FERRARI E MCLAREN NA CORDA BAMBA | TTGP #174\" width=\"500\" height=\"281\" src=\"https:\/\/www.youtube.com\/embed\/8PFomYkPF6o?feature=oembed\" frameborder=\"0\" allow=\"accelerometer; autoplay; clipboard-write; encrypted-media; gyroscope; picture-in-picture; web-share\" referrerpolicy=\"strict-origin-when-cross-origin\" allowfullscreen><\/iframe>\n<\/div><\/figure>\n\n\n\n<p class=\"wp-block-paragraph\"><a href=\"https:\/\/www.grandepremio.com\/br\/chefao\/\" target=\"_blank\" rel=\"noreferrer noopener\"><\/a><\/p>\n","protected":false},"excerpt":{"rendered":"<p>Mesmo sem pontuar, Gabriel Bortoleto exaltou ritmo nas primeiras etapas e o equil\u00edbrio em rela\u00e7\u00e3o a Nico H\u00fclkenberg. A dupla da Sauber est\u00e1 empatada no duelo interno tanto nas classifica\u00e7\u00f5es quanto nas corridas<\/p>\n","protected":false},"author":0,"featured_media":1000949434,"comment_status":"closed","ping_status":"closed","sticky":false,"template":"","format":"standard","meta":{"42wp_featured_image_caption":"","42wp_featured_image_credits":"","42wp_featured_video":"","42wp_featured_image_hidden":false,"42wp_authors_list":[],"footnotes":""},"categories":[2],"tags":[26000,5660,3630,642,38529,350,26042,1754,41429,42737,40088,40904,1521,1197,42293,16330,37695],"42wp_author":[47164],"class_list":["post-24341","post","type-post","status-publish","format-standard","has-post-thumbnail","hentry","category-f1","tag-audiencia-da-tv","tag-classificacao","tag-f1-2025","tag-f1-ao-vivo","tag-fim-de-semana-bahrein","tag-gabriel-bortoleto","tag-gp-de-sakhir","tag-gp-do-bahrein","tag-hulk-f1","tag-hulkenberg-2025","tag-hulkenberg-f1","tag-hulkenberg-formula-1","tag-nico-hulkenberg","tag-sauber","tag-sauber-2025","tag-sauber-f1","tag-sauber-formula-1","42wp_author-marcos-gil-ribeiro"],"_links":{"self":[{"href":"https:\/\/grandepremio.com\/br\/wp-json\/wp\/v2\/posts\/24341","targetHints":{"allow":["GET"]}}],"collection":[{"href":"https:\/\/grandepremio.com\/br\/wp-json\/wp\/v2\/posts"}],"about":[{"href":"https:\/\/grandepremio.com\/br\/wp-json\/wp\/v2\/types\/post"}],"replies":[{"embeddable":true,"href":"https:\/\/grandepremio.com\/br\/wp-json\/wp\/v2\/comments?post=24341"}],"version-history":[{"count":0,"href":"https:\/\/grandepremio.com\/br\/wp-json\/wp\/v2\/posts\/24341\/revisions"}],"wp:featuredmedia":[{"embeddable":true,"href":"https:\/\/grandepremio.com\/br\/wp-json\/wp\/v2\/media\/1000949434"}],"wp:attachment":[{"href":"https:\/\/grandepremio.com\/br\/wp-json\/wp\/v2\/media?parent=24341"}],"wp:term":[{"taxonomy":"category","embeddable":true,"href":"https:\/\/grandepremio.com\/br\/wp-json\/wp\/v2\/categories?post=24341"},{"taxonomy":"post_tag","embeddable":true,"href":"https:\/\/grandepremio.com\/br\/wp-json\/wp\/v2\/tags?post=24341"},{"taxonomy":"42wp_author","embeddable":true,"href":"https:\/\/grandepremio.com\/br\/wp-json\/wp\/v2\/42wp_author?post=24341"}],"curies":[{"name":"wp","href":"https:\/\/api.w.org\/{rel}","templated":true}]}}