{"id":24460,"date":"2025-04-07T10:39:45","date_gmt":"2025-04-07T13:39:45","guid":{"rendered":"https:\/\/grandepremio.com\/br\/noticias\/fernando-alonso-relembra-2012-luta-max-verstappen-titulo-sem-melhor-carro-passei-isso\/"},"modified":"2025-04-07T10:57:57","modified_gmt":"2025-04-07T13:57:57","slug":"fernando-alonso-relembra-2012-luta-max-verstappen-titulo-sem-melhor-carro-passei-isso","status":"publish","type":"post","link":"https:\/\/grandepremio.com\/br\/f1\/fernando-alonso-relembra-2012-luta-max-verstappen-titulo-sem-melhor-carro-passei-isso\/","title":{"rendered":"Alonso relembra 2012 em luta de Verstappen por t\u00edtulo &#8220;sem melhor carro&#8221;: &#8220;Passei por isso&#8221;"},"content":{"rendered":"\n<p class=\"wp-block-paragraph\">Sem esconder a admira\u00e7\u00e3o que sente pelo estilo de pilotagem de <strong>Max Verstappen<\/strong>, <strong>Fernando Alonso<\/strong> afirmou que tem visto na temporada do neerland\u00eas reflexo do que ele mesmo viveu em <strong>2012<\/strong>, quando brigou pelo t\u00edtulo sem ter o melhor carro do grid. O asturiano reconheceu que ser\u00e1 uma tarefa dif\u00edcil, mas torce para que ele chegue ao penta na<strong> F\u00f3rmula 1<\/strong>.<\/p>\n\n\n\n<p class=\"wp-block-paragraph\">Alonso corria na <strong>Ferrari <\/strong>em 2012 quando lutou pelo sonhado tri. Na ocasi\u00e3o, o principal oponente foi <strong>Sebastian Vettel<\/strong> \u2014 coincidentemente piloto da <strong>Red Bull<\/strong>, assim como Max nos dias de hoje. O atual representante da <strong>Aston Martin <\/strong>chegou a liderar a temporada por dez das 20 corridas realizadas, mas perdeu para Vettel por uma diferen\u00e7a de apenas 3 pontos.<\/p>\n\n\n\n<p class=\"wp-block-paragraph\">Em 2025,<strong> Lando Norris<\/strong> \u00e9 quem surge com a vantagem de ter nas m\u00e3os o melhor carro, enquanto a Red Bull de Verstappen luta para encontrar melhorias que possam dar ao #1 uma disputa mais igualit\u00e1ria contra a <strong>McLaren<\/strong>.<\/p>\n\n\n\n<p class=\"wp-block-paragraph\">&#8220;J\u00e1 passei por isso&#8221;, relembrou Alonso aos jornalistas presentes em <strong>Suzuka<\/strong>, no <strong>Jap\u00e3o<\/strong>. &#8220;Lutei por t\u00edtulos mundiais com o terceiro, quarto carro mais r\u00e1pido&#8221;, salientou.<\/p>\n\n\n\n<figure class=\"wp-block-image size-full\"><img decoding=\"async\" src=\"https:\/\/www.grandepremio.com\/br\/wp-content\/uploads\/2022\/11\/F1-alonso-vettel-canada-2013-podio730.jpg\" alt=\"\" class=\"wp-image-635251\"\/><figcaption class=\"wp-element-caption\">Alonso e Vettel disputaram alguns t\u00edtulos na F1 (Foto: F1)<\/figcaption><\/figure>\n\n\n\n<p class=\"wp-block-paragraph\">\u201cPortanto, \u00e9 dif\u00edcil no final. Assim como foi dif\u00edcil vencer Vettel. Espero que ele possa lutar at\u00e9 o fim. Mas eles [Red Bull] precisam melhorar um pouco o equipamento&#8221;, afirmou o bicampe\u00e3o, ainda que Max tenha gabarito para ser considerado postulante ao t\u00edtulo deste ano.<\/p>\n\n\n\n<p class=\"wp-block-paragraph\">&#8220;Bem, ele venceu quatro, ent\u00e3o pode lutar com um carro um pouco menos competitivo. Mas \u00e9 dif\u00edcil. E acho que as pessoas n\u00e3o percebem o qu\u00e3o dif\u00edcil \u00e9. Voc\u00ea precisa ser perfeito a cada fim de semana. E ele tem feito isso at\u00e9 agora&#8221;, seguiu.<\/p>\n\n\n\n<p class=\"wp-block-paragraph\">&#8220;Como disse, isso me lembra 2012 de certa forma. Quando o carro n\u00e3o estava t\u00e3o bom e n\u00f3s lutamos pelo campeonato. Mas ganhar no final, vamos ver. Espero que ele consiga&#8221;, encerrou Alonso.<\/p>\n\n\n\n<p class=\"wp-block-paragraph\">A\u00a0<strong><a href=\"https:\/\/www.grandepremio.com\/br\/f1\/\" target=\"_blank\" rel=\"noreferrer noopener\"><\/a><a href=\"https:\/\/www.grandepremio.com\/br\/f1\/\" target=\"_blank\" rel=\"noreferrer noopener\">F\u00f3rmula 1<\/a><\/strong>\u00a0volta de 11 a 13 de abril para o\u00a0<strong>GP do Bahrein<\/strong>, em\u00a0<strong><a href=\"https:\/\/www.grandepremio.com\/br\/circuito\/sakhir\/\" target=\"_blank\" rel=\"noreferrer noopener\">Sakhir<\/a><\/strong>, quarta etapa da temporada 2025.<\/p>\n\n\n\n<p class=\"wp-block-paragraph\"><strong>LEIA TAMB\u00c9M<\/strong><br>\u25b6\ufe0f <strong>Opini\u00e3oGP:\u00a0<a href=\"https:\/\/www.grandepremio.com\/br\/f1\/noticias\/5-coisas-que-aprendemos-no-gp-do-japao-3a-etapa-da-formula-1-2025\/\"><\/a><a href=\"https:\/\/www.grandepremio.com\/br\/f1\/noticias\/opiniao-gp-lando-norris-testa-inteligencia-vai-sofrer-briga-direta-max-verstappen\/\">Norris testa intelig\u00eancia e vai sofrer de novo em briga direta com Verstappen<\/a><\/strong><br><strong>\u25b6\ufe0f<\/strong> <strong>Inscreva-se nos dois canais do GRANDE PR\u00caMIO no YouTube:\u00a0<a href=\"https:\/\/www.youtube.com\/channel\/UC9OlHEgxoaY6QY6nWPoiqQg?sub_confirmation=1\" target=\"_blank\" rel=\"noreferrer noopener\">GP<\/a>\u00a0|\u00a0<a href=\"https:\/\/www.youtube.com\/channel\/UC9csiS6q_C3C0FYhyr1rnFA?sub_confirmation=1\" target=\"_blank\" rel=\"noreferrer noopener\">GP2<\/a><\/strong><\/p>\n\n\n\n<figure class=\"wp-block-embed is-type-video is-provider-youtube wp-block-embed-youtube wp-embed-aspect-16-9 wp-has-aspect-ratio\"><div class=\"wp-block-embed__wrapper\">\n<iframe loading=\"lazy\" title=\"McLAREN PRECISA TER PULSO FIRME COM NORRIS E PIASTRI PARA N\u00c3O PERDER CAMPEONATO\" width=\"500\" height=\"281\" src=\"https:\/\/www.youtube.com\/embed\/ozem_AlGhE8?feature=oembed\" frameborder=\"0\" allow=\"accelerometer; autoplay; clipboard-write; encrypted-media; gyroscope; picture-in-picture; web-share\" referrerpolicy=\"strict-origin-when-cross-origin\" allowfullscreen><\/iframe>\n<\/div><\/figure>\n","protected":false},"excerpt":{"rendered":"<p>Fernando Alonso tem se lembrado da pr\u00f3pria temporada em 2012, quando corria na Ferrari e disputou o t\u00edtulo contra a Red Bull de Sebastian Vettel, ao ver a briga entre Max Verstappen e a McLaren<\/p>\n","protected":false},"author":0,"featured_media":1000947889,"comment_status":"closed","ping_status":"closed","sticky":false,"template":"","format":"standard","meta":{"42wp_featured_image_caption":"","42wp_featured_image_credits":"","42wp_featured_video":"","42wp_featured_image_hidden":false,"42wp_authors_list":[],"footnotes":""},"categories":[2],"tags":[26271,5273,147,3630,176,207,180,3628,3023,38972,1491,28285,30840,24855,43102,32659,203,35129,210,608,43103,32660,42001],"42wp_author":[47147],"class_list":["post-24460","post","type-post","status-publish","format-standard","has-post-thumbnail","hentry","category-f1","tag-calendario-f1","tag-classificacao-f1","tag-f1","tag-f1-2025","tag-fernando-alonso","tag-ferrari","tag-formula-1","tag-formula-1-2025","tag-gp-do-japao","tag-gp-do-japao-f1","tag-grande-premio","tag-grandepremio","tag-horarios-f1","tag-japao","tag-japao-2025","tag-japao-f1","tag-max-verstappen","tag-onde-assistir-f1","tag-sebastian-vettel","tag-suzuka","tag-suzuka-2025","tag-suzuka-f1","tag-temporada-2025-f1","42wp_author-luana-marino"],"_links":{"self":[{"href":"https:\/\/grandepremio.com\/br\/wp-json\/wp\/v2\/posts\/24460","targetHints":{"allow":["GET"]}}],"collection":[{"href":"https:\/\/grandepremio.com\/br\/wp-json\/wp\/v2\/posts"}],"about":[{"href":"https:\/\/grandepremio.com\/br\/wp-json\/wp\/v2\/types\/post"}],"replies":[{"embeddable":true,"href":"https:\/\/grandepremio.com\/br\/wp-json\/wp\/v2\/comments?post=24460"}],"version-history":[{"count":0,"href":"https:\/\/grandepremio.com\/br\/wp-json\/wp\/v2\/posts\/24460\/revisions"}],"wp:featuredmedia":[{"embeddable":true,"href":"https:\/\/grandepremio.com\/br\/wp-json\/wp\/v2\/media\/1000947889"}],"wp:attachment":[{"href":"https:\/\/grandepremio.com\/br\/wp-json\/wp\/v2\/media?parent=24460"}],"wp:term":[{"taxonomy":"category","embeddable":true,"href":"https:\/\/grandepremio.com\/br\/wp-json\/wp\/v2\/categories?post=24460"},{"taxonomy":"post_tag","embeddable":true,"href":"https:\/\/grandepremio.com\/br\/wp-json\/wp\/v2\/tags?post=24460"},{"taxonomy":"42wp_author","embeddable":true,"href":"https:\/\/grandepremio.com\/br\/wp-json\/wp\/v2\/42wp_author?post=24460"}],"curies":[{"name":"wp","href":"https:\/\/api.w.org\/{rel}","templated":true}]}}