{"id":24938,"date":"2025-04-05T02:01:32","date_gmt":"2025-04-05T05:01:32","guid":{"rendered":"https:\/\/grandepremio.com\/br\/noticias\/mercedes-decide-trocar-bateria-central-eletronica-motor-george-russell-japao\/"},"modified":"2025-04-05T03:08:24","modified_gmt":"2025-04-05T06:08:24","slug":"mercedes-decide-trocar-bateria-central-eletronica-motor-george-russell-japao","status":"publish","type":"post","link":"https:\/\/grandepremio.com\/br\/f1\/mercedes-decide-trocar-bateria-central-eletronica-motor-george-russell-japao\/","title":{"rendered":"Mercedes decide trocar bateria e central eletr\u00f4nica de motor de Russell no Jap\u00e3o"},"content":{"rendered":"\n<p class=\"wp-block-paragraph\">A <strong>Mercedes<\/strong> e a <strong>Alpine<\/strong> trocaram pe\u00e7as nas unidades de pot\u00eancia de <strong>George Russell<\/strong> e <strong>Jack Doohan<\/strong>, respectivamente, para o <strong>GP do Jap\u00e3o de <a href=\"https:\/\/www.grandepremio.com\/br\/f1\/\">F1<\/a><\/strong> deste fim de semana. Apesar das mudan\u00e7as, nenhum dos pilotos sofrer\u00e3o puni\u00e7\u00f5es no grid de largada por estarem dentro dos c\u00e2mbios permitidos por regulamento.<\/p>\n\n\n\n<p class=\"wp-block-paragraph\">De acordo com o relat\u00f3rio do delegado t\u00e9cnico da <strong>Federa\u00e7\u00e3o Internacional de Automobilismo (FIA)<\/strong>, divulgado neste s\u00e1bado (5), apenas os pilotos da Mercedes e Alpine tiveram mudan\u00e7as nas unidades de pot\u00eancia no Jap\u00e3o.<\/p>\n\n\n\n<p class=\"wp-block-paragraph\">Russell, no entanto, j\u00e1 vai estar duplamente pendurado a partir desta etapa, a terceira do campeonato, pela troca da bateria e central eletr\u00f4nica no Jap\u00e3o, que s\u00f3 podem ter duas de cada ao longo da temporada \u2014 ap\u00f3s a terceira, o piloto da Mercedes vai ser punido com a perda de posi\u00e7\u00f5es no grid de largada. <\/p>\n\n\n\n<p class=\"wp-block-paragraph\">\u25b6\ufe0f\u00a0<strong>Inscreva-se nos dois canais do GRANDE PR\u00caMIO no YouTube:\u00a0<a href=\"https:\/\/www.youtube.com\/channel\/UC9OlHEgxoaY6QY6nWPoiqQg?sub_confirmation=1\" target=\"_blank\" rel=\"noreferrer noopener\">GP<\/a>\u00a0|\u00a0<a href=\"https:\/\/www.youtube.com\/channel\/UC9csiS6q_C3C0FYhyr1rnFA?sub_confirmation=1\" target=\"_blank\" rel=\"noreferrer noopener\">GP2<\/a><\/strong><\/p>\n\n\n\n<figure class=\"wp-block-image size-large\"><img decoding=\"async\" src=\"https:\/\/www.grandepremio.com\/br\/wp-content\/uploads\/2025\/04\/japao-2025-f1-quinta-feira-alpine-jack-doohan-01-1200x800.jpg\" alt=\"\" class=\"wp-image-947855\"\/><figcaption class=\"wp-element-caption\">Jack Doohan (Foto: Alpine)<\/figcaption><\/figure>\n\n\n\n<p class=\"wp-block-paragraph\">Doohan est\u00e1 um pouco mais tranquilo que o representante da Mercedes. A Alpine optou por um novo sistema exaustor, que podem ser utilizadas oito pe\u00e7as por todo o campeonato. Agora resta saber se o australiano usou um ou dois desde componentes at\u00e9 aqui. Por um prov\u00e1vel erro no relat\u00f3rio do delegado t\u00e9cnico, as duas informa\u00e7\u00f5es constam nas anota\u00e7\u00f5es.<\/p>\n\n\n\n<p class=\"wp-block-paragraph\">A\u00a0<a href=\"https:\/\/www.grandepremio.com\/br\/f1\/\"><\/a><strong><a href=\"https:\/\/www.grandepremio.com\/br\/f1\/\" target=\"_blank\" rel=\"noreferrer noopener\">F\u00f3rmula 1<\/a><\/strong>\u00a0realiza o\u00a0<strong>GP do Jap\u00e3o<\/strong>, em\u00a0<a href=\"https:\/\/www.grandepremio.com\/br\/circuito\/suzuka\/\"><strong>Suzuka<\/strong><\/a>, entre os dias 3 e 6 de abril, terceira etapa da\u00a0<strong>temporada 2025<\/strong>. O\u00a0<strong>GRANDE PR\u00caMIO<\/strong>\u00a0acompanha todas as atividades\u00a0<strong>AO VIVO E EM\u00a0<\/strong><a href=\"https:\/\/www.grandepremio.com\/br\/ao-vivo\/\"><\/a><strong><a href=\"https:\/\/www.grandepremio.com\/br\/ao-vivo\/\" target=\"_blank\" rel=\"noreferrer noopener\">TEMPO REAL<\/a><\/strong>, al\u00e9m de classifica\u00e7\u00e3o e corrida em\u00a0<a href=\"https:\/\/www.youtube.com\/@GrandePremio1\/streams\"><strong>SEGUNDA TELA no YouTube<\/strong><\/a>, em parceria com a Voz do Esporte. A\u00a0<strong>classifica\u00e7\u00e3o<\/strong>\u00a0ser\u00e1 na madrugada de\u00a0<strong>s\u00e1bado<\/strong>\u00a0(5), \u00e0s\u00a0<strong>3h [hor\u00e1rio de Bras\u00edlia, GMT -3]<\/strong>. Por fim, no\u00a0<strong>domingo<\/strong>\u00a0(6), os pilotos disputam o\u00a0<strong>GP do Jap\u00e3o<\/strong>\u00a0\u00e0s\u00a0<strong>2h<\/strong>. O\u00a0<strong>Briefing<\/strong>\u00a0chega para comentar na GPTV ap\u00f3s o fim de cada dia de atividades.<\/p>\n\n\n\n<figure class=\"wp-block-embed is-type-video is-provider-youtube wp-block-embed-youtube wp-embed-aspect-16-9 wp-has-aspect-ratio\"><div class=\"wp-block-embed__wrapper\">\n<iframe loading=\"lazy\" title=\"DOOHAN DESTRU\u00cdDO, FOGO NA PISTA E PIASTRI NA FRENTE: TREINOS LIVRES DA F1 NO JAP\u00c3O | BRIEFING\" width=\"500\" height=\"281\" src=\"https:\/\/www.youtube.com\/embed\/rCQkZn3DJw0?start=1&amp;feature=oembed\" frameborder=\"0\" allow=\"accelerometer; autoplay; clipboard-write; encrypted-media; gyroscope; picture-in-picture; web-share\" referrerpolicy=\"strict-origin-when-cross-origin\" allowfullscreen><\/iframe>\n<\/div><\/figure>\n\n\n\n<p class=\"wp-block-paragraph\"><\/p>\n","protected":false},"excerpt":{"rendered":"<p>Al\u00e9m do representante da Mercedes, a Alpine optou por trocar o sistema exaustor do carro de Jack Doohan para o GP do Jap\u00e3o de F1<\/p>\n","protected":false},"author":0,"featured_media":1000948358,"comment_status":"closed","ping_status":"closed","sticky":false,"template":"","format":"standard","meta":{"42wp_featured_image_caption":"","42wp_featured_image_credits":"","42wp_featured_video":"","42wp_featured_image_hidden":false,"42wp_authors_list":[],"footnotes":""},"categories":[2],"tags":[457,20491,27861,309,26271,546,209,5273,302,147,3630,176,207,180,3628,350,800,3023,1491,28285,119,30840,28104,596,24855,485,547,87,595,203,90,82,307,1521,29923,35129,2916,676,38179,204,608,42001,215,597],"42wp_author":[47155],"class_list":["post-24938","post","type-post","status-publish","format-standard","has-post-thumbnail","hentry","category-f1","tag-alfa-romeo","tag-alpine","tag-andrea-kimi-antonelli","tag-aston-martin","tag-calendario-f1","tag-carlos-sainz","tag-charles-leclerc","tag-classificacao-f1","tag-esteban-ocon","tag-f1","tag-f1-2025","tag-fernando-alonso","tag-ferrari","tag-formula-1","tag-formula-1-2025","tag-gabriel-bortoleto","tag-george-russell","tag-gp-do-japao","tag-grande-premio","tag-grandepremio","tag-haas","tag-horarios-f1","tag-isack-hadjar","tag-jack-doohan","tag-japao","tag-lance-stroll","tag-lando-norris","tag-lewis-hamilton","tag-liam-lawson","tag-max-verstappen","tag-mclaren","tag-mercedes","tag-motor","tag-nico-hulkenberg","tag-oliver-bearman","tag-onde-assistir-f1","tag-oscar-piastri","tag-pierre-gasly","tag-racing-bulls","tag-red-bull","tag-suzuka","tag-temporada-2025-f1","tag-williams","tag-yuki-tsunoda","42wp_author-daniel-balsa"],"_links":{"self":[{"href":"https:\/\/grandepremio.com\/br\/wp-json\/wp\/v2\/posts\/24938","targetHints":{"allow":["GET"]}}],"collection":[{"href":"https:\/\/grandepremio.com\/br\/wp-json\/wp\/v2\/posts"}],"about":[{"href":"https:\/\/grandepremio.com\/br\/wp-json\/wp\/v2\/types\/post"}],"replies":[{"embeddable":true,"href":"https:\/\/grandepremio.com\/br\/wp-json\/wp\/v2\/comments?post=24938"}],"version-history":[{"count":0,"href":"https:\/\/grandepremio.com\/br\/wp-json\/wp\/v2\/posts\/24938\/revisions"}],"wp:featuredmedia":[{"embeddable":true,"href":"https:\/\/grandepremio.com\/br\/wp-json\/wp\/v2\/media\/1000948358"}],"wp:attachment":[{"href":"https:\/\/grandepremio.com\/br\/wp-json\/wp\/v2\/media?parent=24938"}],"wp:term":[{"taxonomy":"category","embeddable":true,"href":"https:\/\/grandepremio.com\/br\/wp-json\/wp\/v2\/categories?post=24938"},{"taxonomy":"post_tag","embeddable":true,"href":"https:\/\/grandepremio.com\/br\/wp-json\/wp\/v2\/tags?post=24938"},{"taxonomy":"42wp_author","embeddable":true,"href":"https:\/\/grandepremio.com\/br\/wp-json\/wp\/v2\/42wp_author?post=24938"}],"curies":[{"name":"wp","href":"https:\/\/api.w.org\/{rel}","templated":true}]}}