{"id":24958,"date":"2025-04-04T09:30:38","date_gmt":"2025-04-04T12:30:38","guid":{"rendered":"https:\/\/grandepremio.com\/br\/noticias\/5-coisas-que-aprendemos-na-sexta-feira-do-gp-do-japao-da-formula-1-2025\/"},"modified":"2025-04-04T09:59:38","modified_gmt":"2025-04-04T12:59:38","slug":"5-coisas-que-aprendemos-na-sexta-feira-do-gp-do-japao-da-formula-1-2025","status":"publish","type":"post","link":"https:\/\/grandepremio.com\/br\/f1\/5-coisas-que-aprendemos-na-sexta-feira-do-gp-do-japao-da-formula-1-2025\/","title":{"rendered":"5 coisas que aprendemos na sexta-feira do GP do Jap\u00e3o da F\u00f3rmula 1 2025"},"content":{"rendered":"\n<p class=\"wp-block-paragraph\">Uma sexta-feira (4) <a href=\"https:\/\/www.grandepremio.com\/br\/f1\/noticias\/oscar-piastri-aproveita-pista-livre-lidera-tl2-4-bandeiras-vermelhas-japao-gabriel-bortoleto-13o\/\">absolutamente ca\u00f3tica<\/a> n\u00e3o tirou a <strong>McLaren <\/strong>do patamar de favoritismo total no <strong>GP do Jap\u00e3o. <\/strong>Muito pelo contr\u00e1rio, ali\u00e1s. \u00c9 que os papaias mostraram, quando a bagun\u00e7a deixou, ritmo bem superior em rela\u00e7\u00e3o ao que as rivais t\u00eam nas m\u00e3os. E isso vale para volta r\u00e1pida e para stint longo.<\/p>\n\n\n\n<p class=\"wp-block-paragraph\">Com um TL2 de nada menos que quatro bandeiras vermelhas, o TL1 acabou ficando como ponto de partida para as an\u00e1lises. Inclusive sobre ritmo de corrida, algo que quase nunca acontece na primeira sess\u00e3o, a menos que seja um fim de semana de sprint.<\/p>\n\n\n\n<p class=\"wp-block-paragraph\">Nisso tudo, a McLaren apareceu na frente. Melhor em ritmo de corrida, os <a href=\"https:\/\/www.grandepremio.com\/br\/f1\/noticias\/lando-norris-contem-avanco-mercedes-lidera-treino-livre-1-gp-japao-gabriel-bortoleto-20o\/\">papaias lideraram o<\/a> TL1 com <strong>Lando Norris<\/strong> e, mais tarde, com <strong>Oscar Piastri<\/strong>. Quem ficou mais perto foi <strong>George Russell,<\/strong> segundo colocado pela manh\u00e3.<\/p>\n\n\n\n<p class=\"wp-block-paragraph\">A <strong>Ferrari <\/strong>viveu um dia morno e n\u00e3o saiu totalmente infeliz, mas continua com pouco a oferecer na batalha diante da McLaren. Situa\u00e7\u00e3o bem pior viveu a <strong>Red Bull<\/strong>, que de positiva teve a estreia de <strong>Yuki Tsunoda, <\/strong>mas viu <strong>Max Verstappen<\/strong> <a href=\"https:\/\/www.grandepremio.com\/br\/f1\/noticias\/max-verstappen-relata-falta-confianca-carro-lamenta-dia-bem-dificil-red-bull-japao\/\">novamente sair bem insatisfeito<\/a> com o carro que tem nas m\u00e3os. L\u00e1 atr\u00e1s, <strong>Jack Doohan<\/strong> <a href=\"https:\/\/www.grandepremio.com\/br\/f1\/noticias\/jack-doohan-perde-controle-destroi-alpine-pancada-violenta-tl2-gp-do-japao\/\">arrebentou-se no muro <\/a>ao <a href=\"https:\/\/www.grandepremio.com\/br\/f1\/noticias\/alpine-aponta-falha-jack-doohan-batida-japao-erro-calculo-nao-fechar-drs\/\">n\u00e3o fechar o DRS<\/a> e mergulhou de cabe\u00e7a no caos.<\/p>\n\n\n\n<figure class=\"wp-block-image size-large\"><img decoding=\"async\" src=\"https:\/\/www.grandepremio.com\/br\/wp-content\/uploads\/2025\/04\/japao-2025-f1-treinos-livres-alpine-jack-doohan-01-1200x800.jpg\" alt=\"\" class=\"wp-image-948428\"\/><figcaption class=\"wp-element-caption\">Jack Doohan vive um completo drama na F1 (Foto: Alpine)<\/figcaption><\/figure>\n\n\n\n<p class=\"wp-block-paragraph\">E o <strong>GRANDE PR\u00caMIO <\/strong>separou cinco coisas que aprendemos na sexta-feira do GP do Jap\u00e3o, terceira etapa da <strong>F1 2025.<\/strong><\/p>\n\n\n\n<h2 class=\"wp-block-heading\" id=\"h-mclaren-abre-fim-de-semana-no-japao-com-favoritismo-claro\"><strong>McLaren abre fim de semana no Jap\u00e3o com favoritismo claro<\/strong><\/h2>\n\n\n\n<p class=\"wp-block-paragraph\">Em praticamente um TL1 e, sei l\u00e1, 10% de um TL2, j\u00e1 deu para ver que a McLaren \u00e9 bem favorita. A breve simula\u00e7\u00e3o de corrida foi avassaladora, mas os papaias tamb\u00e9m mostraram que seguem firmes em volta r\u00e1pida. N\u00e3o d\u00e1 para cravar nada, Norris e Piastri ainda cometem mais erros do que deveriam, mas o favoritismo da dupla \u00e9 evidente. No fim, \u00e9 como se o Jap\u00e3o fosse a continua\u00e7\u00e3o da China, com a equipe claramente acima das rivais, em um carro mais vers\u00e1til e completo. Seguem liderando sem fazer muita for\u00e7a.<\/p>\n\n\n\n<h2 class=\"wp-block-heading\" id=\"h-mercedes-especialmente-com-russell-e-quem-persegue-e-tenta-chance\"><strong>Mercedes, especialmente com Russell, \u00e9 quem persegue e tenta chance<\/strong><\/h2>\n\n\n\n<p class=\"wp-block-paragraph\">N\u00e3o \u00e9 nada f\u00e1cil imaginar a McLaren perdendo o GP do Jap\u00e3o, mas talvez a maior amea\u00e7a aos brit\u00e2nicos seja Russell. Com p\u00f3dio nas duas primeiras corridas do ano, George vai aproveitando as chances que tem, mas tamb\u00e9m sendo empurrado por um carro bastante digno da Mercedes. Os prateados surgem como potencial segunda for\u00e7a de novo e, nessa, \u00e9 uma oportunidade para o ingl\u00eas manter a pegada de oportunismo total na F1 2025.<\/p>\n\n\n\n<figure class=\"wp-block-image size-large\"><img decoding=\"async\" src=\"https:\/\/www.grandepremio.com\/br\/wp-content\/uploads\/2025\/04\/japao-2025-f1-treinos-livres-mercedes-george-russell-afp-06-1200x800.jpg\" alt=\"\" class=\"wp-image-948592\"\/><figcaption class=\"wp-element-caption\">George Russell andou forte no TL1 (Foto: AFP)<\/figcaption><\/figure>\n\n\n\n<h2 class=\"wp-block-heading\" id=\"h-red-bull-desanima-verstappen-mas-faz-tsunoda-sorrir\"><strong>Red Bull desanima Verstappen, mas faz Tsunoda sorrir<\/strong><\/h2>\n\n\n\n<p class=\"wp-block-paragraph\">Se Tsunoda fez um TL1 forte, conseguindo acompanhar o ritmo de Verstappen na estreia, a Red Bull n\u00e3o tem muitos motivos para celebrar. Tudo bem, \u00e9 legal ver o japon\u00eas bem melhor que Liam Lawson, mas os austr\u00edacos querem \u00e9 saber se Max est\u00e1 satisfeito. E a resposta \u00e9 claramente n\u00e3o. O neerland\u00eas saiu, inclusive, falando da falta de confian\u00e7a no RB21 no Jap\u00e3o. Pode conseguir alguma coisa, afinal, \u00e9 Verstappen, mas precisa ser muito otimista para ver um cen\u00e1rio melhor pelos lados energ\u00e9ticos.<\/p>\n\n\n\n<h2 class=\"wp-block-heading\" id=\"h-ferrari-tem-dia-morno-e-segue-longe-de-desafiar-mclaren\"><strong>Ferrari tem dia morno e segue longe de desafiar McLaren<\/strong><\/h2>\n\n\n\n<p class=\"wp-block-paragraph\">A sexta-feira da Ferrari n\u00e3o foi um horror, mas tamb\u00e9m n\u00e3o d\u00e1 para dizer que a campe\u00e3 voltou. Foi um dia morno dos italianos, que continuam com dificuldades claras para desenvolver todo potencial do carro e, hoje, simplesmente n\u00e3o t\u00eam como bater de frente com a McLaren. P\u00f3dio? At\u00e9 pode vir, nada impede, mas ser\u00e1 o suficiente? Falta bastante coisa ainda e Charles Leclerc tem raz\u00e3o: os papaias est\u00e3o &#8220;em outro planeta&#8221; ali.<\/p>\n\n\n\n<h2 class=\"wp-block-heading\" id=\"h-doohan-espanca-alpine-e-abraca-caos-de-vez-no-japao\"><strong>Doohan espanca Alpine e abra\u00e7a caos de vez no Jap\u00e3o<\/strong><\/h2>\n\n\n\n<p class=\"wp-block-paragraph\">Doohan ficou fora do TL1 para que Ry\u014d Hirakawa tivesse a experi\u00eancia na cota dos novatos. Mais tarde, precisando recuperar o tempo perdido, o australiano foi \u00e0 pista e, imediatamente, enfiou violentamente o carro no muro. A primeira sensa\u00e7\u00e3o era de alguma quebra, mas a Alpine tratou de avisar ao mundo: Jack simplesmente n\u00e3o fechou o DRS no final da reta e, assim, perdeu o controle do carro, tal qual aconteceu com Marcus Ericsson no GP da It\u00e1lia de 2018. Um erro inacredit\u00e1vel e que s\u00f3 empurra mais o australiano rumo ao inevit\u00e1vel fim da linha. Sorte a dele que Franco Colapinto n\u00e3o est\u00e1 em Suzuka\u2026<\/p>\n\n\n\n<p class=\"wp-block-paragraph\">A&nbsp;<strong><a href=\"https:\/\/www.grandepremio.com\/br\/f1\/\" target=\"_blank\" rel=\"noreferrer noopener\"><\/a><a href=\"https:\/\/www.grandepremio.com\/br\/f1\/\" target=\"_blank\" rel=\"noreferrer noopener\">F\u00f3rmula 1<\/a><\/strong>&nbsp;realiza o&nbsp;<strong>GP do Jap\u00e3o<\/strong>, em&nbsp;<strong>Suzuka<\/strong>, entre os dias 3 e 6 de abril, terceira etapa da&nbsp;<strong>temporada 2025<\/strong>. O&nbsp;<strong>GRANDE PR\u00caMIO<\/strong>&nbsp;acompanha todas as atividades&nbsp;<strong><a href=\"https:\/\/www.grandepremio.com\/br\/f1\/ao-vivo\" target=\"_blank\" rel=\"noreferrer noopener\">AO VIVO E EM&nbsp;<\/a><a href=\"https:\/\/www.grandepremio.com\/br\/ao-vivo\/\" target=\"_blank\" rel=\"noreferrer noopener\">TEMPO REAL<\/a><\/strong>, al\u00e9m de classifica\u00e7\u00e3o e corrida em&nbsp;<strong><a href=\"https:\/\/www.youtube.com\/@GrandePremio1\/streams\" target=\"_blank\" rel=\"noreferrer noopener\">SEGUNDA TELA no YouTube<\/a><\/strong>, em parceria com a Voz do Esporte. Ainda na&nbsp;<strong>sexta<\/strong>, \u00e0s<strong>&nbsp;23h30<\/strong>, os pilotos retornam \u00e0 pista para o&nbsp;<strong>terceiro treino livre<\/strong>, ao passo que a&nbsp;<strong>classifica\u00e7\u00e3o&nbsp;<\/strong>ser\u00e1 na madrugada de&nbsp;<strong>s\u00e1bado&nbsp;<\/strong>(5), \u00e0s&nbsp;<strong>3h<\/strong>. Por fim, no&nbsp;<strong>domingo&nbsp;<\/strong>(6), os pilotos disputam o GP do Jap\u00e3o \u00e0s&nbsp;<strong>2h<\/strong>. O&nbsp;<strong>Briefing&nbsp;<\/strong>chega para comentar na GPTV ap\u00f3s o fim de cada dia de atividades.<\/p>\n\n\n\n<p class=\"wp-block-paragraph\"><strong>\u25b6\ufe0f<\/strong> <strong>Inscreva-se nos dois canais do GRANDE PR\u00caMIO no YouTube:\u00a0<a href=\"https:\/\/www.youtube.com\/channel\/UC9OlHEgxoaY6QY6nWPoiqQg?sub_confirmation=1\" target=\"_blank\" rel=\"noreferrer noopener\">GP<\/a>\u00a0|\u00a0<a href=\"https:\/\/www.youtube.com\/channel\/UC9csiS6q_C3C0FYhyr1rnFA?sub_confirmation=1\" target=\"_blank\" rel=\"noreferrer noopener\">GP2<\/a><\/strong><\/p>\n\n\n\n<figure class=\"wp-block-embed is-type-video is-provider-youtube wp-block-embed-youtube wp-embed-aspect-16-9 wp-has-aspect-ratio\"><div class=\"wp-block-embed__wrapper\">\n<iframe loading=\"lazy\" title=\"DOOHAN DESTRU\u00cdDO, FOGO NA PISTA E PIASTRI NA FRENTE: TREINOS LIVRES DA F1 NO JAP\u00c3O | BRIEFING\" width=\"500\" height=\"281\" src=\"https:\/\/www.youtube.com\/embed\/rCQkZn3DJw0?feature=oembed\" frameborder=\"0\" allow=\"accelerometer; autoplay; clipboard-write; encrypted-media; gyroscope; picture-in-picture; web-share\" referrerpolicy=\"strict-origin-when-cross-origin\" allowfullscreen><\/iframe>\n<\/div><\/figure>\n","protected":false},"excerpt":{"rendered":"<p>Em um dia marcado por um TL2 quase inexistente e um acidente medonho de Jack Doohan, o GP do Jap\u00e3o come\u00e7a como terminou o da China: com a McLaren muito favorita<\/p>\n","protected":false},"author":0,"featured_media":1000948603,"comment_status":"closed","ping_status":"closed","sticky":false,"template":"","format":"standard","meta":{"42wp_featured_image_caption":"","42wp_featured_image_credits":"","42wp_featured_video":"","42wp_featured_image_hidden":false,"42wp_authors_list":[],"footnotes":""},"categories":[2],"tags":[4346,654,20491,27861,7094,309,26000,1280,546,209,441,5660,302,3630,642,176,207,38466,578,33334,38677,180,350,42809,38313,40108,800,1224,42946,34188,5489,1753,222,36579,42945,119,40439,14495,37485,31949,42813,41987,41986,42374,30039,33934,1713,41429,42737,40088,40904,28104,596,24855,32659,36553,485,547,42739,36655,40783,37187,39670,87,595,203,90,4928,37605,1757,34212,82,39069,535,37633,1521,30806,37737,40440,39129,40982,29923,42697,2916,36778,40367,676,38179,42749,41954,41953,35892,38683,20372,204,42188,27332,27716,39206,42740,36315,40123,40483,38501,39987,1197,42293,16330,37695,3901,42808,36313,42605,608,32660,42812,38321,39049,42692,27383,37936,215,42814,25011,33777,223,39121,597],"42wp_author":[47117],"class_list":["post-24958","post","type-post","status-publish","format-standard","has-post-thumbnail","hentry","category-f1","tag-albert-park","tag-alexander-albon","tag-alpine","tag-andrea-kimi-antonelli","tag-andrea-stella","tag-aston-martin","tag-audiencia-da-tv","tag-band","tag-carlos-sainz","tag-charles-leclerc","tag-china","tag-classificacao","tag-esteban-ocon","tag-f1-2025","tag-f1-ao-vivo","tag-fernando-alonso","tag-ferrari","tag-ferrari-2025","tag-ferrari-f1","tag-ferrari-formula-1","tag-fim-de-semana-australia","tag-formula-1","tag-gabriel-bortoleto","tag-gasly-2025","tag-gasly-f1","tag-gasly-formula-1","tag-george-russell","tag-globo","tag-gp-albert-park","tag-gp-australia","tag-gp-china","tag-gp-da-australia","tag-gp-da-china","tag-gp-japao","tag-gp-melbourne","tag-haas","tag-haas-2025","tag-haas-f1","tag-haas-formula-1","tag-hadjar","tag-hadjar-2025","tag-hadjar-f1","tag-hadjar-formula-1","tag-hamilton-2025","tag-hamilton-f1","tag-hamilton-formula-1","tag-hamilton-na-ferrari","tag-hulk-f1","tag-hulkenberg-2025","tag-hulkenberg-f1","tag-hulkenberg-formula-1","tag-isack-hadjar","tag-jack-doohan","tag-japao","tag-japao-f1","tag-japao-gp","tag-lance-stroll","tag-lando-norris","tag-lawson-2025","tag-lawson-f1","tag-lawson-formula-1","tag-leclerc-f1","tag-leclerc-formula-1","tag-lewis-hamilton","tag-liam-lawson","tag-max-verstappen","tag-mclaren","tag-mclaren-f1","tag-mclaren-formula-1","tag-melbourne","tag-melbourne-f1","tag-mercedes","tag-mercedes-2025","tag-mercedes-f1","tag-mercedes-formula-1","tag-nico-hulkenberg","tag-norris-f1","tag-norris-formula-1","tag-ocon-2025","tag-ocon-f1","tag-ocon-formula-1","tag-oliver-bearman","tag-oliver-bearman-formula-1","tag-oscar-piastri","tag-piastri-f1","tag-piastri-formula-1","tag-pierre-gasly","tag-racing-bulls","tag-racing-bulls-2025","tag-racing-bulls-f1","tag-racing-bulls-formula-1","tag-ranking-de-ultrapassagens","tag-ranking-de-ultrapassagens-f1","tag-record","tag-red-bull","tag-red-bull-2025","tag-red-bull-f1","tag-red-bull-formula-1","tag-redetv","tag-russell-2025","tag-russell-f1","tag-russell-formula-1","tag-sainz-2025","tag-sainz-f1","tag-sainz-formula-1","tag-sauber","tag-sauber-2025","tag-sauber-f1","tag-sauber-formula-1","tag-sbt","tag-stroll-2025","tag-stroll-f1","tag-stroll-formula-1","tag-suzuka","tag-suzuka-f1","tag-tsunoda-2025","tag-tsunoda-f1","tag-tsunoda-formula-1","tag-verstappen-2025","tag-verstappen-f1","tag-verstappen-formula-1","tag-williams","tag-williams-2025","tag-williams-f1","tag-williams-formula-1","tag-xangai","tag-xangai-f1","tag-yuki-tsunoda","42wp_author-gabriel-curty"],"_links":{"self":[{"href":"https:\/\/grandepremio.com\/br\/wp-json\/wp\/v2\/posts\/24958","targetHints":{"allow":["GET"]}}],"collection":[{"href":"https:\/\/grandepremio.com\/br\/wp-json\/wp\/v2\/posts"}],"about":[{"href":"https:\/\/grandepremio.com\/br\/wp-json\/wp\/v2\/types\/post"}],"replies":[{"embeddable":true,"href":"https:\/\/grandepremio.com\/br\/wp-json\/wp\/v2\/comments?post=24958"}],"version-history":[{"count":0,"href":"https:\/\/grandepremio.com\/br\/wp-json\/wp\/v2\/posts\/24958\/revisions"}],"wp:featuredmedia":[{"embeddable":true,"href":"https:\/\/grandepremio.com\/br\/wp-json\/wp\/v2\/media\/1000948603"}],"wp:attachment":[{"href":"https:\/\/grandepremio.com\/br\/wp-json\/wp\/v2\/media?parent=24958"}],"wp:term":[{"taxonomy":"category","embeddable":true,"href":"https:\/\/grandepremio.com\/br\/wp-json\/wp\/v2\/categories?post=24958"},{"taxonomy":"post_tag","embeddable":true,"href":"https:\/\/grandepremio.com\/br\/wp-json\/wp\/v2\/tags?post=24958"},{"taxonomy":"42wp_author","embeddable":true,"href":"https:\/\/grandepremio.com\/br\/wp-json\/wp\/v2\/42wp_author?post=24958"}],"curies":[{"name":"wp","href":"https:\/\/api.w.org\/{rel}","templated":true}]}}