{"id":25047,"date":"2025-04-03T04:30:00","date_gmt":"2025-04-03T07:30:00","guid":{"rendered":"https:\/\/grandepremio.com\/br\/noticias\/guenther-steiner-saida-lewis-hamilton-ninguem-perceber-inicio-forte-mercedes\/"},"modified":"2025-04-02T22:33:42","modified_gmt":"2025-04-03T01:33:42","slug":"guenther-steiner-saida-lewis-hamilton-ninguem-perceber-inicio-forte-mercedes","status":"publish","type":"post","link":"https:\/\/grandepremio.com\/br\/f1\/guenther-steiner-saida-lewis-hamilton-ninguem-perceber-inicio-forte-mercedes\/","title":{"rendered":"Steiner diz que sa\u00edda de Hamilton fez &#8220;ningu\u00e9m perceber&#8221; in\u00edcio forte da Mercedes"},"content":{"rendered":"\n<p class=\"wp-block-paragraph\"><strong>Guenther Steiner<\/strong> v\u00ea como &#8220;estranha&#8221; a falta de destaque sobre o desempenho de <strong>George Russell<\/strong>, que levou a <strong>Mercedes <\/strong>ao p\u00f3dio nas duas corridas da <strong>F1 2025<\/strong> at\u00e9 aqui. Segundo o ex-chefe da <strong>Haas<\/strong>, que hoje atua como comentarista e palestrante, a sa\u00edda de <strong>Lewis Hamilton<\/strong> para a <strong>Ferrari <\/strong>reduziu os holofotes sobre a equipe. Para ele, o time n\u00e3o tem sido visto como deveria.<\/p>\n\n\n\n<p class=\"wp-block-paragraph\">&#8220;A Mercedes come\u00e7ou muito bem. Mas, estranhamente, ningu\u00e9m percebeu o suficiente porque Lewis foi embora. \u00c9 esquisito. George est\u00e1 fazendo um trabalho fant\u00e1stico e terminou no p\u00f3dio duas vezes. E foi sempre: &#8216;Ah, ele est\u00e1 no p\u00f3dio?&#8217;. Mas ser\u00e1 uma briga apertada&#8221;, disse Steiner \u00e0 esta\u00e7\u00e3o de r\u00e1dio brit\u00e2nica TalkSport.<\/p>\n\n\n\n<p class=\"wp-block-paragraph\">At\u00e9 aqui, Russell extraiu o m\u00e1ximo que p\u00f4de da Mercedes em todas as corridas. Primeiro, largou em <strong>quarto <\/strong>e chegou em <strong>terceiro <\/strong>na <strong>Austr\u00e1lia<\/strong>; depois, come\u00e7ou em <strong>segundo <\/strong>e fechou em <strong>terceiro <\/strong>na <strong>China<\/strong>. Al\u00e9m disso, na <strong>corrida sprint<\/strong> de Xangai, terminou em <strong>quarto<\/strong>.<\/p>\n\n\n\n<p class=\"wp-block-paragraph\">Para a pr\u00f3xima etapa da F1, o <strong>GP do Jap\u00e3o<\/strong>, Steiner espera descobrir um pouco mais sobre a real ordem de for\u00e7as do grid. Depois de destacar as caracter\u00edsticas do <strong>Circuito de Suzuka<\/strong>, Guenther disse ver a <strong>McLaren <\/strong>\u00e0 frente das demais \u2014 mas enxerga uma briga extremamente equilibrada atr\u00e1s dos carros ingleses.<\/p>\n\n\n\n<figure class=\"wp-block-image size-large\"><img decoding=\"async\" src=\"https:\/\/www.grandepremio.com\/br\/wp-content\/uploads\/2023\/11\/las-vegas-2023-f1-treino-livre-haas-guenther-steiner-afp-01-1024x682.jpg\" alt=\"\" class=\"wp-image-754915\"\/><figcaption class=\"wp-element-caption\">Steiner tem emitido opini\u00f5es constantes sobre a F1 (Foto: AFP)<\/figcaption><\/figure>\n\n\n\n<p class=\"wp-block-paragraph\">&#8220;Veremos realmente no Jap\u00e3o como os carros est\u00e3o&#8221;, prosseguiu o ex-Haas. &#8220;Ser\u00e1 a primeira pista com curvas realmente r\u00e1pidas, muito desafiadora. Mas acho que a favorita \u00e9 a McLaren. Atr\u00e1s deles, est\u00e1 t\u00e3o apertado que voc\u00ea realmente n\u00e3o sabe quem \u00e9 bom&#8221;, destacou.<\/p>\n\n\n\n<p class=\"wp-block-paragraph\">Terceira etapa da temporada 2025 da F1, o <strong>GP do Jap\u00e3o<\/strong> ser\u00e1 disputado entre os dias <strong>4 e 6 de abril<\/strong>, no <strong>Circuito de Suzuka<\/strong>. O <strong>GRANDE PR\u00caMIO<\/strong> faz a cobertura completa do evento.<\/p>\n\n\n\n<p class=\"wp-block-paragraph\">\u25b6\ufe0f&nbsp;<strong>Inscreva-se nos dois canais do GRANDE PR\u00caMIO no YouTube:&nbsp;<a href=\"https:\/\/www.youtube.com\/channel\/UC9OlHEgxoaY6QY6nWPoiqQg?sub_confirmation=1\" target=\"_blank\" rel=\"noreferrer noopener\">GP<\/a>&nbsp;|&nbsp;<a href=\"https:\/\/www.youtube.com\/channel\/UC9csiS6q_C3C0FYhyr1rnFA?sub_confirmation=1\" target=\"_blank\" rel=\"noreferrer noopener\">GP2<\/a><\/strong><\/p>\n\n\n\n<figure class=\"wp-block-embed is-type-video is-provider-youtube wp-block-embed-youtube wp-embed-aspect-16-9 wp-has-aspect-ratio\"><div class=\"wp-block-embed__wrapper\">\n<iframe loading=\"lazy\" title=\"SAUBER SONHA COM PONTOS NO JAP\u00c3O E VERSTAPPEN SINALIZA INSATISFA\u00c7\u00c3O | Paddock Sprint\" width=\"500\" height=\"281\" src=\"https:\/\/www.youtube.com\/embed\/vMVVi83zd7o?feature=oembed\" frameborder=\"0\" allow=\"accelerometer; autoplay; clipboard-write; encrypted-media; gyroscope; picture-in-picture; web-share\" referrerpolicy=\"strict-origin-when-cross-origin\" allowfullscreen><\/iframe>\n<\/div><\/figure>\n","protected":false},"excerpt":{"rendered":"<p>Ex-chefe da Haas na F1, Guenther Steiner ressaltou que a Mercedes come\u00e7ou bem na temporada 2025, mas recebe menos holofotes ap\u00f3s a sa\u00edda de Lewis Hamilton<\/p>\n","protected":false},"author":0,"featured_media":1000943538,"comment_status":"closed","ping_status":"closed","sticky":false,"template":"","format":"standard","meta":{"42wp_featured_image_caption":"","42wp_featured_image_credits":"","42wp_featured_video":"","42wp_featured_image_hidden":false,"42wp_authors_list":[],"footnotes":""},"categories":[2],"tags":[3630,642,800,3023,1491,32667,1490,87,82,32660],"42wp_author":[47142],"class_list":["post-25047","post","type-post","status-publish","format-standard","has-post-thumbnail","hentry","category-f1","tag-f1-2025","tag-f1-ao-vivo","tag-george-russell","tag-gp-do-japao","tag-grande-premio","tag-grandepremio-f1","tag-guenther-steiner","tag-lewis-hamilton","tag-mercedes","tag-suzuka-f1","42wp_author-jp-nascimento"],"_links":{"self":[{"href":"https:\/\/grandepremio.com\/br\/wp-json\/wp\/v2\/posts\/25047","targetHints":{"allow":["GET"]}}],"collection":[{"href":"https:\/\/grandepremio.com\/br\/wp-json\/wp\/v2\/posts"}],"about":[{"href":"https:\/\/grandepremio.com\/br\/wp-json\/wp\/v2\/types\/post"}],"replies":[{"embeddable":true,"href":"https:\/\/grandepremio.com\/br\/wp-json\/wp\/v2\/comments?post=25047"}],"version-history":[{"count":0,"href":"https:\/\/grandepremio.com\/br\/wp-json\/wp\/v2\/posts\/25047\/revisions"}],"wp:featuredmedia":[{"embeddable":true,"href":"https:\/\/grandepremio.com\/br\/wp-json\/wp\/v2\/media\/1000943538"}],"wp:attachment":[{"href":"https:\/\/grandepremio.com\/br\/wp-json\/wp\/v2\/media?parent=25047"}],"wp:term":[{"taxonomy":"category","embeddable":true,"href":"https:\/\/grandepremio.com\/br\/wp-json\/wp\/v2\/categories?post=25047"},{"taxonomy":"post_tag","embeddable":true,"href":"https:\/\/grandepremio.com\/br\/wp-json\/wp\/v2\/tags?post=25047"},{"taxonomy":"42wp_author","embeddable":true,"href":"https:\/\/grandepremio.com\/br\/wp-json\/wp\/v2\/42wp_author?post=25047"}],"curies":[{"name":"wp","href":"https:\/\/api.w.org\/{rel}","templated":true}]}}