{"id":25054,"date":"2025-04-03T03:27:01","date_gmt":"2025-04-03T06:27:01","guid":{"rendered":"https:\/\/grandepremio.com\/br\/noticias\/max-verstappen-red-bull-sabe-penso-liam-lawson-nem-tudo-ser-publico\/"},"modified":"2025-04-03T05:33:23","modified_gmt":"2025-04-03T08:33:23","slug":"max-verstappen-red-bull-sabe-penso-liam-lawson-nem-tudo-ser-publico","status":"publish","type":"post","link":"https:\/\/grandepremio.com\/br\/f1\/max-verstappen-red-bull-sabe-penso-liam-lawson-nem-tudo-ser-publico\/","title":{"rendered":"Verstappen diz que Red Bull &#8220;sabe o que penso&#8221; sobre Lawson: &#8220;Nem tudo tem de ser p\u00fablico&#8221;"},"content":{"rendered":"\n<p class=\"wp-block-paragraph\"><strong>Max Verstappen <\/strong>foi curto e direto ao ser questionado sobre a recente troca entre<strong> Liam Lawson<\/strong> e<strong> Yuki Tsunoda<\/strong> no assento n\u00ba 2 da<strong> Red Bull<\/strong>. \u00c0 imprensa em <strong>Suzuka<\/strong>, que recebe o<strong> GP do Jap\u00e3o<\/strong> neste fim de semana, afirmou que a equipe &#8220;sabe o que ele pensa&#8221; e ainda deu uma cutucada leve na m\u00eddia.<\/p>\n\n\n\n<p class=\"wp-block-paragraph\">A reviravolta no grupo Red Bull movimentou a semana p\u00f3s-<strong>GP da China<\/strong>. Depois de mais um resultado muito ruim, caindo no <strong>Q1 <\/strong>e ficando fora da zona de pontos na corrida, os taurinos optaram por rebaixar Lawson \u00e0 <strong>Racing Bulls <\/strong>e subir Tsunoda a partir deste fim de semana.<\/p>\n\n\n\n<p class=\"wp-block-paragraph\">A decis\u00e3o, no entanto, <a href=\"https:\/\/www.grandepremio.com\/br\/f1\/noticias\/consultor-red-bull-diz-max-verstappen-nao-esta-feliz-troca-liam-lawson-yuki-tsunoda\/\">n\u00e3o agradou Verstappen<\/a>, que foi contra a sa\u00edda de Lawson depois de somente duas etapas da<strong> temporada 2025<\/strong>, informou <strong>Helmut Marko<\/strong>. A Red Bull ainda convocou uma reuni\u00e3o de emerg\u00eancia para discutir o desenvolvimento do <strong>RB21<\/strong> e buscar respostas para Max.<\/p>\n\n\n\n<p class=\"wp-block-paragraph\">&#8220;Minha rea\u00e7\u00e3o \u00e9 de conhecimento da equipe. N\u00e3o s\u00f3 sobre a mudan\u00e7a, mas tamb\u00e9m sobre outras coisas. J\u00e1 discutimos isso durante o \u00faltimo fim de semana de corrida e na f\u00e1brica&#8221;, come\u00e7ou Verstappen. <\/p>\n\n\n\n<figure class=\"wp-block-image size-large\"><img decoding=\"async\" src=\"https:\/\/www.grandepremio.com\/br\/wp-content\/uploads\/2025\/02\/bahrain-2025-f1-teste-pre-temporada-red-bull-racing-liam-lawson-max-verstappen-01-1200x800.jpg\" alt=\"\" class=\"wp-image-931643\"\/><figcaption class=\"wp-element-caption\">Max Verstappen apoiou a perman\u00eancia de Liam Lawson na Red Bull (Red Bull Racing)<\/figcaption><\/figure>\n\n\n\n<p class=\"wp-block-paragraph\">&#8220;Discuti tudo com eles, e sabem o que penso de tudo. E acho que \u00e9 o suficiente, sendo honesto&#8221;, come\u00e7ou Verstappen. &#8220;Sinceramente, algumas coisas que discutimos nem sempre precisam ser ditas em p\u00fablico&#8221;, acrescentou.<\/p>\n\n\n\n<p class=\"wp-block-paragraph\">&#8220;Nosso principal problema \u00e9 que o carro n\u00e3o \u00e9 bom o suficiente. Acho que todos na equipe sabem e \u00e9 nisso que estou focando. Quando o carro estiver mais competitivo e melhor para pilotar, o outro estar\u00e1 mais perto&#8221;, completou Max.<\/p>\n\n\n\n<p class=\"wp-block-paragraph\">Ele tamb\u00e9m foi questionado <a href=\"https:\/\/www.grandepremio.com\/br\/f1\/noticias\/max-verstappen-curte-postagem-critica-giedo-van-der-garde-red-bull-bullying-panico\/\">sobre a curtida no post de Giedo van der Garde<\/a>, que chamou a atitude da Red Bull de &#8220;bullying e jogada de p\u00e2nico&#8221;. Verstappen mais uma vez n\u00e3o fez rodeios. &#8220;Gostei do texto, ent\u00e3o j\u00e1 diz o suficiente, certo? N\u00e3o foi um erro. Acontece \u00e0s vezes quando voc\u00ea clica em algo.&#8221;<\/p>\n\n\n\n<p class=\"wp-block-paragraph\">Por fim, saiu novamente em defesa do agora ex-companheiro. &#8220;Liam disputou 11 corridas em per\u00edodos diferentes. Para novatos, \u00e9 dif\u00edcil com o calend\u00e1rio atual da F\u00f3rmula 1. Eles n\u00e3o correram na maioria dos circuitos, e a China, por exemplo, foi um fim de semana de sprint. Esses cen\u00e1rios n\u00e3o ajudam. Do meu lado, \u00e9 muito complicado dizer o qu\u00e3o dif\u00edcil ou bom o carro \u00e9 de pilotar, porque nunca corri em outra equipe. Eu me adapto o melhor que posso&#8221;, encerrou Verstappen.<\/p>\n\n\n\n<p class=\"wp-block-paragraph\">Tsunoda ser\u00e1 o sexto companheiro de equipe do neerland\u00eas na equipe taurina. Al\u00e9m de Lawson, ele j\u00e1 dividiu os boxes com <strong>Daniel Ricciardo<\/strong>,<strong> Pierre Gasly<\/strong>,<strong> Alexander Albon<\/strong> e <strong>Sergio P\u00e9rez<\/strong>. Destes, Gasly tamb\u00e9m passou por situa\u00e7\u00e3o semelhante, ao durar somente 12 corridas na Red Bull, em 2019, antes de ser rebaixado \u00e0 ent\u00e3o <strong>Toro Rosso<\/strong>.<\/p>\n\n\n\n<p class=\"wp-block-paragraph\">A\u00a0<strong><a href=\"https:\/\/www.grandepremio.com\/br\/f1\/\" target=\"_blank\" rel=\"noreferrer noopener\"><\/a><a href=\"https:\/\/www.grandepremio.com\/br\/f1\/\" target=\"_blank\" rel=\"noreferrer noopener\">F\u00f3rmula 1<\/a><\/strong>\u00a0realiza o\u00a0<strong>GP do Jap\u00e3o<\/strong>, em\u00a0<strong>Suzuka<\/strong>, entre os dias 3 e 6 de abril, terceira etapa da\u00a0<strong>temporada 2025<\/strong>. O\u00a0<strong>GRANDE PR\u00caMIO<\/strong>\u00a0acompanha todas as atividades\u00a0<strong><a href=\"https:\/\/www.grandepremio.com\/br\/f1\/ao-vivo\" target=\"_blank\" rel=\"noreferrer noopener\">AO VIVO E EM\u00a0<\/a><a href=\"https:\/\/www.grandepremio.com\/br\/ao-vivo\/\" target=\"_blank\" rel=\"noreferrer noopener\">TEMPO REAL<\/a><\/strong>, al\u00e9m de classifica\u00e7\u00e3o e corrida em\u00a0<strong><a href=\"https:\/\/www.youtube.com\/@GrandePremio1\/streams\" target=\"_blank\" rel=\"noreferrer noopener\">SEGUNDA TELA no YouTube<\/a><\/strong>, em parceria com a Voz do Esporte. Por conta do fuso, o<strong>\u00a0treino livre 1<\/strong>\u00a0acontece na noite de\u00a0<strong>quinta-feira<\/strong>\u00a0(3), \u00e0s<strong>\u00a023h30<\/strong>\u00a0(de Bras\u00edlia, GMT-3). Depois, \u00e0s\u00a0<strong>3h\u00a0<\/strong>de\u00a0<strong>sexta-feira<\/strong>\u00a0(4), realizam a<strong>\u00a0segunda sess\u00e3o<\/strong>. Ainda na\u00a0<strong>sexta<\/strong>, \u00e0s<strong>\u00a023h30<\/strong>, eles retornam para o\u00a0<strong>terceiro treino livre<\/strong>, ao passo que a\u00a0<strong>classifica\u00e7\u00e3o\u00a0<\/strong>ser\u00e1 na madrugada de\u00a0<strong>s\u00e1bado\u00a0<\/strong>(5), \u00e0s\u00a0<strong>3h<\/strong>. Por fim, no\u00a0<strong>domingo\u00a0<\/strong>(6), os pilotos disputam o GP do Jap\u00e3o \u00e0s\u00a0<strong>2h<\/strong>. O\u00a0<strong>Briefing\u00a0<\/strong>chega para comentar na GPTV ap\u00f3s o fim de cada dia de atividades.<\/p>\n\n\n\n<p class=\"wp-block-paragraph\">\u25b6\ufe0f <strong>Inscreva-se nos dois canais do GRANDE PR\u00caMIO no YouTube:\u00a0<a href=\"https:\/\/www.youtube.com\/channel\/UC9OlHEgxoaY6QY6nWPoiqQg?sub_confirmation=1\" target=\"_blank\" rel=\"noreferrer noopener\">GP<\/a>\u00a0|\u00a0<a href=\"https:\/\/www.youtube.com\/channel\/UC9csiS6q_C3C0FYhyr1rnFA?sub_confirmation=1\" target=\"_blank\" rel=\"noreferrer noopener\">GP2<\/a><\/strong><\/p>\n\n\n\n<figure class=\"wp-block-embed is-type-video is-provider-youtube wp-block-embed-youtube wp-embed-aspect-16-9 wp-has-aspect-ratio\"><div class=\"wp-block-embed__wrapper\">\n<iframe loading=\"lazy\" title=\"BORTOLETO TEM NOVO CHEFE NA F1 + P\u00c9REZ VINGADO EM IMPLOS\u00c3O DA RED BULL | TTGP #173\" width=\"500\" height=\"281\" src=\"https:\/\/www.youtube.com\/embed\/c_UDdwINeQk?feature=oembed\" frameborder=\"0\" allow=\"accelerometer; autoplay; clipboard-write; encrypted-media; gyroscope; picture-in-picture; web-share\" referrerpolicy=\"strict-origin-when-cross-origin\" allowfullscreen><\/iframe>\n<\/div><\/figure>\n","protected":false},"excerpt":{"rendered":"<p>Max Verstappen ainda cobrou melhorias no carro da Red Bull, afirmando que o segundo piloto ser\u00e1 r\u00e1pido quando o RB21 resolver os problemas atuais<\/p>\n","protected":false},"author":0,"featured_media":1000941151,"comment_status":"closed","ping_status":"closed","sticky":false,"template":"","format":"standard","meta":{"42wp_featured_image_caption":"","42wp_featured_image_credits":"","42wp_featured_video":"","42wp_featured_image_hidden":false,"42wp_authors_list":[],"footnotes":""},"categories":[2],"tags":[26271,5273,147,3630,180,3628,32218,3023,38972,1491,28285,30840,24855,43102,32659,595,203,35129,204,608,43103,32660,42001,597],"42wp_author":[47147],"class_list":["post-25054","post","type-post","status-publish","format-standard","has-post-thumbnail","hentry","category-f1","tag-calendario-f1","tag-classificacao-f1","tag-f1","tag-f1-2025","tag-formula-1","tag-formula-1-2025","tag-giedo-van-der-garde","tag-gp-do-japao","tag-gp-do-japao-f1","tag-grande-premio","tag-grandepremio","tag-horarios-f1","tag-japao","tag-japao-2025","tag-japao-f1","tag-liam-lawson","tag-max-verstappen","tag-onde-assistir-f1","tag-red-bull","tag-suzuka","tag-suzuka-2025","tag-suzuka-f1","tag-temporada-2025-f1","tag-yuki-tsunoda","42wp_author-luana-marino"],"_links":{"self":[{"href":"https:\/\/grandepremio.com\/br\/wp-json\/wp\/v2\/posts\/25054","targetHints":{"allow":["GET"]}}],"collection":[{"href":"https:\/\/grandepremio.com\/br\/wp-json\/wp\/v2\/posts"}],"about":[{"href":"https:\/\/grandepremio.com\/br\/wp-json\/wp\/v2\/types\/post"}],"replies":[{"embeddable":true,"href":"https:\/\/grandepremio.com\/br\/wp-json\/wp\/v2\/comments?post=25054"}],"version-history":[{"count":0,"href":"https:\/\/grandepremio.com\/br\/wp-json\/wp\/v2\/posts\/25054\/revisions"}],"wp:featuredmedia":[{"embeddable":true,"href":"https:\/\/grandepremio.com\/br\/wp-json\/wp\/v2\/media\/1000941151"}],"wp:attachment":[{"href":"https:\/\/grandepremio.com\/br\/wp-json\/wp\/v2\/media?parent=25054"}],"wp:term":[{"taxonomy":"category","embeddable":true,"href":"https:\/\/grandepremio.com\/br\/wp-json\/wp\/v2\/categories?post=25054"},{"taxonomy":"post_tag","embeddable":true,"href":"https:\/\/grandepremio.com\/br\/wp-json\/wp\/v2\/tags?post=25054"},{"taxonomy":"42wp_author","embeddable":true,"href":"https:\/\/grandepremio.com\/br\/wp-json\/wp\/v2\/42wp_author?post=25054"}],"curies":[{"name":"wp","href":"https:\/\/api.w.org\/{rel}","templated":true}]}}