{"id":25122,"date":"2025-04-01T09:02:16","date_gmt":"2025-04-01T12:02:16","guid":{"rendered":"https:\/\/grandepremio.com\/br\/noticias\/claire-williams-volta-f1-como-embaixadora-novo-patrocinador-equipe\/"},"modified":"2025-04-01T09:04:01","modified_gmt":"2025-04-01T12:04:01","slug":"claire-williams-volta-f1-como-embaixadora-novo-patrocinador-equipe","status":"publish","type":"post","link":"https:\/\/grandepremio.com\/br\/f1\/claire-williams-volta-f1-como-embaixadora-novo-patrocinador-equipe\/","title":{"rendered":"Claire Williams volta \u00e0 F1 como embaixadora de novo patrocinador da equipe"},"content":{"rendered":"\n<p class=\"wp-block-paragraph\"><strong>Claire Williams<\/strong>, que ocupou o cargo de vice-diretora da <strong>Williams <\/strong>de 2013 a 2020, assumiu o posto de embaixadora da <strong>F\u00f3rmula 1 <\/strong>no banco Santander. A empresa espanhola recentemente fechou um acordo de patroc\u00ednio com a equipe de <strong>Grove<\/strong>, que conta com <strong>Carlos Sainz<\/strong> ao lado de <strong>Alexander Albon<\/strong> na escala\u00e7\u00e3o de pilotos para 2025.\u00a0<\/p>\n\n\n\n<p class=\"wp-block-paragraph\">Sainz, inclusive, tem o Santander como patrocinador pessoal, o que facilitou a aproxima\u00e7\u00e3o do banco com a Williams nesta temporada. J\u00e1 Claire volta aos holofotes da <strong>F1 <\/strong>depois de ficar mais afastada desde que deixou a esquadra inglesa em 2020.\u00a0<\/p>\n\n\n\n<p class=\"wp-block-paragraph\">Desde ent\u00e3o, voltou a fazer algumas algumas apari\u00e7\u00f5es na rec\u00e9m-lan\u00e7ada s\u00e9tima temporada da s\u00e9rie \u2018Drive to Survive\u2019, da <em>Netflix<\/em>.&nbsp;<\/p>\n\n\n\n<p class=\"wp-block-paragraph\">&#8220;Estou empolgada por me juntar ao Santander como embaixadora da F1. Foi incr\u00edvel participar de um dia brilhante com a equipe de lideran\u00e7a deles. Conversamos sobre desempenho, resili\u00eancia e o que realmente \u00e9 necess\u00e1rio para liderar sob press\u00e3o\u201d, publicou Claire Williams nas redes sociais.&nbsp;<\/p>\n\n\n\n<figure class=\"wp-block-image size-large\"><img decoding=\"async\" src=\"https:\/\/www.grandepremio.com\/br\/wp-content\/uploads\/2025\/03\/australia-2025-f1-treinos-livres-williams-carlos-sainz-03-1200x800.jpg\" alt=\"\" class=\"wp-image-938445\"\/><figcaption class=\"wp-element-caption\">Carlos Sainz levou patrocinadora pessoal para a Williams (Foto: Williams)<\/figcaption><\/figure>\n\n\n\n<p class=\"wp-block-paragraph\">&#8220;Muito obrigado ao <strong>Mike Regnier<\/strong> [CEO do Santander UK] e \u00e0 equipe pelo acolhimento caloroso, e \u00e0 <strong>Jennie Gow<\/strong> [apresentadora da F1] por liderar uma conversa t\u00e3o \u00f3tima. Estou animada para o que est\u00e1 por vir&#8221;, concluiu.&nbsp;<\/p>\n\n\n\n<p class=\"wp-block-paragraph\">Recentemente, Williams tamb\u00e9m falou sobre ter voltado ao mundo da F\u00f3rmula 1 atrav\u00e9s da s\u00e9rie \u2018Drive to Survive\u2019. A filha de <strong>Frank Williams<\/strong> analisou como tem sido voltar ao esporte para criticar e falar sobre o trabalho de pessoas que hoje ocupam cargos similares ao que ela j\u00e1 ocupou no passado.&nbsp;<\/p>\n\n\n\n<p class=\"wp-block-paragraph\">&#8220;Estou muito ciente de que \u00e9 um privil\u00e9gio ser convidada para fazer isso. \u00c9 um dos maiores programas de reality esportivo, e \u00e9 feito de forma impec\u00e1vel. No entanto, acho estranho, pois j\u00e1 estive do outro lado da cerca. Antes, eu estava no programa e as pessoas me julgavam. Agora, uma das minhas responsabilidades, sentada na cadeira como comentarista, \u00e9 falar sobre o que as pessoas no esporte est\u00e3o fazendo\u201d, disse Claire.&nbsp;<\/p>\n\n\n\n<p class=\"wp-block-paragraph\">&#8220;Quando eu estava no esporte, essa era uma das coisas que eu menos gostava \u2013 estar t\u00e3o exposta e as pessoas terem tantas opini\u00f5es. Ent\u00e3o, quando aceitei fazer isso, a quest\u00e3o era como equilibrar a capacidade de analisar e comentar sobre pessoas cujos sapatos eu j\u00e1 calcei e fazer isso de maneira justa e positiva. N\u00e3o \u00e9 f\u00e1cil&#8221;, concluiu.&nbsp;<\/p>\n\n\n\n<p class=\"wp-block-paragraph\">A F\u00f3rmula 1 volta de 4 a 6 de abril em <strong>Suzuka<\/strong>, palco do <strong>GP do Jap\u00e3o<\/strong>, terceira etapa da temporada 2025.<\/p>\n\n\n\n<p class=\"wp-block-paragraph\"><strong>\u25b6\ufe0f<\/strong>\u00a0<strong>Inscreva-se nos dois canais do GRANDE PR\u00caMIO no YouTube:\u00a0<a href=\"https:\/\/www.youtube.com\/channel\/UC9OlHEgxoaY6QY6nWPoiqQg?sub_confirmation=1\" target=\"_blank\" rel=\"noreferrer noopener\">GP<\/a>\u00a0|\u00a0<a href=\"https:\/\/www.youtube.com\/channel\/UC9csiS6q_C3C0FYhyr1rnFA?sub_confirmation=1\" target=\"_blank\" rel=\"noreferrer noopener\">GP2<\/a><\/strong><br>\u25b6\ufe0f\u00a0<strong>LEIA MAIS:\u00a0<\/strong><a href=\"https:\/\/www.grandepremio.com\/br\/f1\/noticias\/gabriel-bortoleto-encara-nova-licao-tecnica-suzuka-sauber-tem-pouco-oferecer\/\"><strong>Bortoleto encara nova li\u00e7\u00e3o em t\u00e9cnica Suzuka com Sauber que tem pouco a oferecer<\/strong><\/a><\/p>\n\n\n\n<figure class=\"wp-block-embed is-type-video is-provider-youtube wp-block-embed-youtube wp-embed-aspect-16-9 wp-has-aspect-ratio\"><div class=\"wp-block-embed__wrapper\">\n<iframe loading=\"lazy\" title=\"NOVA RIVALIDADE DA MCLAREN NA F1 NO JAP\u00c3O? + TSUNODA NA RED BULL | Paddock GP #409\" width=\"500\" height=\"281\" src=\"https:\/\/www.youtube.com\/embed\/qztnesYMJ38?feature=oembed\" frameborder=\"0\" allow=\"accelerometer; autoplay; clipboard-write; encrypted-media; gyroscope; picture-in-picture; web-share\" referrerpolicy=\"strict-origin-when-cross-origin\" allowfullscreen><\/iframe>\n<\/div><\/figure>\n","protected":false},"excerpt":{"rendered":"<p>Ex-vice-diretora da Williams assumiu cargo de embaixadora da F\u00f3rmula 1 no banco Santander. Empresa espanhola assinou um acordo de patroc\u00ednio nesta temporada com a equipe de Grove<\/p>\n","protected":false},"author":0,"featured_media":1000796828,"comment_status":"closed","ping_status":"closed","sticky":false,"template":"","format":"standard","meta":{"42wp_featured_image_caption":"","42wp_featured_image_credits":"","42wp_featured_video":"","42wp_featured_image_hidden":false,"42wp_authors_list":[],"footnotes":""},"categories":[2],"tags":[654,546,527,5660,969,147,3630,642,160,180,3628,218,1491,30103,28285],"42wp_author":[47162],"class_list":["post-25122","post","type-post","status-publish","format-standard","has-post-thumbnail","hentry","category-f1","tag-alexander-albon","tag-carlos-sainz","tag-claire-williams","tag-classificacao","tag-corrida","tag-f1","tag-f1-2025","tag-f1-ao-vivo","tag-f1-tv","tag-formula-1","tag-formula-1-2025","tag-frank-williams","tag-grande-premio","tag-grande-premio-f1","tag-grandepremio","42wp_author-giovani-danjo"],"_links":{"self":[{"href":"https:\/\/grandepremio.com\/br\/wp-json\/wp\/v2\/posts\/25122","targetHints":{"allow":["GET"]}}],"collection":[{"href":"https:\/\/grandepremio.com\/br\/wp-json\/wp\/v2\/posts"}],"about":[{"href":"https:\/\/grandepremio.com\/br\/wp-json\/wp\/v2\/types\/post"}],"replies":[{"embeddable":true,"href":"https:\/\/grandepremio.com\/br\/wp-json\/wp\/v2\/comments?post=25122"}],"version-history":[{"count":0,"href":"https:\/\/grandepremio.com\/br\/wp-json\/wp\/v2\/posts\/25122\/revisions"}],"wp:featuredmedia":[{"embeddable":true,"href":"https:\/\/grandepremio.com\/br\/wp-json\/wp\/v2\/media\/1000796828"}],"wp:attachment":[{"href":"https:\/\/grandepremio.com\/br\/wp-json\/wp\/v2\/media?parent=25122"}],"wp:term":[{"taxonomy":"category","embeddable":true,"href":"https:\/\/grandepremio.com\/br\/wp-json\/wp\/v2\/categories?post=25122"},{"taxonomy":"post_tag","embeddable":true,"href":"https:\/\/grandepremio.com\/br\/wp-json\/wp\/v2\/tags?post=25122"},{"taxonomy":"42wp_author","embeddable":true,"href":"https:\/\/grandepremio.com\/br\/wp-json\/wp\/v2\/42wp_author?post=25122"}],"curies":[{"name":"wp","href":"https:\/\/api.w.org\/{rel}","templated":true}]}}