{"id":25244,"date":"2025-03-30T03:30:00","date_gmt":"2025-03-30T06:30:00","guid":{"rendered":"https:\/\/grandepremio.com\/br\/noticias\/tem-f2-na-tv-hoje-saiba-quando-e-a-proxima-corrida\/"},"modified":"2025-03-27T19:16:39","modified_gmt":"2025-03-27T22:16:39","slug":"tem-f2-na-tv-hoje-saiba-quando-e-a-proxima-corrida","status":"publish","type":"post","link":"https:\/\/grandepremio.com\/br\/f2\/tem-f2-na-tv-hoje-saiba-quando-e-a-proxima-corrida\/","title":{"rendered":"Tem F2 na TV hoje? Saiba quando \u00e9 a pr\u00f3xima corrida"},"content":{"rendered":"\n<p class=\"wp-block-paragraph\">A temporada 2025 da <strong>F\u00f3rmula 2<\/strong> come\u00e7ou no \u00faltimo dia 14 de mar\u00e7o, com o in\u00edcio da rodada da <strong>Austr\u00e1lia<\/strong>. Ap\u00f3s n\u00e3o acompanhar a <strong>F1 <\/strong>no <strong>GP da China<\/strong>, em <strong>Xangai<\/strong>, a categoria volta \u00e0s pistas no circuito de <strong>Sakhir<\/strong>, no <strong>Bahrein<\/strong>. At\u00e9 l\u00e1, por\u00e9m, a <strong>F2 <\/strong>vive quase um m\u00eas de intervalo, mas n\u00e3o para de acelerar.&nbsp;<\/p>\n\n\n\n<p class=\"wp-block-paragraph\">Os carros j\u00e1 voltaram \u00e0s pistas na \u00faltima quarta-feira (26) no primeiro dia dos testes coletivos do Bahrein. <strong>Victor Martins<\/strong>, inclusive, cravou 1min42s536 na volta mais r\u00e1pida e <a href=\"https:\/\/www.grandepremio.com\/br\/f2\/noticias\/victor-martins-aparece-minutos-finais-lidera-1o-dia-testes-coletivos-f2-bahrein\/\">liderou a sess\u00e3o<\/a>.\u00a0<strong>Roman Stanek<\/strong>, por outro lado, foi o mais r\u00e1pido na parte da manh\u00e3. <\/p>\n\n\n\n<p class=\"wp-block-paragraph\">A rodada do Bahrein, por\u00e9m, s\u00f3 ser\u00e1 realizada entre os dias 11 e 13 de abril. A temporada 2025 da categoria tem transmiss\u00e3o do streaming oficial da F1, o <strong>F1TV<\/strong>, e do canal fechado <strong>BandSports<\/strong>. O <strong>GRANDE PR\u00caMIO<\/strong> acompanha todas as atividades do campeonato.<\/p>\n\n\n\n<figure class=\"wp-block-image size-large\"><img decoding=\"async\" src=\"https:\/\/www.grandepremio.com\/br\/wp-content\/uploads\/2025\/03\/Durksen-sprint-F2-Australia-1200x675.jpg\" alt=\"\" class=\"wp-image-938529\"\/><figcaption class=\"wp-element-caption\">Joshua D\u00fcrksen puxa fila na sprint da F2 na Austr\u00e1lia (Foto: Reprodu\u00e7\u00e3o\/F2)<\/figcaption><\/figure>\n\n\n\n<p class=\"wp-block-paragraph\">Na Austr\u00e1lia, <strong>Joshua D\u00fcrksen<\/strong> come\u00e7ou o fim de semana <a href=\"https:\/\/www.grandepremio.com\/br\/f2\/noticias\/joshua-durksen-assume-ponta-largada-vence-sprint-acidentada-formula-2-australia\/\">vencendo a sprint<\/a>, que acabou sendo a \u00fanica corrida disputada em <strong>Melbourne<\/strong>. A prova principal, que estava marcada para acontecer no dia seguinte, foi cancelada por conta das fortes chuvas que atingiram <strong>Albert Park<\/strong>. Com isso, o paraguaio <a href=\"https:\/\/www.grandepremio.com\/br\/f2\/noticias\/joshua-durksen-lidera-apos-rodada-desfalcada-australia-confira-classificacao-f2\/\">chega ao Bahrein na lideran\u00e7a<\/a> do campeonato. <\/p>\n\n\n\n<p class=\"wp-block-paragraph\"><strong>\u25b6\ufe0f<\/strong>\u00a0<strong>Inscreva-se nos dois canais do GRANDE PR\u00caMIO no YouTube:\u00a0<a href=\"https:\/\/www.youtube.com\/channel\/UC9OlHEgxoaY6QY6nWPoiqQg?sub_confirmation=1\" target=\"_blank\" rel=\"noreferrer noopener\">GP<\/a>\u00a0|\u00a0<a href=\"https:\/\/www.youtube.com\/channel\/UC9csiS6q_C3C0FYhyr1rnFA?sub_confirmation=1\" target=\"_blank\" rel=\"noreferrer noopener\">GP2<\/a><\/strong><br>\u25b6\ufe0f\u00a0<strong>LEIA MAIS:\u00a0<a href=\"https:\/\/www.grandepremio.com\/br\/f2\/noticias\/joshua-durksen-admite-surpresa-vitoria-australia-mira-grande-temporada-aix\/\">D\u00fcrksen admite surpresa com vit\u00f3ria na Austr\u00e1lia e mira \u201cgrande temporada\u201d com AIX<\/a><\/strong><\/p>\n\n\n\n<figure class=\"wp-block-embed is-type-video is-provider-youtube wp-block-embed-youtube wp-embed-aspect-16-9 wp-has-aspect-ratio\"><div class=\"wp-block-embed__wrapper\">\n<iframe loading=\"lazy\" title=\"FERRARI PRECISA UNIR LECLERC E HAMILTON SE QUISER VOLTAR A BRILHAR NA F1\" width=\"500\" height=\"281\" src=\"https:\/\/www.youtube.com\/embed\/yMv6zGGq7ow?feature=oembed\" frameborder=\"0\" allow=\"accelerometer; autoplay; clipboard-write; encrypted-media; gyroscope; picture-in-picture; web-share\" referrerpolicy=\"strict-origin-when-cross-origin\" allowfullscreen><\/iframe>\n<\/div><\/figure>\n","protected":false},"excerpt":{"rendered":"<p>Ap\u00f3s a abertura do campeonato na Austr\u00e1lia, a F\u00f3rmula 2 volta \u00e0s pistas no Bahrein. Saiba quando acontece a pr\u00f3xima corrida do calend\u00e1rio da F2<\/p>\n","protected":false},"author":0,"featured_media":1000944908,"comment_status":"closed","ping_status":"closed","sticky":false,"template":"","format":"standard","meta":{"42wp_featured_image_caption":"","42wp_featured_image_credits":"","42wp_featured_video":"","42wp_featured_image_hidden":false,"42wp_authors_list":[],"footnotes":""},"categories":[9],"tags":[1667,5660,969,147,160,111,41547,30245,180,2208,41881,1491,28285],"42wp_author":[47162],"class_list":["post-25244","post","type-post","status-publish","format-standard","has-post-thumbnail","hentry","category-f2","tag-bahrein","tag-classificacao","tag-corrida","tag-f1","tag-f1-tv","tag-f2","tag-f2-2025","tag-f2-ao-vivo","tag-formula-1","tag-formula-2","tag-formula-2-2025","tag-grande-premio","tag-grandepremio","42wp_author-giovani-danjo"],"_links":{"self":[{"href":"https:\/\/grandepremio.com\/br\/wp-json\/wp\/v2\/posts\/25244","targetHints":{"allow":["GET"]}}],"collection":[{"href":"https:\/\/grandepremio.com\/br\/wp-json\/wp\/v2\/posts"}],"about":[{"href":"https:\/\/grandepremio.com\/br\/wp-json\/wp\/v2\/types\/post"}],"replies":[{"embeddable":true,"href":"https:\/\/grandepremio.com\/br\/wp-json\/wp\/v2\/comments?post=25244"}],"version-history":[{"count":0,"href":"https:\/\/grandepremio.com\/br\/wp-json\/wp\/v2\/posts\/25244\/revisions"}],"wp:featuredmedia":[{"embeddable":true,"href":"https:\/\/grandepremio.com\/br\/wp-json\/wp\/v2\/media\/1000944908"}],"wp:attachment":[{"href":"https:\/\/grandepremio.com\/br\/wp-json\/wp\/v2\/media?parent=25244"}],"wp:term":[{"taxonomy":"category","embeddable":true,"href":"https:\/\/grandepremio.com\/br\/wp-json\/wp\/v2\/categories?post=25244"},{"taxonomy":"post_tag","embeddable":true,"href":"https:\/\/grandepremio.com\/br\/wp-json\/wp\/v2\/tags?post=25244"},{"taxonomy":"42wp_author","embeddable":true,"href":"https:\/\/grandepremio.com\/br\/wp-json\/wp\/v2\/42wp_author?post=25244"}],"curies":[{"name":"wp","href":"https:\/\/api.w.org\/{rel}","templated":true}]}}