{"id":25411,"date":"2025-03-28T08:58:00","date_gmt":"2025-03-28T11:58:00","guid":{"rendered":"https:\/\/grandepremio.com\/br\/noticias\/jos-verstappen-revela-torcida-trabalho-fantastico-liam-lawson-merece-estar-f1\/"},"modified":"2025-03-28T14:26:41","modified_gmt":"2025-03-28T17:26:41","slug":"jos-verstappen-revela-torcida-trabalho-fantastico-liam-lawson-merece-estar-f1","status":"publish","type":"post","link":"https:\/\/grandepremio.com\/br\/f1\/jos-verstappen-revela-torcida-trabalho-fantastico-liam-lawson-merece-estar-f1\/","title":{"rendered":"Jos Verstappen revela torcida por \u201ctrabalho fant\u00e1stico\u201d de Lawson: \u201cMerece estar na F1\u201d"},"content":{"rendered":"\n<p class=\"wp-block-paragraph\">A primeira bomba da temporada 2025 da <strong>F\u00f3rmula 1<\/strong> veio nesta quinta-feira (27) com a <a href=\"https:\/\/www.grandepremio.com\/br\/f1\/noticias\/red-bull-confirma-bomba-poe-yuki-tsunoda-lugar-liam-lawson-gp-japao\/\">confirma\u00e7\u00e3o da troca<\/a> de <strong>Liam Lawson<\/strong> por <strong>Yuki Tsunoda<\/strong> na <strong>Red Bull<\/strong>. A mudan\u00e7a, que j\u00e1 era iminente, veio acompanhada de in\u00fameras rea\u00e7\u00f5es, inclusive de <strong>Jos Verstappen<\/strong>, que exaltou o piloto demitido e disse que \u201cmerece estar na <strong>F1<\/strong>\u201d<\/p>\n\n\n\n<p class=\"wp-block-paragraph\">O pai de <strong>Max Verstappen<\/strong> comentou na publica\u00e7\u00e3o da <strong>Racing Bulls<\/strong> anunciando Lawson de volta a partir do <strong>GP do Jap\u00e3o<\/strong> e tamb\u00e9m afirmou que est\u00e1 torcendo pelo sucesso do neozeland\u00eas.\u00a0<\/p>\n\n\n\n<p class=\"wp-block-paragraph\">Apesar de estar zerado ainda na temporada, Lawson foi defendido por Verstappen, que n\u00e3o queria a troca de pilotos neste momento e <a href=\"https:\/\/www.grandepremio.com\/br\/f1\/noticias\/consultor-red-bull-diz-max-verstappen-nao-esta-feliz-troca-liam-lawson-yuki-tsunoda\/\">\u201cn\u00e3o est\u00e1 feliz\u201d com a decis\u00e3o<\/a>, como revelou <strong>Helmut Marko<\/strong>, consultor do time. Agora, o pai do tetracampe\u00e3o tamb\u00e9m revela seu apoio ao <strong>#30<\/strong>.\u00a0<\/p>\n\n\n\n<p class=\"wp-block-paragraph\">\u201cRealmente espero que fa\u00e7a um trabalho fant\u00e1stico. Ele merece estar na F1\u201d, comentou Jos Verstappen nas redes sociais.&nbsp;<\/p>\n\n\n\n<figure class=\"wp-block-image size-large\"><img decoding=\"async\" src=\"https:\/\/www.grandepremio.com\/br\/wp-content\/uploads\/2025\/03\/SI202503220042-1200x800.jpg\" alt=\"\" class=\"wp-image-945220\"\/><figcaption class=\"wp-element-caption\">Liam Lawson volta \u00e0 Racing Bulls j\u00e1 no GP do Jap\u00e3o (Foto: Mark Thompson\/Getty Images\/Red Bull Content Pool)<\/figcaption><\/figure>\n\n\n\n<p class=\"wp-block-paragraph\">Lawson encerra a passagem pela Red Bull com apenas duas corridas pela equipe e nenhum ponto somado, tendo conquistado a 15\u00aa posi\u00e7\u00e3o no <strong>GP da Austr\u00e1lia<\/strong> e o 12\u00ba posto na <strong>China<\/strong>. Agora, estar\u00e1 de volta \u00e0 Racing Bulls, equipe que defendeu em 2023 por cinco corridas e no ano passado em mais seis GPs.\u00a0<\/p>\n\n\n\n<p class=\"wp-block-paragraph\">\u201cFoi dif\u00edcil ver Liam com dificuldades com o <strong>RB21 <\/strong>nas duas primeiras corridas e, como resultado, n\u00f3s coletivamente tomamos a decis\u00e3o de fazer uma troca antecipada\u201d, disse\u00a0<strong>Christian Horner<\/strong>, chefe da Red Bull. \u201cViemos para a temporada 2025 com duas ambi\u00e7\u00f5es: reter o t\u00edtulo do <strong>Mundial de Pilotos<\/strong> e recuperar o <strong>Mundial de Construtores<\/strong>. E essa \u00e9 uma decis\u00e3o puramente esportiva\u201d, explicou.<\/p>\n\n\n\n<p class=\"wp-block-paragraph\">\u201cTemos o dever de proteger e desenvolver Liam e, juntos, vemos que depois de um in\u00edcio t\u00e3o dif\u00edcil, faz sentido agir rapidamente para que Liam possa ganhar experi\u00eancia enquanto continua a carreira dele na&nbsp;<a href=\"https:\/\/www.grandepremio.com\/br\/f1\/\" target=\"_blank\" rel=\"noreferrer noopener\">F1&nbsp;<\/a>com a Racing Bulls, um ambiente e uma equipe que ele conhece muito bem\u201d, encerrou.<\/p>\n\n\n\n<p class=\"wp-block-paragraph\">A <strong>F\u00f3rmula 1<\/strong> retorna entre os dias 4 e 6 de abril em <strong>Suzuka<\/strong>, palco do <strong>GP do Jap\u00e3o<\/strong>, terceira etapa da temporada 2025.<\/p>\n\n\n\n<p class=\"wp-block-paragraph\">\u25b6\ufe0f\u00a0<strong>Inscreva-se nos dois canais do GRANDE PR\u00caMIO no YouTube:\u00a0<a href=\"https:\/\/www.youtube.com\/channel\/UC9OlHEgxoaY6QY6nWPoiqQg?sub_confirmation=1\" target=\"_blank\" rel=\"noreferrer noopener\">GP<\/a>\u00a0|\u00a0<a href=\"https:\/\/www.youtube.com\/channel\/UC9csiS6q_C3C0FYhyr1rnFA?sub_confirmation=1\" target=\"_blank\" rel=\"noreferrer noopener\">GP2<\/a><\/strong><br>\u25b6\ufe0f\u00a0<strong>LEIA MAIS:\u00a0<a href=\"https:\/\/www.grandepremio.com\/br\/f1\/noticias\/red-bull-confirma-bomba-poe-yuki-tsunoda-lugar-liam-lawson-gp-japao\/\">Red Bull confirma bomba e p\u00f5e Tsunoda no lugar de Lawson a partir do GP do Jap\u00e3o<\/a><\/strong><\/p>\n\n\n\n<figure class=\"wp-block-embed is-type-video is-provider-youtube wp-block-embed-youtube wp-embed-aspect-16-9 wp-has-aspect-ratio\"><div class=\"wp-block-embed__wrapper\">\n<iframe loading=\"lazy\" title=\"BOMBA! RED BULL CONFIRMA TROCA DE LAWSON POR TSUNODA NO JAP\u00c3O. E VERSTAPPEN DESAPROVA | WGP\" width=\"500\" height=\"281\" src=\"https:\/\/www.youtube.com\/embed\/zGjy6JQha2g?feature=oembed\" frameborder=\"0\" allow=\"accelerometer; autoplay; clipboard-write; encrypted-media; gyroscope; picture-in-picture; web-share\" referrerpolicy=\"strict-origin-when-cross-origin\" allowfullscreen><\/iframe>\n<\/div><\/figure>\n","protected":false},"excerpt":{"rendered":"<p>Pai de Max Verstappen reagiu \u00e0 troca de Liam Lawson por Yuki Tsunoda na Red Bull e afirmou que o neozeland\u00eas \u201cmerece estar na F1\u201d<\/p>\n","protected":false},"author":0,"featured_media":1000832792,"comment_status":"closed","ping_status":"closed","sticky":false,"template":"","format":"standard","meta":{"42wp_featured_image_caption":"","42wp_featured_image_credits":"","42wp_featured_video":"","42wp_featured_image_hidden":false,"42wp_authors_list":[],"footnotes":""},"categories":[2],"tags":[655,5660,969,147,3630,642,160,180,3628,3023,1491,30103,28285,2569,595,203,38179,204,608,38127,597],"42wp_author":[47162],"class_list":["post-25411","post","type-post","status-publish","format-standard","has-post-thumbnail","hentry","category-f1","tag-christian-horner","tag-classificacao","tag-corrida","tag-f1","tag-f1-2025","tag-f1-ao-vivo","tag-f1-tv","tag-formula-1","tag-formula-1-2025","tag-gp-do-japao","tag-grande-premio","tag-grande-premio-f1","tag-grandepremio","tag-jos-verstappen","tag-liam-lawson","tag-max-verstappen","tag-racing-bulls","tag-red-bull","tag-suzuka","tag-vcarb","tag-yuki-tsunoda","42wp_author-giovani-danjo"],"_links":{"self":[{"href":"https:\/\/grandepremio.com\/br\/wp-json\/wp\/v2\/posts\/25411","targetHints":{"allow":["GET"]}}],"collection":[{"href":"https:\/\/grandepremio.com\/br\/wp-json\/wp\/v2\/posts"}],"about":[{"href":"https:\/\/grandepremio.com\/br\/wp-json\/wp\/v2\/types\/post"}],"replies":[{"embeddable":true,"href":"https:\/\/grandepremio.com\/br\/wp-json\/wp\/v2\/comments?post=25411"}],"version-history":[{"count":0,"href":"https:\/\/grandepremio.com\/br\/wp-json\/wp\/v2\/posts\/25411\/revisions"}],"wp:featuredmedia":[{"embeddable":true,"href":"https:\/\/grandepremio.com\/br\/wp-json\/wp\/v2\/media\/1000832792"}],"wp:attachment":[{"href":"https:\/\/grandepremio.com\/br\/wp-json\/wp\/v2\/media?parent=25411"}],"wp:term":[{"taxonomy":"category","embeddable":true,"href":"https:\/\/grandepremio.com\/br\/wp-json\/wp\/v2\/categories?post=25411"},{"taxonomy":"post_tag","embeddable":true,"href":"https:\/\/grandepremio.com\/br\/wp-json\/wp\/v2\/tags?post=25411"},{"taxonomy":"42wp_author","embeddable":true,"href":"https:\/\/grandepremio.com\/br\/wp-json\/wp\/v2\/42wp_author?post=25411"}],"curies":[{"name":"wp","href":"https:\/\/api.w.org\/{rel}","templated":true}]}}