{"id":25618,"date":"2025-03-26T13:45:18","date_gmt":"2025-03-26T16:45:18","guid":{"rendered":"https:\/\/grandepremio.com\/br\/noticias\/nikola-tsolov-comanda-primeiro-dia-testes-formula-3-bahrein-rafael-camara-18o\/"},"modified":"2025-03-26T14:06:57","modified_gmt":"2025-03-26T17:06:57","slug":"nikola-tsolov-comanda-primeiro-dia-testes-formula-3-bahrein-rafael-camara-18o","status":"publish","type":"post","link":"https:\/\/grandepremio.com\/br\/f3\/nikola-tsolov-comanda-primeiro-dia-testes-formula-3-bahrein-rafael-camara-18o\/","title":{"rendered":"Tsolov comanda primeiro dia de testes da F\u00f3rmula 3 no Bahrein. C\u00e2mara \u00e9 18\u00ba"},"content":{"rendered":"\n<p class=\"wp-block-paragraph\">O primeiro dia de testes da <strong>F\u00f3rmula 3<\/strong> no <strong>Bahrein<\/strong>, realizado nesta quarta-feira (26), terminou com lideran\u00e7a do b\u00falgaro <strong>Nikola Tsolov<\/strong>, da <strong>Campos<\/strong>. O piloto do carro <strong>#12<\/strong> liderou as duas sess\u00f5es do dia, disputadas de manh\u00e3 e \u00e0 tarde, e fechou com <strong>1min48s901 <\/strong>na volta mais r\u00e1pida. <strong>Tuuka Taponen<\/strong>, da <strong>ART<\/strong>, e <strong>Mari Boya<\/strong>, companheiro de Tsolov, fecharam o top-3.<\/p>\n\n\n\n<p class=\"wp-block-paragraph\">\u00danico brasileiro no grid \u2014 <a href=\"https:\/\/www.grandepremio.com\/br\/f3\/noticias\/rafael-camara-sobra-chuva-australia-lidera-f3-classificacao-temporada-2025\/\" target=\"_blank\" rel=\"noreferrer noopener\">e l\u00edder do campeonato<\/a> \u2014, <strong>Rafael C\u00e2mara<\/strong> fechou na <strong>18\u00ba coloca\u00e7\u00e3o<\/strong> da tabela combinada, com <strong>1min49s828<\/strong>. O piloto da <strong>Trident <\/strong>deu <strong>nove <\/strong>voltas na parte da manh\u00e3, na qual registrou seu tempo mais r\u00e1pido, e outras <strong>29 <\/strong>\u00e0 tarde, quando ficou em <strong>1min50s062<\/strong>.<\/p>\n\n\n\n<p class=\"wp-block-paragraph\"><strong>Martinius Stenshorne<\/strong> ficou em quarto lugar com a <strong>Hitech<\/strong>, um posto \u00e0 frente de <strong>Alessandro Giusti<\/strong>, da <strong>MP<\/strong>. Companheiro de Stenshorne, <strong>Joshua Dufek<\/strong> finalizou em sexto, enquanto <strong>Callum Voisin<\/strong> foi o s\u00e9timo e <strong>Tim Tramnitz<\/strong> fechou em oitavo. Por fim, <strong>Th\u00e9ophile Na\u00ebl<\/strong> e <strong>Freddie Slater<\/strong> completaram o top-10 da F3 no Bahrein.<\/p>\n\n\n\n<p class=\"wp-block-paragraph\">Os testes da F\u00f3rmula 3 no Bahrein seguir\u00e3o at\u00e9 a pr\u00f3xima sexta-feira, sempre com duas sess\u00f5es a cada dia. Ap\u00f3s a primeira, na parte da manh\u00e3, os pilotos param para o almo\u00e7o e voltam \u00e0 pista no per\u00edodo da tarde.<\/p>\n\n\n\n<figure class=\"wp-block-image size-large\"><img decoding=\"async\" src=\"https:\/\/www.grandepremio.com\/br\/wp-content\/uploads\/2025\/03\/Rafael-Camara-Australia-1200x800.jpg\" alt=\"\" class=\"wp-image-937716\"\/><figcaption class=\"wp-element-caption\">C\u00e2mara venceu corrida principal da Austr\u00e1lia e lidera campeonato da F3 (Foto: F3)<\/figcaption><\/figure>\n\n\n\n<p class=\"wp-block-paragraph\">No campeonato, que s\u00f3 teve uma rodada dupla at\u00e9 agora, a lideran\u00e7a \u00e9 de Rafael C\u00e2mara, com <strong>28 <\/strong>pontos. Na\u00ebl (<strong>19<\/strong>), <strong>Noah Str\u00f8msted<\/strong> (<strong>18<\/strong>), <strong>Nikita Bedrin<\/strong> (<strong>17<\/strong>) e Stenshorne (<strong>14<\/strong>) completam o top-5 neste momento. A pr\u00f3xima etapa acontece justamente no <strong>Bahrein<\/strong>, entre os dias <strong>11 e 13 de abril<\/strong>.<\/p>\n\n\n\n<p class=\"wp-block-paragraph\">\u25b6\ufe0f&nbsp;<strong>Inscreva-se nos dois canais do GRANDE PR\u00caMIO no YouTube:&nbsp;<a href=\"https:\/\/www.youtube.com\/channel\/UC9OlHEgxoaY6QY6nWPoiqQg?sub_confirmation=1\" target=\"_blank\" rel=\"noreferrer noopener\">GP<\/a>&nbsp;|&nbsp;<a href=\"https:\/\/www.youtube.com\/channel\/UC9csiS6q_C3C0FYhyr1rnFA?sub_confirmation=1\" target=\"_blank\" rel=\"noreferrer noopener\">GP2<\/a><\/strong><\/p>\n\n\n\n<h2 class=\"wp-block-heading\" id=\"h-formula-3-2025-teste-de-temporada-bahrein-dia-1\">F\u00f3rmula 3 2025, Teste de Temporada, Bahrein, Dia 1:<\/h2>\n\n\n\n<figure class=\"wp-block-table\"><table class=\"has-fixed-layout\"><tbody><tr><td><strong>1<\/strong><\/td><td>N TSOLOV<\/td><td>Campos<\/td><td>1:48.901<\/td><td>&nbsp;<\/td><td>37<\/td><\/tr><tr><td><strong>2<\/strong><\/td><td>T TAPONEN<\/td><td>ART<\/td><td>1:48.915<\/td><td>+0.014<\/td><td>40<\/td><\/tr><tr><td><strong>3<\/strong><\/td><td>M BOYA<\/td><td>Campos<\/td><td>1:48.915<\/td><td>+0.014<\/td><td>37<\/td><\/tr><tr><td><strong>4<\/strong><\/td><td>M STENSHORNE<\/td><td>Hitech<\/td><td>1:48.956<\/td><td>+0.055<\/td><td>44<\/td><\/tr><tr><td><strong>5<\/strong><\/td><td>A GIUSTI<\/td><td>MP<\/td><td>1:49.027<\/td><td>+0.126<\/td><td>40<\/td><\/tr><tr><td><strong>6<\/strong><\/td><td>J DUFEK<\/td><td>Hitech<\/td><td>1:49.138<\/td><td>+0.237<\/td><td>42<\/td><\/tr><tr><td><strong>7<\/strong><\/td><td>C VOISIN<\/td><td>Rodin<\/td><td>1:49.174<\/td><td>+0.273<\/td><td>44<\/td><\/tr><tr><td><strong>8<\/strong><\/td><td>T TRAMNITZ<\/td><td>MP<\/td><td>1:49.273<\/td><td>+0.372<\/td><td>41<\/td><\/tr><tr><td><strong>9<\/strong><\/td><td>T NAEL<\/td><td>Van Amersfoort<\/td><td>1:49.286<\/td><td>+0.385<\/td><td>35<\/td><\/tr><tr><td><strong>10<\/strong><\/td><td>F SLATER<\/td><td>Hitech<\/td><td>1:49.334<\/td><td>+0.433<\/td><td>33<\/td><\/tr><tr><td><strong>11<\/strong><\/td><td>L VAN HOEPEN<\/td><td>ART<\/td><td>1:49.341<\/td><td>+0.440<\/td><td>29<\/td><\/tr><tr><td><strong>12<\/strong><\/td><td>G XIE<\/td><td>Hitech<\/td><td>1:49.370<\/td><td>+0.469<\/td><td>45<\/td><\/tr><tr><td><strong>13<\/strong><\/td><td>S RAMOS<\/td><td>Van Amersfoort<\/td><td>1:49.420<\/td><td>+0.519<\/td><td>35<\/td><\/tr><tr><td><strong>14<\/strong><\/td><td>J WHARTON<\/td><td>ART<\/td><td>1:49.429<\/td><td>+0.528<\/td><td>40<\/td><\/tr><tr><td><strong>15<\/strong><\/td><td>L SHARP<\/td><td>Rodin<\/td><td>1:49.501<\/td><td>+0.600<\/td><td>41<\/td><\/tr><tr><td><strong>16<\/strong><\/td><td>J SAGRERA<\/td><td>AIX<\/td><td>1:49.650<\/td><td>+0.749<\/td><td>32<\/td><\/tr><tr><td><strong>17<\/strong><\/td><td>B DEL PINO<\/td><td>MP<\/td><td>1:49.781<\/td><td>+0.880<\/td><td>41<\/td><\/tr><tr><td><strong>18<\/strong><\/td><td>R C\u00c2MARA<\/td><td>Trident<\/td><td>1:49.828<\/td><td>+0.927<\/td><td>38<\/td><\/tr><tr><td><strong>19<\/strong><\/td><td>R BILINSKI<\/td><td>Rodin<\/td><td>1:49.836<\/td><td>+0.935<\/td><td>42<\/td><\/tr><tr><td><strong>20<\/strong><\/td><td>C HO<\/td><td>DAMS<\/td><td>1:49.889<\/td><td>+0.988<\/td><td>59<\/td><\/tr><tr><td><strong>21<\/strong><\/td><td>U UGOCHUKWU<\/td><td>Prema<\/td><td>1:49.937<\/td><td>+1.036<\/td><td>49<\/td><\/tr><tr><td><strong>22<\/strong><\/td><td>B BADOER<\/td><td>Prema<\/td><td>1:49.942<\/td><td>+1.041<\/td><td>53<\/td><\/tr><tr><td><strong>23<\/strong><\/td><td>I DOMINGUES<\/td><td>Van Amersfoort<\/td><td>1:49.981<\/td><td>+1.080<\/td><td>40<\/td><\/tr><tr><td><strong>24<\/strong><\/td><td>T INTHRAPHUVASAK<\/td><td>Campos<\/td><td>1:50.007<\/td><td>+1.106<\/td><td>25<\/td><\/tr><tr><td><strong>25<\/strong><\/td><td>N LACORTE<\/td><td>DAMS<\/td><td>1:50.021<\/td><td>+1.120<\/td><td>47<\/td><\/tr><tr><td><strong>26<\/strong><\/td><td>M ZAGAZETA<\/td><td>DAMS<\/td><td>1:50.157<\/td><td>+1.256<\/td><td>54<\/td><\/tr><tr><td><strong>27<\/strong><\/td><td>C WURZ<\/td><td>Trident<\/td><td>1:50.218<\/td><td>+1.317<\/td><td>42<\/td><\/tr><tr><td><strong>28<\/strong><\/td><td>N LE\u00d3N<\/td><td>Prema<\/td><td>1:50.317<\/td><td>+1.416<\/td><td>49<\/td><\/tr><tr><td><strong>29<\/strong><\/td><td>N MARINANGELI<\/td><td>AIX<\/td><td>1:50.408<\/td><td>+1.507<\/td><td>35<\/td><\/tr><tr><td><strong>30<\/strong><\/td><td>N STROMSTED<\/td><td>Trident<\/td><td>1:50.646<\/td><td>+1.745<\/td><td>44<\/td><\/tr><\/tbody><\/table><\/figure>\n","protected":false},"excerpt":{"rendered":"<p>Nikola Tsolov liderou o primeiro dia de atividades no teste da F\u00f3rmula 3, no Bahrein, e ficou com as voltas mais r\u00e1pidas nos dois per\u00edodos. L\u00edder do campeonato, Rafael C\u00e2mara baixou ritmo \u00e0 tarde e n\u00e3o buscou primeiras coloca\u00e7\u00f5es<\/p>\n","protected":false},"author":0,"featured_media":1000944869,"comment_status":"closed","ping_status":"closed","sticky":false,"template":"","format":"standard","meta":{"42wp_featured_image_caption":"","42wp_featured_image_credits":"","42wp_featured_video":"","42wp_featured_image_hidden":false,"42wp_authors_list":[],"footnotes":""},"categories":[10],"tags":[3630,642,1008,8057,222,1491,32667,43036,39121],"42wp_author":[47142],"class_list":["post-25618","post","type-post","status-publish","format-standard","has-post-thumbnail","hentry","category-f3","tag-f1-2025","tag-f1-ao-vivo","tag-f3","tag-formula-3","tag-gp-da-china","tag-grande-premio","tag-grandepremio-f1","tag-shangai-f1","tag-xangai-f1","42wp_author-jp-nascimento"],"_links":{"self":[{"href":"https:\/\/grandepremio.com\/br\/wp-json\/wp\/v2\/posts\/25618","targetHints":{"allow":["GET"]}}],"collection":[{"href":"https:\/\/grandepremio.com\/br\/wp-json\/wp\/v2\/posts"}],"about":[{"href":"https:\/\/grandepremio.com\/br\/wp-json\/wp\/v2\/types\/post"}],"replies":[{"embeddable":true,"href":"https:\/\/grandepremio.com\/br\/wp-json\/wp\/v2\/comments?post=25618"}],"version-history":[{"count":0,"href":"https:\/\/grandepremio.com\/br\/wp-json\/wp\/v2\/posts\/25618\/revisions"}],"wp:featuredmedia":[{"embeddable":true,"href":"https:\/\/grandepremio.com\/br\/wp-json\/wp\/v2\/media\/1000944869"}],"wp:attachment":[{"href":"https:\/\/grandepremio.com\/br\/wp-json\/wp\/v2\/media?parent=25618"}],"wp:term":[{"taxonomy":"category","embeddable":true,"href":"https:\/\/grandepremio.com\/br\/wp-json\/wp\/v2\/categories?post=25618"},{"taxonomy":"post_tag","embeddable":true,"href":"https:\/\/grandepremio.com\/br\/wp-json\/wp\/v2\/tags?post=25618"},{"taxonomy":"42wp_author","embeddable":true,"href":"https:\/\/grandepremio.com\/br\/wp-json\/wp\/v2\/42wp_author?post=25618"}],"curies":[{"name":"wp","href":"https:\/\/api.w.org\/{rel}","templated":true}]}}