{"id":25719,"date":"2025-03-25T13:40:53","date_gmt":"2025-03-25T16:40:53","guid":{"rendered":"https:\/\/grandepremio.com\/br\/noticias\/indy-admite-duvidas-sobre-permanencia-gp-thermal-calendario-2026\/"},"modified":"2025-03-27T16:51:05","modified_gmt":"2025-03-27T19:51:05","slug":"indy-admite-duvidas-sobre-permanencia-gp-thermal-calendario-2026","status":"publish","type":"post","link":"https:\/\/grandepremio.com\/br\/indy\/indy-admite-duvidas-sobre-permanencia-gp-thermal-calendario-2026\/","title":{"rendered":"Indy admite d\u00favidas sobre perman\u00eancia do GP de Thermal no calend\u00e1rio em 2026"},"content":{"rendered":"\n<p class=\"wp-block-paragraph\">A perman\u00eancia do <strong>GP de Thermal<\/strong> no calend\u00e1rio da <strong>Indy<\/strong> a partir de 2026 \u00e9 incerta. Ap\u00f3s reuni\u00e3o entre executivos do aut\u00f3dromo e da categoria, realizada no \u00faltimo s\u00e1bado (22), as partes concordaram em esperar o desenrolar da corrida do domingo (23), vencida por <strong>\u00c1lex Palou<\/strong>, para marcar um novo encontro e decidir o futuro da etapa.<\/p>\n\n\n\n<p class=\"wp-block-paragraph\">Apesar da indefini\u00e7\u00e3o, Indy e Thermal Club consideram que as discuss\u00f5es foram boas e avaliam algumas mudan\u00e7as para a continuidade da corrida no calend\u00e1rio a partir de 2026. &#8220;Decidimos esperar a corrida acontecer primeiro, mas as conversas foram muito boas com todos aqui&#8221;, declarou Bud Denker, presidente da Penske Corporation, propriet\u00e1ria da Indy, \u00e0 revista norte-americana Racer.<\/p>\n\n\n\n<p class=\"wp-block-paragraph\">&#8220;Faz sentido esperar para saber o que faremos no futuro. Queremos ver como foi todo o evento, como tudo funcionou, para iniciar as conversas para a pr\u00f3xima corrida da Indy, que pode ter mudan\u00e7as&#8221;, falou Nicholas Rhoades, diretor do circuito do Thermal Club.<\/p>\n\n\n\n<figure class=\"wp-block-image size-large\"><img decoding=\"async\" src=\"https:\/\/www.grandepremio.com\/br\/wp-content\/uploads\/2025\/03\/Alex-Palou-The-Thermal-Club-INDYCAR-Grand-Prix-By_-Joe-Skibinski_Large-Image-Without-Watermark_m124050-1200x800.jpg\" alt=\"\" class=\"wp-image-943855\"\/><figcaption class=\"wp-element-caption\">\u00c1lex Palou (Foto: Indycar)<\/figcaption><\/figure>\n\n\n\n<p class=\"wp-block-paragraph\">Thermal entrou no calend\u00e1rio da Indy em 2024 como uma corrida extracampeonato. A categoria tomou essa atitude para cobrir um longo hiato no calend\u00e1rio, que previa cerca de um m\u00eas entre o GP de St. Pete, que abre a temporada, at\u00e9 a etapa do Texas, que seria a segunda corrida, mas acabou saindo da programa\u00e7\u00e3o no \u00faltimo ano, ap\u00f3s a Nascar comprar a data.<\/p>\n\n\n\n<p class=\"wp-block-paragraph\">Com um formato diferente, o evento n\u00e3o agradou os f\u00e3s da Indy. Para 2025, a categoria fez a etapa contar pontos para o campeonato. Apesar do final impressionante de \u00c1lex Palou, que superou as duas McLaren para ficar com a vit\u00f3ria, a corrida terminou com a mancha negativa de ter ficado cerca de 10 voltas sem transmiss\u00e3o por conta de um problema el\u00e9trico no caminh\u00e3o que enviava o sinal da prova para o mundo inteiro.<\/p>\n\n\n\n<p class=\"wp-block-paragraph\">Al\u00e9m desse retrospecto n\u00e3o muito legal, o calend\u00e1rio da Indy j\u00e1 tem uma nova etapa confirmada para mar\u00e7o de 2026, que \u00e9 o GP de Arlington, que est\u00e1 marcado entre os dias 13 e 15 do m\u00eas. O evento \u00e9 uma enorme aposta da categoria, que organiza a prova ao lado do Texas Rangers, time da MLB, e Dallas Cowboys, da NFL \u2014 duas das maiores franquias esportivas dos Estados Unidos.<\/p>\n\n\n\n<p class=\"wp-block-paragraph\">H\u00e1 tamb\u00e9m a expectativa de que o M\u00e9xico receba uma corrida da Indy em 2026, que poderia ser na sequ\u00eancia ao GP de Arlington e antes do GP de Long Beach. A proximidade do pa\u00eds com os estados do Texas e Calif\u00f3rnia facilitaria a log\u00edstica da categoria. Encontrar uma data para o GP de Thermal, caso a expectativa da corrida mexicana tamb\u00e9m se confirme, pode ser um dilema para a Indy.<\/p>\n\n\n\n<p class=\"wp-block-paragraph\">No entanto, apesar das conversas entre as partes n\u00e3o terem definido um novo contrato, o Thermal Club trabalha com a possibilidade de colocar uma disposi\u00e7\u00e3o maior da pista para a Indy. O poss\u00edvel novo tra\u00e7ado teria 6,76 km ante os 4,82 km atuais, o que permitiria velocidades finais mais elevadas e montar novas arquibancadas al\u00e9m dos 5 mil lugares dispon\u00edveis na etapa deste ano.<\/p>\n\n\n\n<p class=\"wp-block-paragraph\">&#8220;Tem todas uma outra parte da pista que a Indy n\u00e3o usa e que gostar\u00edamos de disponibilizar, pois tem muito mais espa\u00e7o para arquibancadas, al\u00e9m de muitas novas casas que est\u00e3o sendo constru\u00eddas por l\u00e1. A velocidade tamb\u00e9m vai aumentar. Poderia bater 290 km\/h se us\u00e1ssemos outras configura\u00e7\u00f5es. As pessoas amariam&#8221;, destacou Rhoades.<\/p>\n\n\n\n<p class=\"wp-block-paragraph\">A\u00a0<strong><a href=\"https:\/\/www.grandepremio.com\/formula-indy\/\" target=\"_blank\" rel=\"noreferrer noopener\">Indy<\/a>\u00a0<\/strong>retorna no dia 13 de abril com o\u00a0<strong>GP de\u00a0<a href=\"https:\/\/www.grandepremio.com\/br\/circuito\/long-beach\/\" target=\"_blank\" rel=\"noreferrer noopener\">Long Beach<\/a><\/strong>, que acontece no circuito de rua montado na cidade californiana, com cobertura completa do\u00a0<strong>GRANDE PR\u00caMIO.<\/strong><\/p>\n\n\n\n<p class=\"wp-block-paragraph\"><\/p>\n","protected":false},"excerpt":{"rendered":"<p>Partes buscam conversa futura para definir se GP de Thermal segue no calend\u00e1rio da Indy em 2026. Prova que valeu pontos no \u00faltimo domingo voltou a ganhar cr\u00edticas<\/p>\n","protected":false},"author":0,"featured_media":1000944569,"comment_status":"closed","ping_status":"closed","sticky":false,"template":"","format":"standard","meta":{"42wp_featured_image_caption":"","42wp_featured_image_credits":"","42wp_featured_video":"","42wp_featured_image_hidden":false,"42wp_authors_list":[],"footnotes":""},"categories":[3],"tags":[28552,6133,619,42906,1491,28285,35361,93,39054,43021,94,29784,38821],"42wp_author":[47155],"class_list":["post-25719","post","type-post","status-publish","format-standard","has-post-thumbnail","hentry","category-indy","tag-calendario-indy","tag-classificacao-indy","tag-formula-indy","tag-gp-de-thermal","tag-grande-premio","tag-grandepremio","tag-horarios-indy","tag-indy","tag-indy-2025","tag-indy-ao-vivo-gratis","tag-indycar","tag-onde-assistir-indy","tag-thermal-club","42wp_author-daniel-balsa"],"_links":{"self":[{"href":"https:\/\/grandepremio.com\/br\/wp-json\/wp\/v2\/posts\/25719","targetHints":{"allow":["GET"]}}],"collection":[{"href":"https:\/\/grandepremio.com\/br\/wp-json\/wp\/v2\/posts"}],"about":[{"href":"https:\/\/grandepremio.com\/br\/wp-json\/wp\/v2\/types\/post"}],"replies":[{"embeddable":true,"href":"https:\/\/grandepremio.com\/br\/wp-json\/wp\/v2\/comments?post=25719"}],"version-history":[{"count":0,"href":"https:\/\/grandepremio.com\/br\/wp-json\/wp\/v2\/posts\/25719\/revisions"}],"wp:featuredmedia":[{"embeddable":true,"href":"https:\/\/grandepremio.com\/br\/wp-json\/wp\/v2\/media\/1000944569"}],"wp:attachment":[{"href":"https:\/\/grandepremio.com\/br\/wp-json\/wp\/v2\/media?parent=25719"}],"wp:term":[{"taxonomy":"category","embeddable":true,"href":"https:\/\/grandepremio.com\/br\/wp-json\/wp\/v2\/categories?post=25719"},{"taxonomy":"post_tag","embeddable":true,"href":"https:\/\/grandepremio.com\/br\/wp-json\/wp\/v2\/tags?post=25719"},{"taxonomy":"42wp_author","embeddable":true,"href":"https:\/\/grandepremio.com\/br\/wp-json\/wp\/v2\/42wp_author?post=25719"}],"curies":[{"name":"wp","href":"https:\/\/api.w.org\/{rel}","templated":true}]}}