{"id":25818,"date":"2025-03-25T08:34:33","date_gmt":"2025-03-25T11:34:33","guid":{"rendered":"https:\/\/grandepremio.com\/br\/noticias\/fia-mostra-cautela-motor-v10-contra-audi-nao-queremos-desistam\/"},"modified":"2025-03-25T08:38:08","modified_gmt":"2025-03-25T11:38:08","slug":"fia-mostra-cautela-motor-v10-contra-audi-nao-queremos-desistam","status":"publish","type":"post","link":"https:\/\/grandepremio.com\/br\/f1\/fia-mostra-cautela-motor-v10-contra-audi-nao-queremos-desistam\/","title":{"rendered":"FIA mostra cautela sobre motor V10 ap\u00f3s contra da Audi: &#8220;N\u00e3o queremos que desistam&#8221;"},"content":{"rendered":"\n<p class=\"wp-block-paragraph\">A <strong>Federa\u00e7\u00e3o Internacional de Automobilismo<\/strong> (<strong>FIA<\/strong>) resolveu adotar um discurso mais cautelo ao falar sobre a possibilidade da volta dos <strong>motores V10<\/strong> \u00e0 <strong>F\u00f3rmula 1<\/strong> em um futuro n\u00e3o muito distante. A postura \u00e9 uma resposta \u00e0 rea\u00e7\u00e3o da <strong>Audi<\/strong>, que vai entrar na categoria a partir do ano que vem e se posicionou contra a mudan\u00e7a.<\/p>\n\n\n\n<p class=\"wp-block-paragraph\">O diretor de monopostos da FIA, <strong>Nikolas Tombazis<\/strong>, enfatizou que a pauta referente ao retorno dos propulsores V10, que ganhou as manchetes nas \u00faltimas semanas, ainda est\u00e1 em fase de discuss\u00e3o, mas admitiu que a nega\u00e7\u00e3o da marca alem\u00e3 \u00e9 um adendo importante. <a href=\"https:\/\/www.grandepremio.com\/br\/f1\/noticias\/audi-aponta-avancos-tecnologicos-se-opoe-retorno-motores-v10-f1\/\">A Audi defendeu &#8220;avan\u00e7os tecnol\u00f3gicos&#8221; <\/a>e afirmou que a mudan\u00e7a de regulamento foi decisiva para a entrada na F1.<\/p>\n\n\n\n<p class=\"wp-block-paragraph\">Tombazis, portanto, afirmou que n\u00e3o \u00e9 desejo da entidade que a montadora volte atr\u00e1s. &#8220;N\u00e3o quero pr\u00e9-julgar isso, porque ainda estamos em discuss\u00f5es&#8221;, disse o diretor em coletiva de imprensa. &#8220;Ainda estamos em discuss\u00f5es com as fabricantes de unidades de pot\u00eancia nas pr\u00f3ximas semanas, portanto n\u00e3o gostaria de pr\u00e9-julgar. N\u00e3o devemos tirar conclus\u00f5es precipitadas&#8221;, salientou.<\/p>\n\n\n\n<p class=\"wp-block-paragraph\">&#8220;Estamos muito orgulhosos por termos trazido a Audi para o esporte, respeitamos isso totalmente e n\u00e3o queremos que eles revertam essa decis\u00e3o&#8221;, enfatizou Tombazis. &#8220;Tamb\u00e9m estamos orgulhosos pela <strong>Honda <\/strong>ter reconsiderado deixar o esporte e voltar, ent\u00e3o tudo o que fazemos \u00e9 um complexo equil\u00edbrio entre esses fatores&#8221;, continuou.<\/p>\n\n\n\n<figure class=\"wp-block-image size-large\"><img decoding=\"async\" src=\"https:\/\/www.grandepremio.com\/br\/wp-content\/uploads\/2025\/03\/china-2025-f1-corrida-largada-afp-02-1200x800.jpg\" alt=\"\" class=\"wp-image-943296\"\/><figcaption class=\"wp-element-caption\">A F\u00f3rmula 1 se prepara para mudan\u00e7a de regulamento em 2026 (Foto: AFP)<\/figcaption><\/figure>\n\n\n\n<p class=\"wp-block-paragraph\">&#8220;A quest\u00e3o \u00e9 que n\u00e3o h\u00e1 um \u00fanico ponto que responda a todas as perguntas da mesma forma entre ser justo, proteger o esporte, cortar custos, proteger os fabricantes de unidades de pot\u00eancia e proteger o investimento deles. N\u00e3o h\u00e1 um \u00fanico lugar que seja perfeito para tudo, ent\u00e3o estamos tentando encontrar esse ponto ideal&#8221;, completou.<\/p>\n\n\n\n<p class=\"wp-block-paragraph\">Tombazis ainda ressaltou que, no momento, &#8220;n\u00e3o h\u00e1 nenhuma proposta na mesa, mas uma discuss\u00e3o&#8221; e seguiu dizendo que &#8220;qualquer mudan\u00e7a deve ter amplo consenso, n\u00e3o mudamos coisas unilateralmente e n\u00e3o impomos uma posi\u00e7\u00e3o&#8221;. <\/p>\n\n\n\n<p class=\"wp-block-paragraph\">Em 2026, as unidades de pot\u00eancia ter\u00e3o a parte el\u00e9trica ampliada em 50\/50 e ser\u00e3o produzidas para trabalharem com combust\u00edvel 100% sustent\u00e1vel. A atividade, ali\u00e1s, j\u00e1 est\u00e1 bastante avan\u00e7ada, uma vez que este \u00e9 o \u00faltimo ano sob o atual regulamento t\u00e9cnico, e Tombazis acredita que a eletrifica\u00e7\u00e3o da F1 \u00e9 o que abriu caminho para montadoras como a Audi e tamb\u00e9m a <strong>Ford<\/strong>, que atua em conjunto com a <strong>Red Bull<\/strong>. <\/p>\n\n\n\n<p class=\"wp-block-paragraph\">&#8220;As coisas mudaram, acho que um fator significativo \u00e9 a percep\u00e7\u00e3o, mesmo entre as OEMs [fabricantes de equipamentos originais], sobre a velocidade com que a eletrifica\u00e7\u00e3o acontecer\u00e1. \u00c9 um fator significativo, n\u00e3o podemos negar, e entre 2020 e 2021, quando essas discuss\u00f5es aconteceram, a tend\u00eancia era bem clara em dire\u00e7\u00e3o \u00e0 eletrifica\u00e7\u00e3o&#8221;, seguiu.<\/p>\n\n\n\n<figure class=\"wp-block-image size-large\"><img decoding=\"async\" src=\"https:\/\/www.grandepremio.com\/br\/wp-content\/uploads\/2024\/10\/nikolas-tombazis-1200x675.png\" alt=\"\" class=\"wp-image-882916\"\/><figcaption class=\"wp-element-caption\">Nikolas Tombazis se mostrou cauteloso depois do contra da Audi \u00e0 volta dos V10 (Foto: Reprodu\u00e7\u00e3o)<\/figcaption><\/figure>\n\n\n\n<p class=\"wp-block-paragraph\">&#8220;N\u00e3o estou dizendo que isso n\u00e3o est\u00e1 acontecendo, mas certamente as opini\u00f5es dos participantes mudaram, e mesmo que a F\u00f3rmula 1 esteja em \u00f3tima sa\u00fade financeira, tornou-se importante proteg\u00ea-la contra as flutua\u00e7\u00f5es da economia mundial&#8221;, pontuou.<\/p>\n\n\n\n<p class=\"wp-block-paragraph\">&#8220;Precisamos tomar essas medidas de prote\u00e7\u00e3o enquanto o sol est\u00e1 brilhando, e n\u00e3o quando come\u00e7ar a chover, e o esfor\u00e7o para cortar custos \u00e9 importante. Mas n\u00e3o sonhar\u00edamos em fazer isso unilateralmente sem respeitar todos os participantes&#8221;, encerrou Tombazis.<\/p>\n\n\n\n<p class=\"wp-block-paragraph\">Na semana do <strong>GP da Austr\u00e1lia<\/strong>, a revista alem\u00e3 <em>Auto Motor und Sport<\/em> informou que a FIA havia criado um grupo de trabalho para estudar <a href=\"https:\/\/www.grandepremio.com\/br\/f1\/noticias\/fia-f1-estudam-estender-regulamento-atual-reintroduzir-motores-v10-2028\/\">a reintrodu\u00e7\u00e3o dos motores V10 j\u00e1 em 2028 ou, no m\u00e1ximo, em 2029<\/a>, esticando, portanto, o regulamento atual. Uma das raz\u00f5es, segundo a publica\u00e7\u00e3o, seria o temor da entidade que regula o esporte a motor e tamb\u00e9m de <strong>Stefano Domenicali<\/strong>, CEO da F1, com a possibilidade de a mudan\u00e7a nas regras no pr\u00f3ximo ano acabar com a competitividade que existe atualmente no grid.<\/p>\n\n\n\n<p class=\"wp-block-paragraph\">O debate sobre o assuntou ganhou for\u00e7a ap\u00f3s o\u00a0<strong>F175<\/strong>, evento no qual as equipes apresentaram os carros para a temporada 2025, em fevereiro. Na ocasi\u00e3o, <strong>Mohammed Ben Sulayem<\/strong>, presidente da FIA, usou as redes sociais para dizer que o \u00f3rg\u00e3o dirigente\u00a0<a href=\"https:\/\/www.grandepremio.com\/br\/f1\/noticias\/fia-revive-debate-sugere-motores-v10-sustentaveis-f1-temos-considerar-tudo\/\">\u201cdeve liderar novas tend\u00eancias tecnol\u00f3gicas, incluindo o som dos motores V10 movidos a combust\u00edvel sustent\u00e1vel\u201d<\/a>. Alguns dias depois, figuras importantes do paddock, como\u00a0<strong>Toto Wolff<\/strong>, chefe da\u00a0<strong>Mercedes<\/strong>,\u00a0<strong>Christian Horner<\/strong>, representante da\u00a0<strong>Red Bull<\/strong>,\u00a0<strong><a href=\"https:\/\/www.grandepremio.com\/br\/piloto\/max-verstappen\/\" target=\"_blank\" rel=\"noreferrer noopener\">Max Verstappen<\/a><\/strong>\u00a0e\u00a0<strong>Lewis Hamilton<\/strong>, por exemplo, foram questionados sobre a ideia e\u00a0<a href=\"https:\/\/www.grandepremio.com\/br\/f1\/noticias\/lewis-hamilton-adere-campanha-aprova-f1-mais-sustentavel-motores-v10-ou-v12\/\">aprovaram a iniciativa<\/a>.<\/p>\n\n\n\n<p class=\"wp-block-paragraph\">A\u00a0<strong><a href=\"https:\/\/www.grandepremio.com\/br\/f1\/\" target=\"_blank\" rel=\"noreferrer noopener\"><\/a><a href=\"https:\/\/www.grandepremio.com\/br\/f1\/\" target=\"_blank\" rel=\"noreferrer noopener\">F\u00f3rmula 1<\/a>\u00a0<\/strong>volta de 4 a 6 de abril em\u00a0<strong><a href=\"https:\/\/www.grandepremio.com\/br\/circuito\/suzuka\/\" target=\"_blank\" rel=\"noreferrer noopener\">Suzuka<\/a><\/strong>, palco do<strong>\u00a0GP do Jap\u00e3o<\/strong>, terceira etapa da\u00a0<strong>temporada 2025<\/strong>.<\/p>\n\n\n\n<p class=\"wp-block-paragraph\"><strong>\u25b6\ufe0f<\/strong> <strong>Inscreva-se nos dois canais do GRANDE PR\u00caMIO no YouTube:\u00a0<a href=\"https:\/\/www.youtube.com\/channel\/UC9OlHEgxoaY6QY6nWPoiqQg?sub_confirmation=1\" target=\"_blank\" rel=\"noreferrer noopener\">GP<\/a>\u00a0|\u00a0<a href=\"https:\/\/www.youtube.com\/channel\/UC9csiS6q_C3C0FYhyr1rnFA?sub_confirmation=1\" target=\"_blank\" rel=\"noreferrer noopener\">GP2<\/a><\/strong><\/p>\n\n\n\n<figure class=\"wp-block-embed is-type-video is-provider-youtube wp-block-embed-youtube wp-embed-aspect-16-9 wp-has-aspect-ratio\"><div class=\"wp-block-embed__wrapper\">\n<iframe loading=\"lazy\" title=\"BORTOLETO LUTA, FERRARI VAI DA GL\u00d3RIA AO VEXAME E PIASTRI BRIGA POR T\u00cdTULO DA F1 | Paddock GP #408\" width=\"500\" height=\"281\" src=\"https:\/\/www.youtube.com\/embed\/O2FCdp3Cxf0?feature=oembed\" frameborder=\"0\" allow=\"accelerometer; autoplay; clipboard-write; encrypted-media; gyroscope; picture-in-picture; web-share\" referrerpolicy=\"strict-origin-when-cross-origin\" allowfullscreen><\/iframe>\n<\/div><\/figure>\n","protected":false},"excerpt":{"rendered":"<p>Diretor de monopostos da FIA, Nikolas Tombazis enfatizou que a pauta sobre os motores V10 ainda est\u00e1 em discuss\u00e3o, mas disse que n\u00e3o \u00e9 desejo ver uma montadora como a Audi desistir da F\u00f3rmula 1 <\/p>\n","protected":false},"author":0,"featured_media":1000808041,"comment_status":"closed","ping_status":"closed","sticky":false,"template":"","format":"standard","meta":{"42wp_featured_image_caption":"","42wp_featured_image_credits":"","42wp_featured_video":"","42wp_featured_image_hidden":false,"42wp_authors_list":[],"footnotes":""},"categories":[2],"tags":[970,26271,5273,147,3630,25893,103,882,180,3628,1491,28285,130,30840,22035,3960,35129,42001,3280],"42wp_author":[47147],"class_list":["post-25818","post","type-post","status-publish","format-standard","has-post-thumbnail","hentry","category-f1","tag-audi","tag-calendario-f1","tag-classificacao-f1","tag-f1","tag-f1-2025","tag-federacao-internacional-de-automobilismo","tag-fia","tag-ford","tag-formula-1","tag-formula-1-2025","tag-grande-premio","tag-grandepremio","tag-honda","tag-horarios-f1","tag-motores-v10","tag-nikolas-tombazis","tag-onde-assistir-f1","tag-temporada-2025-f1","tag-v10","42wp_author-luana-marino"],"_links":{"self":[{"href":"https:\/\/grandepremio.com\/br\/wp-json\/wp\/v2\/posts\/25818","targetHints":{"allow":["GET"]}}],"collection":[{"href":"https:\/\/grandepremio.com\/br\/wp-json\/wp\/v2\/posts"}],"about":[{"href":"https:\/\/grandepremio.com\/br\/wp-json\/wp\/v2\/types\/post"}],"replies":[{"embeddable":true,"href":"https:\/\/grandepremio.com\/br\/wp-json\/wp\/v2\/comments?post=25818"}],"version-history":[{"count":0,"href":"https:\/\/grandepremio.com\/br\/wp-json\/wp\/v2\/posts\/25818\/revisions"}],"wp:featuredmedia":[{"embeddable":true,"href":"https:\/\/grandepremio.com\/br\/wp-json\/wp\/v2\/media\/1000808041"}],"wp:attachment":[{"href":"https:\/\/grandepremio.com\/br\/wp-json\/wp\/v2\/media?parent=25818"}],"wp:term":[{"taxonomy":"category","embeddable":true,"href":"https:\/\/grandepremio.com\/br\/wp-json\/wp\/v2\/categories?post=25818"},{"taxonomy":"post_tag","embeddable":true,"href":"https:\/\/grandepremio.com\/br\/wp-json\/wp\/v2\/tags?post=25818"},{"taxonomy":"42wp_author","embeddable":true,"href":"https:\/\/grandepremio.com\/br\/wp-json\/wp\/v2\/42wp_author?post=25818"}],"curies":[{"name":"wp","href":"https:\/\/api.w.org\/{rel}","templated":true}]}}