{"id":26053,"date":"2025-03-23T09:57:20","date_gmt":"2025-03-23T12:57:20","guid":{"rendered":"https:\/\/grandepremio.com\/br\/noticias\/pierre-gasly-lamenta-gp-china-desafiador-desclassificacao\/"},"modified":"2025-03-23T10:06:16","modified_gmt":"2025-03-23T13:06:16","slug":"pierre-gasly-lamenta-gp-china-desafiador-desclassificacao","status":"publish","type":"post","link":"https:\/\/grandepremio.com\/br\/f1\/pierre-gasly-lamenta-gp-china-desafiador-desclassificacao\/","title":{"rendered":"Gasly lamenta GP da China &#8220;desafiador&#8221; e desclassifica\u00e7\u00e3o: &#8220;N\u00e3o fomos competitivos&#8221;"},"content":{"rendered":"\n<p class=\"wp-block-paragraph\">O fim de semana do<strong> GP da China<\/strong> terminou de forma amarga para <strong>Pierre Gasly<\/strong>. O piloto da <strong>Alpine <\/strong><a href=\"https:\/\/www.grandepremio.com\/br\/f1\/noticias\/oscar-piastri-vence-sonolento-gp-china-puxa-dobradinha-mclaren-gabriel-bortoleto-17\/\">recebeu a bandeirada na 11\u00aa posi\u00e7\u00e3o<\/a>, <a href=\"https:\/\/www.grandepremio.com\/br\/f1\/noticias\/fia-desclassifica-charles-leclerc-pierre-gasly-gp-china-carros-abaixo-peso-minimo\/\">mas acabou desclassificado horas depois<\/a>. O franc\u00eas estava com o carro abaixo do peso m\u00ednimo, assim como a <strong>Ferrari <\/strong>de <strong>Charles Leclerc<\/strong>, e acabou sendo punido por essa infra\u00e7\u00e3o t\u00e9cnica.<\/p>\n\n\n\n<p class=\"wp-block-paragraph\">Ap\u00f3s a prova, e tamb\u00e9m da desclassifica\u00e7\u00e3o, Gasly lamentou o desempenho durante todo o fim de semana em <strong>Xangai<\/strong>, especialmente na corrida deste domingo (23), quando n\u00e3o conseguiu fazer frente a outros carros na briga por pontos, ficando novamente fora do top-10 por muito pouco.<\/p>\n\n\n\n<p class=\"wp-block-paragraph\">&#8220;Foi uma corrida complicada hoje, assim como na semana passada, e terminamos em 11\u00ba lugar, fora da zona de pontua\u00e7\u00e3o. Infelizmente, depois da corrida, tivemos uma infra\u00e7\u00e3o t\u00e9cnica que resultou em desclassifica\u00e7\u00e3o&#8221;, afirmou o franc\u00eas.<\/p>\n\n\n\n<p class=\"wp-block-paragraph\"><strong>\u25b6\ufe0f\u00a0Inscreva-se nos dois canais do GRANDE PR\u00caMIO no YouTube:\u00a0<a href=\"https:\/\/www.youtube.com\/channel\/UC9OlHEgxoaY6QY6nWPoiqQg?sub_confirmation=1\" target=\"_blank\" rel=\"noreferrer noopener\">GP<\/a>\u00a0|\u00a0<a href=\"https:\/\/www.youtube.com\/channel\/UC9csiS6q_C3C0FYhyr1rnFA?sub_confirmation=1\" target=\"_blank\" rel=\"noreferrer noopener\">GP2<\/a><\/strong><\/p>\n\n\n\n<figure class=\"wp-block-image size-large\"><img decoding=\"async\" src=\"https:\/\/www.grandepremio.com\/br\/wp-content\/uploads\/2025\/03\/china-2025-f1-corrida-alpine-pierre-gasly-afp-01-1200x800.jpg\" alt=\"\" class=\"wp-image-943378\"\/><figcaption class=\"wp-element-caption\">Pierre Gasly acabou desclassificado por infra\u00e7\u00e3o t\u00e9cnica (Foto: AFP)<\/figcaption><\/figure>\n\n\n\n<p class=\"wp-block-paragraph\">&#8220;Na corrida, acho que a degrada\u00e7\u00e3o provavelmente pegou todas as equipes de surpresa porque foi muito menor do que o esperado e a estrat\u00e9gia de uma parada se provou v\u00e1lida. Alongamos nosso segundo trecho depois de parar mais cedo e fomos at\u00e9 a bandeirada sem grandes recompensas&#8221;, seguiu.<\/p>\n\n\n\n<p class=\"wp-block-paragraph\">&#8220;No geral, foi um fim de semana desafiador, onde n\u00e3o fomos competitivos como gostar\u00edamos. Vamos revisar essas duas primeiras corridas com a equipe para ver o que funcionou e o que podemos melhorar. Ficamos fora dos pontos por pouco nas duas vezes e precisamos melhorar, tenho certeza que vamos&#8221;, finalizou Gasly.<\/p>\n\n\n\n<p class=\"wp-block-paragraph\">A\u00a0<strong><a href=\"https:\/\/www.grandepremio.com\/br\/f1\/\" target=\"_blank\" rel=\"noreferrer noopener\"><\/a><a href=\"https:\/\/www.grandepremio.com\/br\/f1\/\" target=\"_blank\" rel=\"noreferrer noopener\">F\u00f3rmula 1<\/a>\u00a0<\/strong>volta de 4 a 6 de abril em\u00a0<strong><a href=\"https:\/\/www.grandepremio.com\/br\/circuito\/suzuka\/\" target=\"_blank\" rel=\"noreferrer noopener\">Suzuka<\/a><\/strong>, palco do<strong>\u00a0GP do Jap\u00e3o<\/strong>, terceira etapa da\u00a0<strong>temporada 2025<\/strong>. O\u00a0<strong>GRANDE PR\u00caMIO\u00a0<\/strong>faz a cobertura completa do evento, assim como das outras provas do campeonato.<\/p>\n","protected":false},"excerpt":{"rendered":"<p>Pierre Gasly novamente bateu na trave durante a corrida e ficou fora dos pontos, mas acabou desclassificado por carro abaixo do peso m\u00ednimo e lamentou os problemas no fim de semana chin\u00eas<\/p>\n","protected":false},"author":0,"featured_media":1000943380,"comment_status":"closed","ping_status":"closed","sticky":false,"template":"","format":"standard","meta":{"42wp_featured_image_caption":"","42wp_featured_image_credits":"","42wp_featured_video":"","42wp_featured_image_hidden":false,"42wp_authors_list":[],"footnotes":""},"categories":[2],"tags":[20491,26271,441,5273,147,3630,180,3628,222,1491,28285,30840,35129,676,42001,223,42986],"42wp_author":[47135],"class_list":["post-26053","post","type-post","status-publish","format-standard","has-post-thumbnail","hentry","category-f1","tag-alpine","tag-calendario-f1","tag-china","tag-classificacao-f1","tag-f1","tag-f1-2025","tag-formula-1","tag-formula-1-2025","tag-gp-da-china","tag-grande-premio","tag-grandepremio","tag-horarios-f1","tag-onde-assistir-f1","tag-pierre-gasly","tag-temporada-2025-f1","tag-xangai","tag-xangai-2025","42wp_author-pedro-luis-cuenca"],"_links":{"self":[{"href":"https:\/\/grandepremio.com\/br\/wp-json\/wp\/v2\/posts\/26053","targetHints":{"allow":["GET"]}}],"collection":[{"href":"https:\/\/grandepremio.com\/br\/wp-json\/wp\/v2\/posts"}],"about":[{"href":"https:\/\/grandepremio.com\/br\/wp-json\/wp\/v2\/types\/post"}],"replies":[{"embeddable":true,"href":"https:\/\/grandepremio.com\/br\/wp-json\/wp\/v2\/comments?post=26053"}],"version-history":[{"count":0,"href":"https:\/\/grandepremio.com\/br\/wp-json\/wp\/v2\/posts\/26053\/revisions"}],"wp:featuredmedia":[{"embeddable":true,"href":"https:\/\/grandepremio.com\/br\/wp-json\/wp\/v2\/media\/1000943380"}],"wp:attachment":[{"href":"https:\/\/grandepremio.com\/br\/wp-json\/wp\/v2\/media?parent=26053"}],"wp:term":[{"taxonomy":"category","embeddable":true,"href":"https:\/\/grandepremio.com\/br\/wp-json\/wp\/v2\/categories?post=26053"},{"taxonomy":"post_tag","embeddable":true,"href":"https:\/\/grandepremio.com\/br\/wp-json\/wp\/v2\/tags?post=26053"},{"taxonomy":"42wp_author","embeddable":true,"href":"https:\/\/grandepremio.com\/br\/wp-json\/wp\/v2\/42wp_author?post=26053"}],"curies":[{"name":"wp","href":"https:\/\/api.w.org\/{rel}","templated":true}]}}