{"id":26126,"date":"2025-03-23T07:44:04","date_gmt":"2025-03-23T10:44:04","guid":{"rendered":"https:\/\/grandepremio.com\/br\/noticias\/mercedes-george-russell-10-gp-china-celebra-vice-construtores\/"},"modified":"2025-03-23T08:55:17","modified_gmt":"2025-03-23T11:55:17","slug":"mercedes-george-russell-10-gp-china-celebra-vice-construtores","status":"publish","type":"post","link":"https:\/\/grandepremio.com\/br\/f1\/mercedes-george-russell-10-gp-china-celebra-vice-construtores\/","title":{"rendered":"Mercedes diz que Russell foi &#8220;10 de 10&#8221; no GP da China e celebra vice entre Construtores"},"content":{"rendered":"\n<p class=\"wp-block-paragraph\">A <strong>Mercedes <\/strong>saiu da <strong>China <\/strong>bastante satisfeita<a href=\"https:\/\/www.grandepremio.com\/br\/f1\/noticias\/oscar-piastri-vence-sonolento-gp-china-puxa-dobradinha-mclaren-gabriel-bortoleto-17\/\"> com mais um p\u00f3dio <\/a>de <strong>George Russell <\/strong>na<strong> temporada 2025<\/strong>, o segundo em duas corridas realizadas.<strong> Toto Wolff<\/strong> disse que o brit\u00e2nico teve um desempenho &#8220;dez de dez&#8221; em <strong>Xangai <\/strong>e ainda celebrou a vice-lideran\u00e7a no <strong>Mundial de Construtores<\/strong>.<\/p>\n\n\n\n<p class=\"wp-block-paragraph\">Russell beliscou um \u00f3timo segundo lugar na classifica\u00e7\u00e3o, mas acabou perdendo a posi\u00e7\u00e3o na largada para <strong>Lando Norris<\/strong>, da <strong>McLaren<\/strong>. Mesmo assim, imprimiu ritmo s\u00f3lido e ainda foi o primeiro a cantar a bola de que a corrida era para apenas uma parada.<\/p>\n\n\n\n<p class=\"wp-block-paragraph\">Ele terminou em terceiro e anotou, ao todo, 20 pontos na etapa chinesa, ocupando a terceira coloca\u00e7\u00e3o no <strong>Mundial de Pilotos<\/strong>, apenas 1 tento atr\u00e1s de <strong>Max Verstappen<\/strong>.<\/p>\n\n\n\n<p class=\"wp-block-paragraph\">Ao ser perguntado pelo canal oficial da F\u00f3rmula 1 sobre o fim de semana dos alem\u00e3es, Wolff classificou como &#8220;muito s\u00f3lido&#8221;. <\/p>\n\n\n\n<figure class=\"wp-block-image size-large\"><img decoding=\"async\" src=\"https:\/\/www.grandepremio.com\/br\/wp-content\/uploads\/2025\/03\/china-2025-f1-corrida-mercedes-kimi-antonelli-03-1200x800.jpg\" alt=\"\" class=\"wp-image-943342\"\/><figcaption class=\"wp-element-caption\">Andrea Kimi Antonelli foi eleito o piloto do dia (Foto: Mercedes)<\/figcaption><\/figure>\n\n\n\n<p class=\"wp-block-paragraph\">&#8220;Acho que do ponto de vista da pilotagem de George, dez de dez, ele extraiu tudo o que estava l\u00e1&#8221;, salientou o chefe da Mercedes. &#8220;Estamos felizes por outro p\u00f3dio, felizes por estarmos em segundo no Mundial de Construtores&#8221;, acrescentou.<\/p>\n\n\n\n<p class=\"wp-block-paragraph\">&#8220;Kimi [Antonelli] teve outro fim de semana de aprendizado\u2026 ele sofreu um dano no assoalho no come\u00e7o da corrida que custou alguns d\u00e9cimos e uma posi\u00e7\u00e3o melhor, mas ele lutou, n\u00e3o reclamou. A hora dele vai chegar&#8221;, assegurou Wolff, que ainda brincou sobre a elei\u00e7\u00e3o do pupilo como &#8220;piloto do dia&#8221;.<\/p>\n\n\n\n<p class=\"wp-block-paragraph\">&#8220;N\u00e3o sei, ele tamb\u00e9m ficou surpreso. Deve ser pelos f\u00e3s que ele tem entre 16 e 18 anos&#8221;, encerrou Wolff.<\/p>\n\n\n\n<p class=\"wp-block-paragraph\">A\u00a0<strong><a href=\"https:\/\/www.grandepremio.com\/br\/f1\/\" target=\"_blank\" rel=\"noreferrer noopener\">F\u00f3rmula 1<\/a>\u00a0<\/strong>volta de 4 a 6 de abril em\u00a0<strong><a href=\"https:\/\/www.grandepremio.com\/br\/circuito\/suzuka\/\" target=\"_blank\" rel=\"noreferrer noopener\">Suzuka<\/a><\/strong>, palco do<strong>\u00a0GP do Jap\u00e3o<\/strong>, terceira etapa da\u00a0<strong>temporada 2025<\/strong>.<\/p>\n\n\n\n<p class=\"wp-block-paragraph\">\u25b6\ufe0f\u00a0<strong>Inscreva-se nos dois canais do GRANDE PR\u00caMIO no YouTube:\u00a0<a href=\"https:\/\/www.youtube.com\/channel\/UC9OlHEgxoaY6QY6nWPoiqQg?sub_confirmation=1\" target=\"_blank\" rel=\"noreferrer noopener\">GP<\/a>\u00a0|\u00a0<a href=\"https:\/\/www.youtube.com\/channel\/UC9csiS6q_C3C0FYhyr1rnFA?sub_confirmation=1\" target=\"_blank\" rel=\"noreferrer noopener\">GP2<\/a><\/strong><\/p>\n\n\n\n<figure class=\"wp-block-embed is-type-video is-provider-youtube wp-block-embed-youtube wp-embed-aspect-16-9 wp-has-aspect-ratio\"><div class=\"wp-block-embed__wrapper\">\n<iframe loading=\"lazy\" title=\"PIASTRI VENCE, FERRARI DESCLASSIFICADA E BORTOLETO RODA: O GP DA CHINA F1 2025 | BRIEFING\" width=\"500\" height=\"281\" src=\"https:\/\/www.youtube.com\/embed\/Ij54mkzgU64?feature=oembed\" frameborder=\"0\" allow=\"accelerometer; autoplay; clipboard-write; encrypted-media; gyroscope; picture-in-picture; web-share\" referrerpolicy=\"strict-origin-when-cross-origin\" allowfullscreen><\/iframe>\n<\/div><\/figure>\n","protected":false},"excerpt":{"rendered":"<p>Toto Wolff rasgou elogios \u00e0 pilotagem de George Russell no GP da China e disse que a hora de Andrea Kimi Antonelli &#8220;vai chegar&#8221;<\/p>\n","protected":false},"author":0,"featured_media":1000943381,"comment_status":"closed","ping_status":"closed","sticky":false,"template":"","format":"standard","meta":{"42wp_featured_image_caption":"","42wp_featured_image_credits":"","42wp_featured_video":"","42wp_featured_image_hidden":false,"42wp_authors_list":[],"footnotes":""},"categories":[2],"tags":[27861,26271,441,5273,147,3630,180,3628,800,222,39114,1491,28285,30840,82,35129,42001,150,223,42986,39121],"42wp_author":[47147],"class_list":["post-26126","post","type-post","status-publish","format-standard","has-post-thumbnail","hentry","category-f1","tag-andrea-kimi-antonelli","tag-calendario-f1","tag-china","tag-classificacao-f1","tag-f1","tag-f1-2025","tag-formula-1","tag-formula-1-2025","tag-george-russell","tag-gp-da-china","tag-gp-da-china-f1","tag-grande-premio","tag-grandepremio","tag-horarios-f1","tag-mercedes","tag-onde-assistir-f1","tag-temporada-2025-f1","tag-toto-wolff","tag-xangai","tag-xangai-2025","tag-xangai-f1","42wp_author-luana-marino"],"_links":{"self":[{"href":"https:\/\/grandepremio.com\/br\/wp-json\/wp\/v2\/posts\/26126","targetHints":{"allow":["GET"]}}],"collection":[{"href":"https:\/\/grandepremio.com\/br\/wp-json\/wp\/v2\/posts"}],"about":[{"href":"https:\/\/grandepremio.com\/br\/wp-json\/wp\/v2\/types\/post"}],"replies":[{"embeddable":true,"href":"https:\/\/grandepremio.com\/br\/wp-json\/wp\/v2\/comments?post=26126"}],"version-history":[{"count":0,"href":"https:\/\/grandepremio.com\/br\/wp-json\/wp\/v2\/posts\/26126\/revisions"}],"wp:featuredmedia":[{"embeddable":true,"href":"https:\/\/grandepremio.com\/br\/wp-json\/wp\/v2\/media\/1000943381"}],"wp:attachment":[{"href":"https:\/\/grandepremio.com\/br\/wp-json\/wp\/v2\/media?parent=26126"}],"wp:term":[{"taxonomy":"category","embeddable":true,"href":"https:\/\/grandepremio.com\/br\/wp-json\/wp\/v2\/categories?post=26126"},{"taxonomy":"post_tag","embeddable":true,"href":"https:\/\/grandepremio.com\/br\/wp-json\/wp\/v2\/tags?post=26126"},{"taxonomy":"42wp_author","embeddable":true,"href":"https:\/\/grandepremio.com\/br\/wp-json\/wp\/v2\/42wp_author?post=26126"}],"curies":[{"name":"wp","href":"https:\/\/api.w.org\/{rel}","templated":true}]}}