{"id":26588,"date":"2025-03-21T07:02:23","date_gmt":"2025-03-21T10:02:23","guid":{"rendered":"https:\/\/grandepremio.com\/br\/noticias\/carlos-sainz-explica-dificuldades-classificacao-sprint-china-admite-nao-me-adaptei\/"},"modified":"2025-03-21T07:37:38","modified_gmt":"2025-03-21T10:37:38","slug":"carlos-sainz-explica-dificuldades-classificacao-sprint-china-admite-nao-me-adaptei","status":"publish","type":"post","link":"https:\/\/grandepremio.com\/br\/f1\/carlos-sainz-explica-dificuldades-classificacao-sprint-china-admite-nao-me-adaptei\/","title":{"rendered":"Sainz explica dificuldades em classifica\u00e7\u00e3o sprint na China e admite: \u201cN\u00e3o me adaptei\u201d"},"content":{"rendered":"\n<p class=\"wp-block-paragraph\"><strong>Carlos Sainz<\/strong> ainda est\u00e1 vivendo momentos de dificuldade com a <strong>Williams <\/strong>na<strong> F\u00f3rmula 1<\/strong>. Encarando o segundo fim de semana como titular da equipe de <strong>Grove<\/strong>, o espanhol sofreu com o equil\u00edbrio do <strong>FW47<\/strong>, mas tamb\u00e9m admitiu que ainda n\u00e3o se adaptou ao carro e ao novo ambiente e, por isso, n\u00e3o foi capaz de avan\u00e7ar ao SQ3.<\/p>\n\n\n\n<p class=\"wp-block-paragraph\"><strong>Sainz <\/strong>at\u00e9 come\u00e7ou bem com a <strong>Williams <\/strong>quando avan\u00e7ou para o Q3 na classifica\u00e7\u00e3o do <strong>GP da Austr\u00e1lia<\/strong> logo na estreia com o time. O sonho, no entanto, rapidamente virou pesadelo, quando na segunda volta estava acompanhando o safety-car e, mesmo assim, rodou e bateu no muro. A equipe atribuiu o acidente <a href=\"https:\/\/www.grandepremio.com\/br\/f1\/noticias\/williams-relaciona-acidente-carlos-sainz-australia-falta-familiaridade-carro\/\">\u00e0 falta de familiaridade com o carro<\/a>.<\/p>\n\n\n\n<p class=\"wp-block-paragraph\">Mas, aparentemente, <strong>Sainz <\/strong>ainda n\u00e3o conseguiu se adaptar ao b\u00f3lido da <strong>Williams<\/strong>. Durante a classifica\u00e7\u00e3o para a sprint da <strong>China<\/strong>, o #55 foi eliminado ainda no SQ2 e vai ter de largar de 13\u00ba na corrida curta de s\u00e1bado. O companheiro Alexander Albon passou para o SQ3 e vai partir de nono. O espanhol comentou sobre as dificuldades com o FW47<\/p>\n\n\n\n<p class=\"wp-block-paragraph\">\u201cSofri com o equil\u00edbrio e todas as sess\u00f5es foram dif\u00edceis. Tivemos alguns problemas na classifica\u00e7\u00e3o sprint, incluindo algo estranho com o banco que ainda vamos analisar. Mas, no geral, o problema maior \u00e9 que ainda n\u00e3o me adaptei ao carro\u201d, apontou <strong>Sainz<\/strong>.<\/p>\n\n\n\n<figure class=\"wp-block-video\"><video class=\"video-js vjs-big-play-centered\" data-gp-vjs=\"1\" controls poster=\"https:\/\/www.grandepremio.com\/br\/cdn-cgi\/image\/width=1200,height=675,fit=contain,gravity=0.5x0.5,quality=75,format=webp\/wp-content\/uploads\/2025\/03\/Carlos-Sainz-batida-Australia-poster.jpeg\" src=\"https:\/\/www.grandepremio.com\/br\/wp-content\/uploads\/2025\/03\/Carlos-Sainz-batida-Australia.mp4\"><\/video><figcaption class=\"wp-element-caption\">Carlos Sainz escapa e bate no GP da Austr\u00e1lia (V\u00eddeo: reprodu\u00e7\u00e3o\/F1 TV)<\/figcaption><\/figure>\n\n\n\n<p class=\"wp-block-paragraph\">\u201cAinda tenho de aprender e entender muitas coisas sobre o carro e sei que com mais quilometragem, isso vir\u00e1. Espero que amanh\u00e3 possamos juntar tudo e melhorar o resultado de hoje para domingo\u201d, finalizou <strong>Sainz<\/strong>.<\/p>\n\n\n\n<p class=\"wp-block-paragraph\">A\u00a0<strong><a href=\"https:\/\/www.grandepremio.com\/br\/f1\/\" target=\"_blank\" rel=\"noreferrer noopener\"><\/a><a href=\"https:\/\/www.grandepremio.com\/br\/f1\/\" target=\"_blank\" rel=\"noreferrer noopener\">F\u00f3rmula 1<\/a><\/strong>\u00a0realiza o\u00a0<strong>GP da China<\/strong>, em\u00a0<strong><a href=\"https:\/\/www.grandepremio.com\/br\/circuito\/xangai\/\" target=\"_blank\" rel=\"noreferrer noopener\">Xangai<\/a><\/strong>, entre os dias 21 e 23 de mar\u00e7o, a primeira etapa da\u00a0<strong>temporada 2025<\/strong>\u00a0com corrida sprint. O\u00a0<strong>GRANDE PR\u00caMIO<\/strong>\u00a0acompanha todas as atividades\u00a0<strong><a href=\"https:\/\/www.grandepremio.com\/br\/f1\/ao-vivo\" target=\"_blank\" rel=\"noreferrer noopener\">AO VIVO E EM\u00a0<\/a><a href=\"https:\/\/www.grandepremio.com\/br\/ao-vivo\/\" target=\"_blank\" rel=\"noreferrer noopener\">TEMPO REAL<\/a><\/strong>, al\u00e9m de classifica\u00e7\u00e3o shootout, sprint, classifica\u00e7\u00e3o e corrida em\u00a0<strong><a href=\"https:\/\/www.youtube.com\/@GrandePremio1\/streams\" target=\"_blank\" rel=\"noreferrer noopener\">SEGUNDA TELA no YouTube<\/a><\/strong>, em parceria com a Voz do Esporte. No s\u00e1bado, a<strong>\u00a0largada da sprint<\/strong>\u00a0est\u00e1 marcada para\u00a0<strong>meia-noite<\/strong>, com a<strong>\u00a0classifica\u00e7\u00e3o \u00e0s 4h<\/strong>\u00a0(sempre no hor\u00e1rio de Bras\u00edlia). No domingo (23), os pilotos disputam\u00a0<strong>o GP da China \u00e0s 4h<\/strong>. O\u00a0<strong>Briefing\u00a0<\/strong>comenta tudo na\u00a0<strong>GPTV\u00a0<\/strong>ap\u00f3s o fim de cada dia de atividades.<\/p>\n\n\n\n<p class=\"wp-block-paragraph\">\u25b6\ufe0f\u00a0<strong>Inscreva-se nos dois canais do GRANDE PR\u00caMIO no YouTube:\u00a0<a href=\"https:\/\/www.youtube.com\/channel\/UC9OlHEgxoaY6QY6nWPoiqQg?sub_confirmation=1\" target=\"_blank\" rel=\"noreferrer noopener\">GP<\/a>\u00a0|\u00a0<a href=\"https:\/\/www.youtube.com\/channel\/UC9csiS6q_C3C0FYhyr1rnFA?sub_confirmation=1\" target=\"_blank\" rel=\"noreferrer noopener\">GP2<\/a><\/strong><\/p>\n\n\n\n<figure class=\"wp-block-embed is-type-video is-provider-youtube wp-block-embed-youtube wp-embed-aspect-16-9 wp-has-aspect-ratio\"><div class=\"wp-block-embed__wrapper\">\n<iframe loading=\"lazy\" title=\"HAMILTON POLE, VERSTAPPEN AO LADO, BORTOLETO EM 14\u00ba: CLASSIFICA\u00c7\u00c3O SPRINT DA F1 NA CHINA | BRIEFING\" width=\"500\" height=\"281\" src=\"https:\/\/www.youtube.com\/embed\/lQGxs4MATds?feature=oembed\" frameborder=\"0\" allow=\"accelerometer; autoplay; clipboard-write; encrypted-media; gyroscope; picture-in-picture; web-share\" referrerpolicy=\"strict-origin-when-cross-origin\" allowfullscreen><\/iframe>\n<\/div><\/figure>\n","protected":false},"excerpt":{"rendered":"<p>Carlos Sainz disse que o carro da Williams tem alguns problemas com equil\u00edbrio, mas tamb\u00e9m admitiu que ainda n\u00e3o se adaptou \u00e0 nova equipe<\/p>\n","protected":false},"author":0,"featured_media":1000937802,"comment_status":"closed","ping_status":"closed","sticky":false,"template":"","format":"standard","meta":{"42wp_featured_image_caption":"","42wp_featured_image_credits":"","42wp_featured_video":"","42wp_featured_image_hidden":false,"42wp_authors_list":[],"footnotes":""},"categories":[2],"tags":[546,441,32996,5921,1753,29703,222,1491,28285,7672,2984,215,25011,33777],"42wp_author":[47149],"class_list":["post-26588","post","type-post","status-publish","format-standard","has-post-thumbnail","hentry","category-f1","tag-carlos-sainz","tag-china","tag-classificacao-sprint","tag-corrida-sprint","tag-gp-da-australia","tag-gp-da-australia-de-formula-1","tag-gp-da-china","tag-grande-premio","tag-grandepremio","tag-sainz","tag-sprint","tag-williams","tag-williams-f1","tag-williams-formula-1","42wp_author-bernardo-castro"],"_links":{"self":[{"href":"https:\/\/grandepremio.com\/br\/wp-json\/wp\/v2\/posts\/26588","targetHints":{"allow":["GET"]}}],"collection":[{"href":"https:\/\/grandepremio.com\/br\/wp-json\/wp\/v2\/posts"}],"about":[{"href":"https:\/\/grandepremio.com\/br\/wp-json\/wp\/v2\/types\/post"}],"replies":[{"embeddable":true,"href":"https:\/\/grandepremio.com\/br\/wp-json\/wp\/v2\/comments?post=26588"}],"version-history":[{"count":0,"href":"https:\/\/grandepremio.com\/br\/wp-json\/wp\/v2\/posts\/26588\/revisions"}],"wp:featuredmedia":[{"embeddable":true,"href":"https:\/\/grandepremio.com\/br\/wp-json\/wp\/v2\/media\/1000937802"}],"wp:attachment":[{"href":"https:\/\/grandepremio.com\/br\/wp-json\/wp\/v2\/media?parent=26588"}],"wp:term":[{"taxonomy":"category","embeddable":true,"href":"https:\/\/grandepremio.com\/br\/wp-json\/wp\/v2\/categories?post=26588"},{"taxonomy":"post_tag","embeddable":true,"href":"https:\/\/grandepremio.com\/br\/wp-json\/wp\/v2\/tags?post=26588"},{"taxonomy":"42wp_author","embeddable":true,"href":"https:\/\/grandepremio.com\/br\/wp-json\/wp\/v2\/42wp_author?post=26588"}],"curies":[{"name":"wp","href":"https:\/\/api.w.org\/{rel}","templated":true}]}}