{"id":26812,"date":"2025-03-20T11:12:10","date_gmt":"2025-03-20T14:12:10","guid":{"rendered":"https:\/\/grandepremio.com\/br\/noticias\/max-verstappen-destaca-mclaren-boa-ve-red-bull-caca-precisamos-melhorar\/"},"modified":"2025-03-20T18:36:21","modified_gmt":"2025-03-20T21:36:21","slug":"max-verstappen-destaca-mclaren-boa-ve-red-bull-caca-precisamos-melhorar","status":"publish","type":"post","link":"https:\/\/grandepremio.com\/br\/f1\/max-verstappen-destaca-mclaren-boa-ve-red-bull-caca-precisamos-melhorar\/","title":{"rendered":"Verstappen destaca McLaren &#8220;boa em tudo&#8221; e v\u00ea Red Bull na ca\u00e7a: &#8220;Precisamos melhorar&#8221;"},"content":{"rendered":"\n<p class=\"wp-block-paragraph\">O <strong>GP da Austr\u00e1lia<\/strong> ficou com sabor amargo na boca de <strong>Max Verstappen<\/strong>. Depois de largar na terceira posi\u00e7\u00e3o e enfrentar muitas dificuldades ao longo da prova, o neerland\u00eas terminou no segundo lugar e muito pr\u00f3ximo do vencedor <strong>Lando Norris<\/strong>. Agora, \u00e0s v\u00e9speras do <strong>GP da China<\/strong>, o piloto da <strong>Red Bull <\/strong>afirma que o time est\u00e1 atr\u00e1s da <strong>McLaren <\/strong>no in\u00edcio da luta pelo t\u00edtulo da F\u00f3rmula 1 em 2025.<\/p>\n\n\n\n<p class=\"wp-block-paragraph\">Sem a amea\u00e7a da chuva, que apareceu no \u00faltimo fim de semana, Verstappen acredita que a etapa chinesa vai mostrar o verdadeiro potencial da McLaren. Verstappen, ali\u00e1s, acredita que o carro laranja \u00e9 bom em todos os sentidos e est\u00e1 bem \u00e0 frente das concorrentes.<\/p>\n\n\n\n<p class=\"wp-block-paragraph\">&#8220;Eles s\u00e3o fortes demais. Respeito demais o que fizeram, pois j\u00e1 eram velozes no final do ano passado e seguiram assim. Sim, eles s\u00e3o bons em tudo&#8221;, disse o tetracampe\u00e3o mundial.<\/p>\n\n\n\n<p class=\"wp-block-paragraph\"><strong>\u25b6\ufe0f<\/strong>&nbsp;<strong>LEIA MAIS:&nbsp;<a href=\"https:\/\/www.grandepremio.com\/br\/f1\/noticias\/gabriel-bortoleto-batismo-fogo-gp-australia-mas-saldo-estreia-f1-positivo\/\">Bortoleto encara batismo de fogo na Austr\u00e1lia, mas saldo da estreia ainda \u00e9 positivo<\/a><\/strong><br>\u25b6\ufe0f&nbsp;<strong>Inscreva-se nos dois canais do GRANDE PR\u00caMIO no YouTube:&nbsp;<a href=\"https:\/\/www.youtube.com\/channel\/UC9OlHEgxoaY6QY6nWPoiqQg?sub_confirmation=1\" target=\"_blank\" rel=\"noreferrer noopener\">GP<\/a>&nbsp;|&nbsp;<a href=\"https:\/\/www.youtube.com\/channel\/UC9csiS6q_C3C0FYhyr1rnFA?sub_confirmation=1\" target=\"_blank\" rel=\"noreferrer noopener\">GP2<\/a><\/strong><\/p>\n\n\n\n<figure class=\"wp-block-image size-large\"><img decoding=\"async\" src=\"https:\/\/www.grandepremio.com\/br\/wp-content\/uploads\/2025\/03\/china-2025-f1-quinta-feira-red-bull-max-verstappen-afp-01-1-1200x800.jpg\" alt=\"\" class=\"wp-image-941320\"\/><figcaption class=\"wp-element-caption\">Max Verstappen espera ver a McLaren na frente em Xangai (Foto: AFP) <\/figcaption><\/figure>\n\n\n\n<p class=\"wp-block-paragraph\">&#8220;Isso \u00e9 a penas um fato. Agora, \u00e9 dif\u00edcil saber qu\u00e3o grande \u00e9 a dist\u00e2ncia, mas deu para ver que a McLaren est\u00e1 bem \u00e0 frente. Acho que n\u00e3o sou um idiota na pista molhada, mas na primeira parte da corrida n\u00e3o tive muitas chances de encar\u00e1-los&#8221;, acrescentou.<\/p>\n\n\n\n<p class=\"wp-block-paragraph\">&#8220;No geral, precisamos melhorar como um todo, ainda mais comparados com a McLaren, pois eles s\u00e3o bons em todas as \u00e1reas. \u00c9 imposs\u00edvel ter certeza, mas acho que Red Bull, <strong>Mercedes <\/strong>e <strong>Ferrari <\/strong>est\u00e3o bem pr\u00f3ximas, as diferen\u00e7as ser\u00e3o notadas em cada pista&#8221;, finalizou Verstappen.<\/p>\n\n\n\n<p class=\"wp-block-paragraph\">A&nbsp;<strong><a href=\"https:\/\/www.grandepremio.com\/br\/f1\/\" target=\"_blank\" rel=\"noreferrer noopener\"><\/a><a href=\"https:\/\/www.grandepremio.com\/br\/f1\/\" target=\"_blank\" rel=\"noreferrer noopener\">F\u00f3rmula 1<\/a><\/strong>&nbsp;realiza o&nbsp;<strong>GP da China<\/strong>, em&nbsp;<strong><a href=\"https:\/\/www.grandepremio.com\/br\/circuito\/xangai\/\" target=\"_blank\" rel=\"noreferrer noopener\">Xangai<\/a><\/strong>, entre os dias 21 e 23 de mar\u00e7o, a primeira etapa da&nbsp;<strong>temporada 2025<\/strong>&nbsp;com a corrida sprint. O&nbsp;<strong>GRANDE PR\u00caMIO<\/strong>&nbsp;acompanha todas as atividades&nbsp;<strong><a href=\"https:\/\/www.grandepremio.com\/br\/f1\/ao-vivo\" target=\"_blank\" rel=\"noreferrer noopener\">AO VIVO E EM&nbsp;<\/a><a href=\"https:\/\/www.grandepremio.com\/br\/ao-vivo\/\" target=\"_blank\" rel=\"noreferrer noopener\">TEMPO REAL<\/a><\/strong>, al\u00e9m de classifica\u00e7\u00e3o sprint, sprint, classifica\u00e7\u00e3o e corrida em&nbsp;<strong><a href=\"https:\/\/www.youtube.com\/@GrandePremio1\/streams\" target=\"_blank\" rel=\"noreferrer noopener\">SEGUNDA TELA no YouTube<\/a><\/strong>, em parceria com a Voz do Esporte. Na sexta-feira (21), o \u00fanico<strong>&nbsp;treino livre<\/strong>&nbsp;do fim de semana acontece \u00e0<strong>&nbsp;0h30<\/strong>&nbsp;(de Bras\u00edlia, GMT-3). Depois, \u00e0s<strong>&nbsp;4h30<\/strong>, os pilotos definem o&nbsp;<strong>grid de largada da prova curta<\/strong>. No s\u00e1bado (22), a<strong>&nbsp;largada da sprint<\/strong>&nbsp;est\u00e1 marcada para&nbsp;<strong>meia-noite<\/strong>, com a<strong>&nbsp;classifica\u00e7\u00e3o \u00e0s 4h<\/strong>. Por fim, no domingo (23), os pilotos disputam&nbsp;<strong>o GP da China \u00e0s 4h<\/strong>. O Briefing chega para comentar na GPTV ap\u00f3s o fim de cada dia de atividades.<\/p>\n\n\n\n<figure class=\"wp-block-embed is-type-video is-provider-youtube wp-block-embed-youtube wp-embed-aspect-16-9 wp-has-aspect-ratio\"><div class=\"wp-block-embed__wrapper\">\n<iframe loading=\"lazy\" title=\"O QUE ZAK BROWN TEM A VER COM VERSTAPPEN NA MERCEDES EM 2026?\" width=\"500\" height=\"281\" src=\"https:\/\/www.youtube.com\/embed\/YuJZdw0OkAc?feature=oembed\" frameborder=\"0\" allow=\"accelerometer; autoplay; clipboard-write; encrypted-media; gyroscope; picture-in-picture; web-share\" referrerpolicy=\"strict-origin-when-cross-origin\" allowfullscreen><\/iframe>\n<\/div><\/figure>\n","protected":false},"excerpt":{"rendered":"<p>Depois de garantir o segundo lugar no GP da Austr\u00e1lia e passar perto da vit\u00f3ria, Max Verstappen avisou que a McLaren possui o melhor carro da F\u00f3rmula 1 em 2025. Al\u00e9m disso, o tetracampe\u00e3o v\u00ea a Red Bull na disputa com Mercedes e Ferrari neste momento<\/p>\n","protected":false},"author":0,"featured_media":1000941151,"comment_status":"closed","ping_status":"closed","sticky":false,"template":"","format":"standard","meta":{"42wp_featured_image_caption":"","42wp_featured_image_credits":"","42wp_featured_video":"","42wp_featured_image_hidden":false,"42wp_authors_list":[],"footnotes":""},"categories":[2],"tags":[26271,441,5273,147,3630,180,3628,222,1491,28285,30840,203,35129,204,42001,223,42513],"42wp_author":[47135],"class_list":["post-26812","post","type-post","status-publish","format-standard","has-post-thumbnail","hentry","category-f1","tag-calendario-f1","tag-china","tag-classificacao-f1","tag-f1","tag-f1-2025","tag-formula-1","tag-formula-1-2025","tag-gp-da-china","tag-grande-premio","tag-grandepremio","tag-horarios-f1","tag-max-verstappen","tag-onde-assistir-f1","tag-red-bull","tag-temporada-2025-f1","tag-xangai","tag-yas-marina-2025","42wp_author-pedro-luis-cuenca"],"_links":{"self":[{"href":"https:\/\/grandepremio.com\/br\/wp-json\/wp\/v2\/posts\/26812","targetHints":{"allow":["GET"]}}],"collection":[{"href":"https:\/\/grandepremio.com\/br\/wp-json\/wp\/v2\/posts"}],"about":[{"href":"https:\/\/grandepremio.com\/br\/wp-json\/wp\/v2\/types\/post"}],"replies":[{"embeddable":true,"href":"https:\/\/grandepremio.com\/br\/wp-json\/wp\/v2\/comments?post=26812"}],"version-history":[{"count":0,"href":"https:\/\/grandepremio.com\/br\/wp-json\/wp\/v2\/posts\/26812\/revisions"}],"wp:featuredmedia":[{"embeddable":true,"href":"https:\/\/grandepremio.com\/br\/wp-json\/wp\/v2\/media\/1000941151"}],"wp:attachment":[{"href":"https:\/\/grandepremio.com\/br\/wp-json\/wp\/v2\/media?parent=26812"}],"wp:term":[{"taxonomy":"category","embeddable":true,"href":"https:\/\/grandepremio.com\/br\/wp-json\/wp\/v2\/categories?post=26812"},{"taxonomy":"post_tag","embeddable":true,"href":"https:\/\/grandepremio.com\/br\/wp-json\/wp\/v2\/tags?post=26812"},{"taxonomy":"42wp_author","embeddable":true,"href":"https:\/\/grandepremio.com\/br\/wp-json\/wp\/v2\/42wp_author?post=26812"}],"curies":[{"name":"wp","href":"https:\/\/api.w.org\/{rel}","templated":true}]}}