{"id":26883,"date":"2025-03-20T04:22:30","date_gmt":"2025-03-20T07:22:30","guid":{"rendered":"https:\/\/grandepremio.com\/br\/noticias\/gabriel-bortoleto-revela-toque-nico-hulkenberg-pode-danificado-suspensao-australia\/"},"modified":"2025-03-20T08:26:17","modified_gmt":"2025-03-20T11:26:17","slug":"gabriel-bortoleto-revela-toque-nico-hulkenberg-pode-danificado-suspensao-australia","status":"publish","type":"post","link":"https:\/\/grandepremio.com\/br\/f1\/gabriel-bortoleto-revela-toque-nico-hulkenberg-pode-danificado-suspensao-australia\/","title":{"rendered":"Bortoleto revela que toque com H\u00fclkenberg pode ter danificado suspens\u00e3o na Austr\u00e1lia"},"content":{"rendered":"\n<p class=\"wp-block-paragraph\">Passou despercebido por <strong>Gabriel Bortoleto<\/strong>, mas um leve toque entre ele e o companheiro de equipe, <strong>Nico H\u00fclkenberg<\/strong>, na largada do <strong>GP da Austr\u00e1lia<\/strong>, realizado no \u00faltimo domingo (16), pode ter sido a raz\u00e3o para o dano na suspens\u00e3o que ficou evidente antes dele se chocar contra o muro na corrida. O brasileiro contou que a <strong>Sauber <\/strong>est\u00e1 investigando o caso.<\/p>\n\n\n\n<p class=\"wp-block-paragraph\">Bortoleto, que largou em 15\u00ba, acabou se chocando de leve com H\u00fclkenberg na curva 3 e perdeu algumas posi\u00e7\u00f5es, enquanto o alem\u00e3o ficou \u00e0 frente. Ele tamb\u00e9m reclamou bastante dos freios desde a primeira volta, at\u00e9 que, na 46, perdeu o controle do carro ao pegar uma das zebras e bateu.<\/p>\n\n\n\n<p class=\"wp-block-paragraph\">Durante a coletiva de imprensa desta quinta-feira (20), em <strong>Xangai<\/strong>, que recebe o <strong>GP da China<\/strong> neste fim de semana, Gabriel deu mais detalhes dos problemas que teve com o carro. &#8220;Bom, desde os problemas de freio que tive, como disse durante toda a corrida \u2014 quem acompanhou o r\u00e1dio ou assistiu \u00e0 corrida viu que eu estava reclamando dos freios desde a primeira volta.&#8221;<\/p>\n\n\n\n<p class=\"wp-block-paragraph\">&#8220;Eu tive um problema, n\u00e3o vou entrar em detalhes sobre qual era, mas tivemos um problema. Suspens\u00e3o&#8221;, acrescentou. &#8220;\u00c9 uma quest\u00e3o com a qual acho que tivemos dificuldades dentro da equipe para entender o que exatamente aconteceu\u2026&#8221;, completou Bortoleto. <\/p>\n\n\n\n<figure class=\"wp-block-video\"><video class=\"video-js vjs-big-play-centered\" data-gp-vjs=\"1\" controls src=\"https:\/\/www.grandepremio.com\/br\/wp-content\/uploads\/2025\/03\/bortoleto-australia-sauber.mp4\"><\/video><figcaption class=\"wp-element-caption\">Acidente de Bortoleto no GP da Austr\u00e1lia (V\u00eddeo: reprodu\u00e7\u00e3o\/F1 TV)<\/figcaption><\/figure>\n\n\n\n<p class=\"wp-block-paragraph\">&#8220;O que est\u00e1 claro para n\u00f3s \u00e9 que houve um contato, acho que com Nico, completamente incidente de corrida, como se fosse um toque muito leve na curva 3. Est\u00e1vamos lado a lado. Ele teve um pequeno reflexo e tocou meu pneu traseiro&#8221;, explicou o novato, garantindo que n\u00e3o sentiu o contato no momento, s\u00f3 se dando conta ao rever as imagens.<\/p>\n\n\n\n<p class=\"wp-block-paragraph\">Como Bortoleto passou a tamb\u00e9m ter problemas com a suspens\u00e3o, a Sauber decidiu investigar se a causa estaria relacionada ao toque com H\u00fclkenberg, mas ainda &#8220;n\u00e3o tem uma resposta clara&#8221;. <\/p>\n\n\n\n<p class=\"wp-block-paragraph\">&#8220;Talvez essa seja uma das op\u00e7\u00f5es, mas n\u00e3o h\u00e1 nada claro para n\u00f3s, n\u00e3o temos uma resposta clara para isso. Est\u00e3o estudando e analisando na f\u00e1brica para tentar entender a verdadeira raz\u00e3o para a quebra e se houve realmente uma influ\u00eancia na minha rodada, a curva anterior, ou se foi puramente eu pegando a zebra&#8221;, encerrou Bortoleto.<\/p>\n\n\n\n<p class=\"wp-block-paragraph\">A\u00a0<strong><a href=\"https:\/\/www.grandepremio.com\/br\/f1\/\" target=\"_blank\" rel=\"noreferrer noopener\"><\/a><a href=\"https:\/\/www.grandepremio.com\/br\/f1\/\" target=\"_blank\" rel=\"noreferrer noopener\">F\u00f3rmula 1<\/a><\/strong>\u00a0realiza o\u00a0<strong>GP da China<\/strong>, em\u00a0<strong><a href=\"https:\/\/www.grandepremio.com\/br\/circuito\/xangai\/\" target=\"_blank\" rel=\"noreferrer noopener\">Xangai<\/a><\/strong>, entre os dias 21 e 23 de mar\u00e7o, a primeira etapa da\u00a0<strong>temporada 2025<\/strong>\u00a0com a corrida sprint. O\u00a0<strong>GRANDE PR\u00caMIO<\/strong>\u00a0acompanha todas as atividades\u00a0<strong><a href=\"https:\/\/www.grandepremio.com\/br\/f1\/ao-vivo\" target=\"_blank\" rel=\"noreferrer noopener\">AO VIVO E EM\u00a0<\/a><a href=\"https:\/\/www.grandepremio.com\/br\/ao-vivo\/\" target=\"_blank\" rel=\"noreferrer noopener\">TEMPO REAL<\/a><\/strong>, al\u00e9m de classifica\u00e7\u00e3o sprint, sprint, classifica\u00e7\u00e3o e corrida em\u00a0<strong><a href=\"https:\/\/www.youtube.com\/@GrandePremio1\/streams\" target=\"_blank\" rel=\"noreferrer noopener\">SEGUNDA TELA no YouTube<\/a><\/strong>, em parceria com a Voz do Esporte. Na sexta-feira (21), o \u00fanico<strong>\u00a0treino livre<\/strong>\u00a0do fim de semana acontece \u00e0<strong>\u00a00h30<\/strong>\u00a0(de Bras\u00edlia, GMT-3). Depois, \u00e0s<strong>\u00a04h30<\/strong>, os pilotos definem o\u00a0<strong>grid de largada da prova curta<\/strong>. No s\u00e1bado (22), a<strong>\u00a0largada da sprint<\/strong>\u00a0est\u00e1 marcada para\u00a0<strong>meia-noite<\/strong>, com a<strong>\u00a0classifica\u00e7\u00e3o \u00e0s 4h<\/strong>. Por fim, no domingo (23), os pilotos disputam\u00a0<strong>o GP da China \u00e0s 4h<\/strong>. O Briefing chega para comentar na GPTV ap\u00f3s o fim de cada dia de atividades.<\/p>\n\n\n\n<p class=\"wp-block-paragraph\"><strong>\u25b6\ufe0f<\/strong> <strong>LEIA MAIS:\u00a0<a href=\"https:\/\/www.grandepremio.com\/br\/f1\/noticias\/gabriel-bortoleto-batismo-fogo-gp-australia-mas-saldo-estreia-f1-positivo\/\">Bortoleto encara batismo de fogo na Austr\u00e1lia, mas saldo da estreia ainda \u00e9 positivo<\/a><\/strong><br>\u25b6\ufe0f <strong>Inscreva-se nos dois canais do GRANDE PR\u00caMIO no YouTube:\u00a0<a href=\"https:\/\/www.youtube.com\/channel\/UC9OlHEgxoaY6QY6nWPoiqQg?sub_confirmation=1\" target=\"_blank\" rel=\"noreferrer noopener\">GP<\/a>\u00a0|\u00a0<a href=\"https:\/\/www.youtube.com\/channel\/UC9csiS6q_C3C0FYhyr1rnFA?sub_confirmation=1\" target=\"_blank\" rel=\"noreferrer noopener\">GP2<\/a><\/strong><\/p>\n\n\n\n<figure class=\"wp-block-embed is-type-video is-provider-youtube wp-block-embed-youtube wp-embed-aspect-16-9 wp-has-aspect-ratio\"><div class=\"wp-block-embed__wrapper\">\n<iframe loading=\"lazy\" title=\"F1 AVAN\u00c7A POR VOLTA DOS MOTORES V10 E ANTONELLI MOSTRA QUE \u00c9 DIFERENTE | TTGP #171\" width=\"500\" height=\"281\" src=\"https:\/\/www.youtube.com\/embed\/xMgDSgf8XbE?feature=oembed\" frameborder=\"0\" allow=\"accelerometer; autoplay; clipboard-write; encrypted-media; gyroscope; picture-in-picture; web-share\" referrerpolicy=\"strict-origin-when-cross-origin\" allowfullscreen><\/iframe>\n<\/div><\/figure>\n","protected":false},"excerpt":{"rendered":"<p>Foi muito de leve, mas talvez o bastante para ter deixado a suspens\u00e3o de Gabriel Bortoleto avariada desde a largada e contribu\u00eddo para a batida dele no GP da Austr\u00e1lia<\/p>\n","protected":false},"author":0,"featured_media":1000939176,"comment_status":"closed","ping_status":"closed","sticky":false,"template":"","format":"standard","meta":{"42wp_featured_image_caption":"","42wp_featured_image_credits":"","42wp_featured_video":"","42wp_featured_image_hidden":false,"42wp_authors_list":[],"footnotes":""},"categories":[2],"tags":[26271,441,42985,276,5273,147,3630,180,3628,350,222,39114,1491,28285,30840,1521,35129,42001,223,42986,39121],"42wp_author":[47147],"class_list":["post-26883","post","type-post","status-publish","format-standard","has-post-thumbnail","hentry","category-f1","tag-calendario-f1","tag-china","tag-china-2025","tag-china-f1","tag-classificacao-f1","tag-f1","tag-f1-2025","tag-formula-1","tag-formula-1-2025","tag-gabriel-bortoleto","tag-gp-da-china","tag-gp-da-china-f1","tag-grande-premio","tag-grandepremio","tag-horarios-f1","tag-nico-hulkenberg","tag-onde-assistir-f1","tag-temporada-2025-f1","tag-xangai","tag-xangai-2025","tag-xangai-f1","42wp_author-luana-marino"],"_links":{"self":[{"href":"https:\/\/grandepremio.com\/br\/wp-json\/wp\/v2\/posts\/26883","targetHints":{"allow":["GET"]}}],"collection":[{"href":"https:\/\/grandepremio.com\/br\/wp-json\/wp\/v2\/posts"}],"about":[{"href":"https:\/\/grandepremio.com\/br\/wp-json\/wp\/v2\/types\/post"}],"replies":[{"embeddable":true,"href":"https:\/\/grandepremio.com\/br\/wp-json\/wp\/v2\/comments?post=26883"}],"version-history":[{"count":0,"href":"https:\/\/grandepremio.com\/br\/wp-json\/wp\/v2\/posts\/26883\/revisions"}],"wp:featuredmedia":[{"embeddable":true,"href":"https:\/\/grandepremio.com\/br\/wp-json\/wp\/v2\/media\/1000939176"}],"wp:attachment":[{"href":"https:\/\/grandepremio.com\/br\/wp-json\/wp\/v2\/media?parent=26883"}],"wp:term":[{"taxonomy":"category","embeddable":true,"href":"https:\/\/grandepremio.com\/br\/wp-json\/wp\/v2\/categories?post=26883"},{"taxonomy":"post_tag","embeddable":true,"href":"https:\/\/grandepremio.com\/br\/wp-json\/wp\/v2\/tags?post=26883"},{"taxonomy":"42wp_author","embeddable":true,"href":"https:\/\/grandepremio.com\/br\/wp-json\/wp\/v2\/42wp_author?post=26883"}],"curies":[{"name":"wp","href":"https:\/\/api.w.org\/{rel}","templated":true}]}}