{"id":27092,"date":"2025-03-18T12:41:36","date_gmt":"2025-03-18T15:41:36","guid":{"rendered":"https:\/\/grandepremio.com\/br\/noticias\/racing-bulls-assume-erro-estrategia-lamenta-gp-australia-decepcionante\/"},"modified":"2025-03-18T12:48:39","modified_gmt":"2025-03-18T15:48:39","slug":"racing-bulls-assume-erro-estrategia-lamenta-gp-australia-decepcionante","status":"publish","type":"post","link":"https:\/\/grandepremio.com\/br\/f1\/racing-bulls-assume-erro-estrategia-lamenta-gp-australia-decepcionante\/","title":{"rendered":"Racing Bulls assume erro em estrat\u00e9gia e lamenta GP da Austr\u00e1lia &#8220;decepcionante&#8221;"},"content":{"rendered":"\n<p class=\"wp-block-paragraph\">Em uma corrida que tinha tudo para ser promissora, a <strong>Racing Bulls<\/strong> n\u00e3o soube aproveitar as oportunidades e acabou deixando o <strong>GP da Austr\u00e1lia<\/strong> <a href=\"https:\/\/www.grandepremio.com\/br\/f1\/noticias\/lando-norris-vence-corrida-maluca-gp-da-australia-abrir-formula-1-2025-gabriel-bortoleto-bate\/\">de m\u00e3os vazias<\/a>. Chefe da equipe, <strong>Laurent Mekies<\/strong> classificou o resultado como &#8220;decepcionante&#8221;, mas evitou criticar <strong>Yuki Tsunoda<\/strong> e <strong>Isack Hadjar<\/strong>, deixando claro que o pr\u00f3prio time de Faenza precisa melhorar na tomada de decis\u00f5es para as pr\u00f3ximas etapas.<\/p>\n\n\n\n<p class=\"wp-block-paragraph\">A classifica\u00e7\u00e3o, <a href=\"https:\/\/www.grandepremio.com\/br\/f1\/noticias\/lando-norris-confirma-poder-mclaren-conquista-pole-australia-gabriel-bortoleto-q2\/\">realizada no s\u00e1bado (15)<\/a>, foi das mais positivas e deu ind\u00edcios de que alguns bons pontos poderiam ser alcan\u00e7ados em <strong>Melbourne<\/strong> no dia seguinte. Enquanto o japon\u00eas fez uma volta sensacional nos momentos derradeiros do Q3 para garantir a quinta posi\u00e7\u00e3o no grid, o franc\u00eas tamb\u00e9m soube lidar com a <strong>VCARB 02<\/strong> e posicionou o b\u00f3lido no 11\u00ba colchete.<\/p>\n\n\n\n<p class=\"wp-block-paragraph\">Mas a prova chegou ao fim para o novato logo na volta de forma\u00e7\u00e3o, quando o <strong>#6<\/strong> <a href=\"https:\/\/www.grandepremio.com\/br\/f1\/noticias\/isack-hadjar-bate-volta-apresentacao-obriga-f1-adiar-largada-gp-australia\/\">perdeu o controle do carro e bateu na curva 2<\/a>. Tsunoda, por sua vez, estava indo muito bem at\u00e9 a volta 44, quando a chuva voltou a cair com for\u00e7a no circuito de <strong>Albert Park<\/strong> e complicou a vida de pilotos e equipes, que tiveram de analisar rapidamente qual seria a melhor estrat\u00e9gia para a ocasi\u00e3o. E foi a\u00ed que tudo desandou para o <strong>#22<\/strong>.<\/p>\n\n\n\n<p class=\"wp-block-paragraph\">&#8220;Um resultado decepcionante para o que estava sendo um fim de semana muito forte. Largar em quinto e em 11\u00ba no grid foi uma recompensa por todo o trabalho \u00e1rduo durante o inverno&#8221;, come\u00e7ou Mekies. &#8220;No geral, ambos os pilotos fizeram um trabalho incr\u00edvel, com Yuki dando mais um passo \u00e0 frente e Isack adotando uma abordagem que n\u00e3o pode ser criticada. Est\u00e1 claro que o grid est\u00e1 ainda mais equilibrado do que no ano passado, mas estamos definitivamente na luta&#8221;, continuou.<\/p>\n\n\n\n<figure class=\"wp-block-video\"><video class=\"video-js vjs-big-play-centered\" data-gp-vjs=\"1\" controls src=\"https:\/\/www.grandepremio.com\/br\/wp-content\/uploads\/2025\/03\/hajdar_aus_acidente.mp4\"><\/video><figcaption class=\"wp-element-caption\">Racing Bulls viu Isack Hadjar bater logo na volta de apresenta\u00e7\u00e3o em Melbourne (V\u00eddeo: Reprodu\u00e7\u00e3o\/F1TV)<\/figcaption><\/figure>\n\n\n\n<p class=\"wp-block-paragraph\">\u25b6\ufe0f <strong>LEIA MAIS: <a href=\"https:\/\/www.grandepremio.com\/br\/f1\/noticias\/gabriel-bortoleto-batismo-fogo-gp-australia-mas-saldo-estreia-f1-positivo\/\">Bortoleto encara batismo de fogo na Austr\u00e1lia, mas saldo da estreia ainda \u00e9 positivo<\/a><\/strong><br>\u25b6\ufe0f <strong>Inscreva-se nos dois canais do GRANDE PR\u00caMIO no YouTube:\u00a0<a href=\"https:\/\/www.youtube.com\/channel\/UC9OlHEgxoaY6QY6nWPoiqQg?sub_confirmation=1\" target=\"_blank\" rel=\"noreferrer noopener\">GP<\/a>\u00a0|\u00a0<a href=\"https:\/\/www.youtube.com\/channel\/UC9csiS6q_C3C0FYhyr1rnFA?sub_confirmation=1\" target=\"_blank\" rel=\"noreferrer noopener\">GP2<\/a><\/strong><\/p>\n\n\n\n<p class=\"wp-block-paragraph\">&#8220;Quanto \u00e0 corrida, Yuki estava se saindo muito bem at\u00e9 a chuva voltar. N\u00e3o h\u00e1 como esconder, erramos na \u00faltima decis\u00e3o, e isso nos custou muito caro. Por isso, pedimos desculpas a Yuki. A aposta de mant\u00ea-lo na pista n\u00e3o deu certo, mas faz parte do automobilismo. S\u00f3 h\u00e1 uma maneira de melhorar: trabalhando mais duro juntos como equipe e voltando mais fortes&#8221;, destacou o chefe da Racing Bulls, que tamb\u00e9m preferiu n\u00e3o jogar Hadjar aos le\u00f5es ap\u00f3s o erro cometido antes mesmo da largada.<\/p>\n\n\n\n<p class=\"wp-block-paragraph\">&#8220;Quanto a Isack, ele vai aprender com isso e transformar sua frustra\u00e7\u00e3o em boa energia para a pr\u00f3xima corrida. Estaremos aqui para apoi\u00e1-lo nos pr\u00f3ximos dias antes de <strong>Xangai<\/strong> e n\u00e3o deixar que isso apague todos os aspectos positivos que podemos tirar deste final de semana&#8221;, concluiu.<\/p>\n\n\n\n<p class=\"wp-block-paragraph\">A\u00a0<a href=\"https:\/\/www.grandepremio.com\/br\/f1\/\" target=\"_blank\" rel=\"noreferrer noopener\"><\/a><a href=\"https:\/\/www.grandepremio.com\/br\/f1\/\" target=\"_blank\" rel=\"noreferrer noopener\">F\u00f3rmula 1<\/a>\u00a0retorna neste fim de semana, entre os dias 21 e 23 de mar\u00e7o, direto de\u00a0<strong><a href=\"https:\/\/www.grandepremio.com\/br\/circuito\/xangai\/\" target=\"_blank\" rel=\"noreferrer noopener\">Xangai<\/a><\/strong>, com o<strong>\u00a0GP da China<\/strong>. O\u00a0<strong>GRANDE PR\u00caMIO<\/strong>\u00a0acompanha todas as atividades\u00a0<strong>AO VIVO\u00a0<\/strong>e\u00a0<strong>EM\u00a0<a href=\"https:\/\/www.grandepremio.com\/br\/ao-vivo\/\" target=\"_blank\" rel=\"noreferrer noopener\">TEMPO REAL<\/a>\u00a0<\/strong>e ainda acompanha a classifica\u00e7\u00e3o sprint, a prova curta, a classifica\u00e7\u00e3o e a corrida de domingo em\u00a0<strong>SEGUNDA TELA<\/strong>\u00a0no\u00a0<strong>GP1<\/strong>, no\u00a0<strong>YouTube<\/strong>.<\/p>\n\n\n\n<figure class=\"wp-block-embed is-type-video is-provider-youtube wp-block-embed-youtube wp-embed-aspect-16-9 wp-has-aspect-ratio\"><div class=\"wp-block-embed__wrapper\">\n<iframe loading=\"lazy\" title=\"BORTOLETO &amp;apos;NO LIMITE&amp;apos; EM ESTREIA NA F1 NA AUSTR\u00c1LIA. NORRIS VENCEU, MAS CONVENCEU? | PADDOCK GP #407\" width=\"500\" height=\"281\" src=\"https:\/\/www.youtube.com\/embed\/HVkbGicA-RQ?feature=oembed\" frameborder=\"0\" allow=\"accelerometer; autoplay; clipboard-write; encrypted-media; gyroscope; picture-in-picture; web-share\" referrerpolicy=\"strict-origin-when-cross-origin\" allowfullscreen><\/iframe>\n<\/div><\/figure>\n","protected":false},"excerpt":{"rendered":"<p>Chefe da Racing Bulls, Laurent Mekies evitou culpar Yuki Tsunoda e Isack Hadjar pelo resultado alcan\u00e7ado em Melbourne e disse que a equipe tem totais condi\u00e7\u00f5es de superar as rivais nas pr\u00f3ximas corridas<\/p>\n","protected":false},"author":0,"featured_media":1000939364,"comment_status":"closed","ping_status":"closed","sticky":false,"template":"","format":"standard","meta":{"42wp_featured_image_caption":"","42wp_featured_image_credits":"","42wp_featured_video":"","42wp_featured_image_hidden":false,"42wp_authors_list":[],"footnotes":""},"categories":[2],"tags":[26271,5273,147,3630,180,3628,1753,34263,1491,28285,30840,28104,10753,1757,42913,34212,35129,38179,42001,597],"42wp_author":[47160],"class_list":["post-27092","post","type-post","status-publish","format-standard","has-post-thumbnail","hentry","category-f1","tag-calendario-f1","tag-classificacao-f1","tag-f1","tag-f1-2025","tag-formula-1","tag-formula-1-2025","tag-gp-da-australia","tag-gp-da-australia-f1","tag-grande-premio","tag-grandepremio","tag-horarios-f1","tag-isack-hadjar","tag-laurent-mekies","tag-melbourne","tag-melbourne-2025","tag-melbourne-f1","tag-onde-assistir-f1","tag-racing-bulls","tag-temporada-2025-f1","tag-yuki-tsunoda","42wp_author-vicente-soella"],"_links":{"self":[{"href":"https:\/\/grandepremio.com\/br\/wp-json\/wp\/v2\/posts\/27092","targetHints":{"allow":["GET"]}}],"collection":[{"href":"https:\/\/grandepremio.com\/br\/wp-json\/wp\/v2\/posts"}],"about":[{"href":"https:\/\/grandepremio.com\/br\/wp-json\/wp\/v2\/types\/post"}],"replies":[{"embeddable":true,"href":"https:\/\/grandepremio.com\/br\/wp-json\/wp\/v2\/comments?post=27092"}],"version-history":[{"count":0,"href":"https:\/\/grandepremio.com\/br\/wp-json\/wp\/v2\/posts\/27092\/revisions"}],"wp:featuredmedia":[{"embeddable":true,"href":"https:\/\/grandepremio.com\/br\/wp-json\/wp\/v2\/media\/1000939364"}],"wp:attachment":[{"href":"https:\/\/grandepremio.com\/br\/wp-json\/wp\/v2\/media?parent=27092"}],"wp:term":[{"taxonomy":"category","embeddable":true,"href":"https:\/\/grandepremio.com\/br\/wp-json\/wp\/v2\/categories?post=27092"},{"taxonomy":"post_tag","embeddable":true,"href":"https:\/\/grandepremio.com\/br\/wp-json\/wp\/v2\/tags?post=27092"},{"taxonomy":"42wp_author","embeddable":true,"href":"https:\/\/grandepremio.com\/br\/wp-json\/wp\/v2\/42wp_author?post=27092"}],"curies":[{"name":"wp","href":"https:\/\/api.w.org\/{rel}","templated":true}]}}