{"id":27258,"date":"2025-03-17T09:38:40","date_gmt":"2025-03-17T12:38:40","guid":{"rendered":"https:\/\/grandepremio.com\/br\/noticias\/fia-impoe-diretiva-tecnica-imediata-china-frear-mini-drs-analise-australia\/"},"modified":"2025-03-17T09:54:52","modified_gmt":"2025-03-17T12:54:52","slug":"fia-impoe-diretiva-tecnica-imediata-china-frear-mini-drs-analise-australia","status":"publish","type":"post","link":"https:\/\/grandepremio.com\/br\/f1\/fia-impoe-diretiva-tecnica-imediata-china-frear-mini-drs-analise-australia\/","title":{"rendered":"FIA imp\u00f5e diretiva t\u00e9cnica imediata na China para frear mini-DRS ap\u00f3s an\u00e1lise na Austr\u00e1lia"},"content":{"rendered":"\n<p class=\"wp-block-paragraph\">A<strong> Federa\u00e7\u00e3o Internacional de Automobilismo<\/strong> (<strong>FIA<\/strong>) optou por impor nova diretiva t\u00e9cnica de car\u00e1ter imediato para o <strong>GP da China <\/strong>depois de aumentar a fiscaliza\u00e7\u00e3o das asas traseiras durante o <strong>GP da Austr\u00e1lia<\/strong>,<a href=\"https:\/\/www.grandepremio.com\/br\/f1\/noticias\/lando-norris-vence-corrida-maluca-gp-da-australia-abrir-formula-1-2025-gabriel-bortoleto-bate\/\"> realizado no domingo (16)<\/a>. <a href=\"https:\/\/www.grandepremio.com\/br\/f1\/noticias\/fia-aumenta-numero-cameras-carros-fiscalizar-truque-mini-drs-australia\/\">As c\u00e2meras instaladas nas asas traseiras <\/a>dos carros constataram deflex\u00e3o excessiva em algumas equipes \u2014 o mini-DRS \u2014, o que gerou ganho de velocidade.<\/p>\n\n\n\n<p class=\"wp-block-paragraph\">A informa\u00e7\u00e3o foi confirmada pela entidade nesta segunda-feira (17). Na Austr\u00e1lia, etapa de abertura da temporada 2025, a federa\u00e7\u00e3o aumentou o monitoramento das asas traseiras com a instala\u00e7\u00e3o de c\u00e2meras extras para pegar qualquer movimento que ferisse <a href=\"https:\/\/www.grandepremio.com\/br\/f1\/noticias\/fia-ajusta-regulamento-tecnico-2025-apos-polemica-mini-drs-mclaren\/\">o regulamento t\u00e9cnico<\/a>. A decis\u00e3o veio na esteira das acusa\u00e7\u00f5es feitas pela <strong>Red Bull <\/strong>de que <strong>McLaren <\/strong>e <strong>Ferrari <\/strong>fizeram uso do truque nos testes do Bahrein.<\/p>\n\n\n\n<p class=\"wp-block-paragraph\">A FIA determinou uma atualiza\u00e7\u00e3o no artigo 3.15.17 do regulamento t\u00e9cnico, que se refere ao teste aplicado para medir a dist\u00e2ncia entre o plano principal e a asa m\u00f3vel (conhecida como slot-gap) e que \u00e9 feito com o carro parado. At\u00e9 a Austr\u00e1lia, a deflex\u00e3o permitida era de 2 mm quando exposta a uma carga vertical de 750N (75 kg) nas extremidades da asa traseira. Agora, a lacuna n\u00e3o poder\u00e1 passar de 0,5 mm.<\/p>\n\n\n\n<p class=\"wp-block-paragraph\">Isso representa uma redu\u00e7\u00e3o de 75% em rela\u00e7\u00e3o ao valor anterior de toler\u00e2ncia, o que significa que as equipes ter\u00e3o de mexer nas asas para limitar ao m\u00e1ximo o movimento na estrutura de carbono. O portal italiano <em>AutoRacer <\/em>ainda diz que, na Austr\u00e1lia, o delta percentual entre aletas abertas e fechadas apresentaram um aumento m\u00e9dio de velocidade de 23 km\/h, com um ganho de 8% em compara\u00e7\u00e3o com a velocidade m\u00e1xima.<\/p>\n\n\n\n<figure class=\"wp-block-video\"><video class=\"video-js vjs-big-play-centered\" data-gp-vjs=\"1\" controls src=\"https:\/\/www.grandepremio.com\/br\/wp-content\/uploads\/2025\/03\/asa-traseira-McLaren-mini-DRS.mp4\"><\/video><figcaption class=\"wp-element-caption\">A asa traseira da McLaren durante os testes no Bahrein: flexionou al\u00e9m da conta? (V\u00eddeo: reprodu\u00e7\u00e3o\/X)<\/figcaption><\/figure>\n\n\n\n<p class=\"wp-block-paragraph\">Mercedes, por exemplo, teve um aumento de 24 km\/h, o maior deles. A McLaren ganhou 23 km\/h e a Ferrari, 22 km\/h. N\u00e3o h\u00e1, no entanto, uma equipe espec\u00edfica na mira da FIA, mas a federa\u00e7\u00e3o entende, segundo a publica\u00e7\u00e3o, que \u00e9 uma &#8220;quest\u00e3o generalizada de abuso de deflex\u00e3o que irritou o escrit\u00f3rio t\u00e9cnico&#8221; da entidade.<\/p>\n\n\n\n<p class=\"wp-block-paragraph\"><strong>Confira o comunicado emitido pela FIA nesta segunda-feira na \u00edntegra:<\/strong><\/p>\n\n\n\n<p class=\"wp-block-paragraph\"><em>&#8220;Conforme comunicado anteriormente, entre o final da temporada de 2024 e o in\u00edcio da temporada de 2025, a FIA exerceu a autoridade que lhe foi concedida pelo artigo 3.15.1 do regulamento t\u00e9cnico para introduzir novos ou testes mais exigentes que medem a deforma\u00e7\u00e3o sob carga da asa dianteira (na nona etapa, GP da Espanha), da asa superior traseira e da asa inferior traseira. Al\u00e9m disso, a FIA exigiu que as equipes usassem c\u00e2meras durante as sess\u00f5es de treinos livres para monitorar as deflex\u00f5es sofridas pelos carros na pista durante o GP da Austr\u00e1lia.<\/em><\/p>\n\n\n\n<p class=\"wp-block-paragraph\"><em>Ap\u00f3s analisar imagens de deforma\u00e7\u00e3o da asa traseira combinadas com deflex\u00f5es est\u00e1ticas medidas dentro da garagem da FIA em Melbourne, a federa\u00e7\u00e3o concluiu que h\u00e1 motivos suficientes para introduzir um teste mais rigoroso na asa traseira superior a partir do pr\u00f3ximo GP da China.<\/em><\/p>\n\n\n\n<p class=\"wp-block-paragraph\"><em>Mais especificamente, o artigo 3.15.17, introduzido em 2025, estabelece que se 75 kg de carga vertical forem aplicados em qualquer extremidade do plano principal da asa traseira, a dist\u00e2ncia entre o plano principal e o m\u00f3vel (tamb\u00e9m conhecida como &#8216;slot-gap&#8217;) n\u00e3o deve variar em mais de 2 mm. A partir da pr\u00f3xima corrida, em Xangai, esse limite ser\u00e1 reduzido para 0,5 mm. Devido ao curto prazo para Xangai, apenas uma toler\u00e2ncia de 0,25 mm ser\u00e1 adicionada a este novo limite.<\/em><\/p>\n\n\n\n<p class=\"wp-block-paragraph\"><em>As equipes foram informadas deste teste revisado segunda-feira, 17 de mar\u00e7o.<\/em><\/p>\n\n\n\n<p class=\"wp-block-paragraph\"><em>A FIA quer ainda confirmar que, durante o evento em Melbourne, todos os carros foram testados de acordo com os requisitos do artigo 3.15.17 e foram considerados em conformidade, portanto todos os carros que competiram em Melbourne foram considerados legais.&#8221;<\/em><\/p>\n\n\n\n<p class=\"wp-block-paragraph\"><strong>LEIA MAIS:<br><a href=\"https:\/\/www.grandepremio.com\/br\/f1\/noticias\/opiniao-gp-lando-norris-enfim-aciona-nova-versao-mclaren-ainda-flerta-perigo\/\">\u25b6\ufe0f<\/a> <a href=\"https:\/\/www.grandepremio.com\/br\/f1\/noticias\/opiniao-gp-lando-norris-enfim-aciona-nova-versao-mclaren-ainda-flerta-perigo\/\">Norris enfim aciona nova vers\u00e3o na Austr\u00e1lia, mas McLaren ainda flerta com perigo<\/a><\/strong><br><strong>\u25b6\ufe0f<\/strong> <strong>Inscreva-se nos dois canais do GRANDE PR\u00caMIO no YouTube:\u00a0<a href=\"https:\/\/www.youtube.com\/channel\/UC9OlHEgxoaY6QY6nWPoiqQg?sub_confirmation=1\" target=\"_blank\" rel=\"noreferrer noopener\">GP<\/a>\u00a0|\u00a0<a href=\"https:\/\/www.youtube.com\/channel\/UC9csiS6q_C3C0FYhyr1rnFA?sub_confirmation=1\" target=\"_blank\" rel=\"noreferrer noopener\">GP2<\/a><\/strong><\/p>\n\n\n\n<figure class=\"wp-block-embed is-type-video is-provider-youtube wp-block-embed-youtube wp-embed-aspect-16-9 wp-has-aspect-ratio\"><div class=\"wp-block-embed__wrapper\">\n<iframe loading=\"lazy\" title=\"NORRIS VENCE, VERSTAPPEN 2\u00ba, BORTOLETO BATE: TUDO SOBRE O CAOS DA F1 NA AUSTR\u00c1LIA | BRIEFING\" width=\"500\" height=\"281\" src=\"https:\/\/www.youtube.com\/embed\/cSyNB4B-uRI?feature=oembed\" frameborder=\"0\" allow=\"accelerometer; autoplay; clipboard-write; encrypted-media; gyroscope; picture-in-picture; web-share\" referrerpolicy=\"strict-origin-when-cross-origin\" allowfullscreen><\/iframe>\n<\/div><\/figure>\n","protected":false},"excerpt":{"rendered":"<p>Depois de analisar imagens das c\u00e2meras instaladas na asa traseira dos carros no GP da Austr\u00e1lia, a FIA endureceu ainda mais a toler\u00e2ncia para a deforma\u00e7\u00e3o das extremidades da pe\u00e7a, que n\u00e3o poder\u00e1 passar de 0,5 mm na China<\/p>\n","protected":false},"author":0,"featured_media":1000939600,"comment_status":"closed","ping_status":"closed","sticky":false,"template":"","format":"standard","meta":{"42wp_featured_image_caption":"","42wp_featured_image_credits":"","42wp_featured_video":"","42wp_featured_image_hidden":false,"42wp_authors_list":[],"footnotes":""},"categories":[2],"tags":[26271,441,5273,147,3630,25893,103,180,3628,1753,34263,1491,28285,30840,1757,42913,34212,35129,42001],"42wp_author":[47147],"class_list":["post-27258","post","type-post","status-publish","format-standard","has-post-thumbnail","hentry","category-f1","tag-calendario-f1","tag-china","tag-classificacao-f1","tag-f1","tag-f1-2025","tag-federacao-internacional-de-automobilismo","tag-fia","tag-formula-1","tag-formula-1-2025","tag-gp-da-australia","tag-gp-da-australia-f1","tag-grande-premio","tag-grandepremio","tag-horarios-f1","tag-melbourne","tag-melbourne-2025","tag-melbourne-f1","tag-onde-assistir-f1","tag-temporada-2025-f1","42wp_author-luana-marino"],"_links":{"self":[{"href":"https:\/\/grandepremio.com\/br\/wp-json\/wp\/v2\/posts\/27258","targetHints":{"allow":["GET"]}}],"collection":[{"href":"https:\/\/grandepremio.com\/br\/wp-json\/wp\/v2\/posts"}],"about":[{"href":"https:\/\/grandepremio.com\/br\/wp-json\/wp\/v2\/types\/post"}],"replies":[{"embeddable":true,"href":"https:\/\/grandepremio.com\/br\/wp-json\/wp\/v2\/comments?post=27258"}],"version-history":[{"count":0,"href":"https:\/\/grandepremio.com\/br\/wp-json\/wp\/v2\/posts\/27258\/revisions"}],"wp:featuredmedia":[{"embeddable":true,"href":"https:\/\/grandepremio.com\/br\/wp-json\/wp\/v2\/media\/1000939600"}],"wp:attachment":[{"href":"https:\/\/grandepremio.com\/br\/wp-json\/wp\/v2\/media?parent=27258"}],"wp:term":[{"taxonomy":"category","embeddable":true,"href":"https:\/\/grandepremio.com\/br\/wp-json\/wp\/v2\/categories?post=27258"},{"taxonomy":"post_tag","embeddable":true,"href":"https:\/\/grandepremio.com\/br\/wp-json\/wp\/v2\/tags?post=27258"},{"taxonomy":"42wp_author","embeddable":true,"href":"https:\/\/grandepremio.com\/br\/wp-json\/wp\/v2\/42wp_author?post=27258"}],"curies":[{"name":"wp","href":"https:\/\/api.w.org\/{rel}","templated":true}]}}