{"id":27505,"date":"2025-03-16T03:43:00","date_gmt":"2025-03-16T06:43:00","guid":{"rendered":"https:\/\/grandepremio.com\/br\/noticias\/max-verstappen-ve-red-bull-saldo-positivo-gp-da-australia-mais-pontos-que-2024\/"},"modified":"2025-03-16T05:29:29","modified_gmt":"2025-03-16T08:29:29","slug":"max-verstappen-ve-red-bull-saldo-positivo-gp-da-australia-mais-pontos-que-2024","status":"publish","type":"post","link":"https:\/\/grandepremio.com\/br\/f1\/max-verstappen-ve-red-bull-saldo-positivo-gp-da-australia-mais-pontos-que-2024\/","title":{"rendered":"Verstappen v\u00ea Red Bull com saldo positivo no GP da Austr\u00e1lia: \u201cMais pontos que em 2024\u201d"},"content":{"rendered":"\n<p class=\"wp-block-paragraph\"><strong>Max Verstappen<\/strong> come\u00e7ou o fim de semana da <strong>F\u00f3rmula 1<\/strong> na <strong>Austr\u00e1lia <\/strong>com a pinta de que sequer brigaria pelo p\u00f3dio em <strong>Melbourne<\/strong>, mas viu o <strong>RB21 <\/strong>ganhar vida no s\u00e1bado e garantiu o terceiro lugar na classifica\u00e7\u00e3o. <a href=\"https:\/\/www.grandepremio.com\/br\/f1\/noticias\/lando-norris-vence-corrida-maluca-gp-da-australia-abrir-formula-1-2025-gabriel-bortoleto-bate\/\">Na corrida, o tetracampe\u00e3o incomodou a dupla da <strong>McLaren<\/strong><\/a><strong> <\/strong>e at\u00e9 chegou perto de vencer, mas cruzou a linha de chegada em segundo. No fim, o #1 avaliou a etapa em <strong>Albert Park<\/strong> como positiva para a <strong>Red Bull<\/strong>.<\/p>\n\n\n\n<p class=\"wp-block-paragraph\"><strong>Verstappen <\/strong>largou de terceiro no <strong>GP da Austr\u00e1lia<\/strong> e tomou o segundo lugar de <strong>Oscar Piastri<\/strong> na largada \u2014 embora o australiano tenha dado o troco algumas voltas mais tarde. E depois de ser ultrapassado pelo #81, <strong>Max <\/strong>viu a dupla da <strong>McLaren <\/strong>abrir uma vantagem consider\u00e1vel na lideran\u00e7a.<\/p>\n\n\n\n<p class=\"wp-block-paragraph\">Por\u00e9m, o <strong>GP da Austr\u00e1lia<\/strong> ficou marcado pelo caos trazido pela chuva e, quando a \u00e1gua voltou a cair na parte final da prova, <strong>Verstappen <\/strong>se aproximou dos l\u00edderes depois de <strong>Lando Norris <\/strong>e <strong>Piastri <\/strong>errarem. O tetracampe\u00e3o at\u00e9 tomou a lideran\u00e7a em dado momento, quando <strong>Oscar <\/strong>ficou parado na grama e <strong>Lando <\/strong>foi para os boxes cal\u00e7ar pneus intermedi\u00e1rios.<\/p>\n\n\n\n<p class=\"wp-block-paragraph\">Uma volta mais tarde, <strong>Max <\/strong>tamb\u00e9m foi para os pits para colocar pneus de faixa verde e voltou para a pista em segundo, atr\u00e1s de <strong>Norris<\/strong>. A tr\u00eas voltas do fim, a diferen\u00e7a entre os l\u00edderes era menor do que 1s e <strong>Verstappen <\/strong>partiu para o ataque. Por\u00e9m, n\u00e3o foi capaz de efetuar a ultrapassagem. E apesar de ter finalizado atr\u00e1s de <strong>Lando<\/strong>, o #1 avaliou o fim de semana como positivo.<\/p>\n\n\n\n<figure class=\"wp-block-image size-large\"><img decoding=\"async\" src=\"https:\/\/www.grandepremio.com\/br\/wp-content\/uploads\/2025\/03\/australia-2025-f1-classificacao-red-bull-max-verstappen-afp-06-1200x800.jpg\" alt=\"\" class=\"wp-image-938710\"\/><figcaption class=\"wp-element-caption\">Max Verstappen e Lando Norris foram os protagonistas do GP da Austr\u00e1lia (Foto: AFP) <\/figcaption><\/figure>\n\n\n\n<p class=\"wp-block-paragraph\">\u201cFoi uma corrida muito dif\u00edcil, mas o final foi muito legal. <strong>Lando <\/strong>cometeu um pequeno erro na curva 6 e ent\u00e3o consegui me aproximar a ponto de poder acionar o DRS. \u00c9 uma pista muito dif\u00edcil de ultrapassar, mas as duas \u00faltimas voltas foram divertidas. Feliz por terminar no p\u00f3dio e conseguir bons pontos, \u00e9 um come\u00e7o decente. Consegui mais pontos aqui hoje do que em 2024, ent\u00e3o o saldo ainda \u00e9 positivo\u201d, destacou <strong>Max<\/strong>.<\/p>\n\n\n\n<p class=\"wp-block-paragraph\">\u201cEles entraram nos boxes depois de cometerem um erro, ent\u00e3o fiquei na pista porque achei que era o certo, mas depois come\u00e7ou a chover forte e tivemos de parar. Mas ainda que tiv\u00e9ssemos feito a troca de pneus antes, terminar\u00edamos em segundo de qualquer forma\u201d, finalizou <strong>Verstappen<\/strong>.<\/p>\n\n\n\n<p class=\"wp-block-paragraph\">A\u00a0<a href=\"https:\/\/www.grandepremio.com\/br\/f1\/\" target=\"_blank\" rel=\"noreferrer noopener\">F\u00f3rmula 1<\/a>\u00a0retorna j\u00e1 no pr\u00f3ximo fim de semana, entre os dias 21 e 23 de mar\u00e7o, direto de\u00a0<strong><a href=\"https:\/\/www.grandepremio.com\/br\/circuito\/xangai\/\" target=\"_blank\" rel=\"noreferrer noopener\">Xangai<\/a><\/strong>, com o\u00a0<strong>GP da China<\/strong>.<\/p>\n\n\n\n<figure class=\"wp-block-embed is-type-video is-provider-youtube wp-block-embed-youtube wp-embed-aspect-16-9 wp-has-aspect-ratio\"><div class=\"wp-block-embed__wrapper\">\n<iframe loading=\"lazy\" title=\"NORRIS VENCE, VERSTAPPEN 2\u00ba, BORTOLETO BATE: TUDO SOBRE O CAOS DA F1 NA AUSTR\u00c1LIA | BRIEFING\" width=\"500\" height=\"281\" src=\"https:\/\/www.youtube.com\/embed\/cSyNB4B-uRI?feature=oembed\" frameborder=\"0\" allow=\"accelerometer; autoplay; clipboard-write; encrypted-media; gyroscope; picture-in-picture; web-share\" referrerpolicy=\"strict-origin-when-cross-origin\" allowfullscreen><\/iframe>\n<\/div><\/figure>\n","protected":false},"excerpt":{"rendered":"<p>Max Verstappen lembrou que abandonou o GP da Austr\u00e1lia em 2024 e disse que o segundo lugar em Albert Park \u00e9 um resultado positivo para a Red Bull<\/p>\n","protected":false},"author":0,"featured_media":1000939484,"comment_status":"closed","ping_status":"closed","sticky":false,"template":"","format":"standard","meta":{"42wp_featured_image_caption":"","42wp_featured_image_credits":"","42wp_featured_video":"","42wp_featured_image_hidden":false,"42wp_authors_list":[],"footnotes":""},"categories":[2],"tags":[4346,3630,3628,1753,1491,28285,547,203,90,2916,204,9685,27383,38084],"42wp_author":[47149],"class_list":["post-27505","post","type-post","status-publish","format-standard","has-post-thumbnail","hentry","category-f1","tag-albert-park","tag-f1-2025","tag-formula-1-2025","tag-gp-da-australia","tag-grande-premio","tag-grandepremio","tag-lando-norris","tag-max-verstappen","tag-mclaren","tag-oscar-piastri","tag-red-bull","tag-verstappen","tag-verstappen-f1","tag-verstappen-na-red-bull","42wp_author-bernardo-castro"],"_links":{"self":[{"href":"https:\/\/grandepremio.com\/br\/wp-json\/wp\/v2\/posts\/27505","targetHints":{"allow":["GET"]}}],"collection":[{"href":"https:\/\/grandepremio.com\/br\/wp-json\/wp\/v2\/posts"}],"about":[{"href":"https:\/\/grandepremio.com\/br\/wp-json\/wp\/v2\/types\/post"}],"replies":[{"embeddable":true,"href":"https:\/\/grandepremio.com\/br\/wp-json\/wp\/v2\/comments?post=27505"}],"version-history":[{"count":0,"href":"https:\/\/grandepremio.com\/br\/wp-json\/wp\/v2\/posts\/27505\/revisions"}],"wp:featuredmedia":[{"embeddable":true,"href":"https:\/\/grandepremio.com\/br\/wp-json\/wp\/v2\/media\/1000939484"}],"wp:attachment":[{"href":"https:\/\/grandepremio.com\/br\/wp-json\/wp\/v2\/media?parent=27505"}],"wp:term":[{"taxonomy":"category","embeddable":true,"href":"https:\/\/grandepremio.com\/br\/wp-json\/wp\/v2\/categories?post=27505"},{"taxonomy":"post_tag","embeddable":true,"href":"https:\/\/grandepremio.com\/br\/wp-json\/wp\/v2\/tags?post=27505"},{"taxonomy":"42wp_author","embeddable":true,"href":"https:\/\/grandepremio.com\/br\/wp-json\/wp\/v2\/42wp_author?post=27505"}],"curies":[{"name":"wp","href":"https:\/\/api.w.org\/{rel}","templated":true}]}}