{"id":27851,"date":"2025-03-14T07:15:00","date_gmt":"2025-03-14T10:15:00","guid":{"rendered":"https:\/\/grandepremio.com\/br\/noticias\/5-coisas-que-aprendemos-na-sexta-feira-do-gp-da-australia-da-formula-1-2025\/"},"modified":"2025-03-14T08:13:24","modified_gmt":"2025-03-14T11:13:24","slug":"5-coisas-que-aprendemos-na-sexta-feira-do-gp-da-australia-da-formula-1-2025","status":"publish","type":"post","link":"https:\/\/grandepremio.com\/br\/f1\/5-coisas-que-aprendemos-na-sexta-feira-do-gp-da-australia-da-formula-1-2025\/","title":{"rendered":"5 coisas que aprendemos na sexta-feira do GP da Austr\u00e1lia da F\u00f3rmula 1 2025"},"content":{"rendered":"\n<p class=\"wp-block-paragraph\">O primeiro dia de atividades oficiais da temporada 2025 da <strong>F1 <\/strong>reafirmou a <strong>McLaren <\/strong>como principal for\u00e7a do momento. Nesta sexta-feira (14), <a href=\"https:\/\/www.grandepremio.com\/br\/f1\/noticias\/lando-norris-estraga-surpresa-carlos-sainz-lidera-tl1-gp-da-australia-formula-1-gabriel-bortoleto-15\/\">os papaias lideraram o<\/a> TL1 do <strong>GP da Austr\u00e1lia<\/strong> e n\u00e3o pareceram fazer for\u00e7a alguma de tarde quando imprimiram impressionante ritmo de corrida, deixando as rivais mais preocupadas com a briga pela ponta.<\/p>\n\n\n\n<p class=\"wp-block-paragraph\">Quem parece surgir melhor como candidata \u00e9 a <strong>Ferrari<\/strong>, que ainda busca se entender com <strong>Lewis Hamilton,<\/strong> mas que viu <strong>Charles Leclerc <\/strong>puxar a fila do TL2, empatando o jogo do dia com <strong>Lando Norris<\/strong>.<\/p>\n\n\n\n<p class=\"wp-block-paragraph\">A <strong>Mercedes <\/strong>teve momentos de destaque especialmente ao simular corrida na segunda sess\u00e3o. No trabalho em stint longo, com pneus duros, <strong>George Russell<\/strong> se colocou perto da marca estabelecida por Norris, por exemplo. E mais veloz que <strong>Oscar Piastri<\/strong> e as Ferrari.<\/p>\n\n\n\n<p class=\"wp-block-paragraph\">Mais r\u00e1pido tamb\u00e9m que <strong>Max Verstappen<\/strong>, que n\u00e3o saiu nada feliz com o que a <strong>Red Bull <\/strong>apresentou at\u00e9 aqui. O neerland\u00eas se queixou de falta de ader\u00eancia, mas admitiu que n\u00e3o ficou surpreso com os problemas. A Red Bull fechou o dia, em volta r\u00e1pida, atr\u00e1s da <strong>Racing Bulls.<\/strong><\/p>\n\n\n\n<figure class=\"wp-block-image size-large\"><img decoding=\"async\" src=\"https:\/\/www.grandepremio.com\/br\/wp-content\/uploads\/2025\/03\/australia-2025-f1-treinos-livres-mclaren-lando-norris-afp-02-1200x800.jpg\" alt=\"\" class=\"wp-image-937838\"\/><figcaption class=\"wp-element-caption\">Lando Norris e a McLaren parecem em vantagem na Austr\u00e1lia (Foto: AFP) <\/figcaption><\/figure>\n\n\n\n<p class=\"wp-block-paragraph\">E o <strong>GRANDE PR\u00caMIO<\/strong> separou cinco coisas que aprendemos nos treinos livres da sexta-feira do GP da Austr\u00e1lia<\/p>\n\n\n\n<h2 class=\"wp-block-heading\" id=\"h-mclaren-se-destaca-em-ritmo-de-corrida-e-de-volta-rapida\"><strong>McLaren se destaca em ritmo de corrida e de volta r\u00e1pida<\/strong><\/h2>\n\n\n\n<p class=\"wp-block-paragraph\">Norris at\u00e9 pode tentar dizer o contr\u00e1rio nas declara\u00e7\u00f5es, mas fica dif\u00edcil acreditar realmente que a McLaren tenha problemas. Os papaias d\u00e3o todos os sinais de que, hoje, s\u00e3o favoritos na F1 2025 e as rivais j\u00e1 come\u00e7am a ver da mesma forma. No primeiro dia na Austr\u00e1lia, Lando liderou o TL1 e, mais tarde, puxou a fila na simula\u00e7\u00e3o de corrida do TL2. O carro est\u00e1 redondinho, uma eventual pole s\u00f3 n\u00e3o ser\u00e1 sin\u00f4nimo de vit\u00f3ria quase certa porque a chuva deve ser fator no domingo.<\/p>\n\n\n\n<h2 class=\"wp-block-heading\" id=\"h-ferrari-aparece-firme-no-tl2-com-leclerc-e-sonha-com-pole-na-australia\"><strong>Ferrari aparece firme no TL2 com Leclerc e sonha com pole na Austr\u00e1lia<\/strong><\/h2>\n\n\n\n<p class=\"wp-block-paragraph\">Leclerc \u00e9 um dos grandes &#8216;classificadores&#8217; do grid e isso pode ser absolutamente decisivo na Austr\u00e1lia. Em uma pista de dif\u00edcil ultrapassagem, o monegasco tende a ter vantagem no duelo direto com Hamilton e deve se colocar firme na briga pelo triunfo com as McLaren e com quem mais aparecer no piso molhado. Em volta r\u00e1pida, o ritmo dos carros vermelhos parece ter sido encontrado, pelo menos.<\/p>\n\n\n\n<figure class=\"wp-block-video\"><video class=\"video-js vjs-big-play-centered\" data-gp-vjs=\"1\" controls poster=\"https:\/\/www.grandepremio.com\/br\/cdn-cgi\/image\/width=1200,height=675,fit=contain,gravity=0.5x0.5,quality=75,format=webp\/wp-content\/uploads\/2025\/03\/ollie-bearman-haas-f1-2025-australia-poster.jpeg\" src=\"https:\/\/www.grandepremio.com\/br\/wp-content\/uploads\/2025\/03\/ollie-bearman-haas-f1-2025-australia.mp4\"><\/video><figcaption class=\"wp-element-caption\">Pancada forte de Oliver Bearman marcou o TL1 da Austr\u00e1lia (V\u00eddeo: reprodu\u00e7\u00e3o\/ESPN)<\/figcaption><\/figure>\n\n\n\n<h2 class=\"wp-block-heading\" id=\"h-red-bull-segue-sem-se-encontrar-e-principalmente-sem-agradar-verstappen\"><strong>Red Bull segue sem se encontrar e, principalmente, sem agradar Verstappen<\/strong><\/h2>\n\n\n\n<p class=\"wp-block-paragraph\">Por falar em chuva, a Red Bull precisa muito dela. Primeiro porque o molhado costuma abrir margem para carros que n\u00e3o est\u00e3o fortes aparecerem, segundo porque, claro, Verstappen \u00e9 mestre em tais condi\u00e7\u00f5es. Fora isso, n\u00e3o tem muito de onde imaginar crescimento dos energ\u00e9ticos, a menos que Max tire um coelha\u00e7o da cartola. O carro n\u00e3o \u00e9 dos mais velozes e apresenta s\u00e9rios problemas de ader\u00eancia no Albert Park, al\u00e9m de ter Liam Lawson batendo cabe\u00e7a e se sentindo lento. \u00c9 um come\u00e7o complicado e, principalmente, que n\u00e3o tem feito o tetracampe\u00e3o se sentir confort\u00e1vel no RB21. Isso talvez seja mais s\u00e9rio do que o fato do b\u00f3lido estar tecnicamente abaixo.<\/p>\n\n\n\n<h2 class=\"wp-block-heading\" id=\"h-mercedes-sofre-com-pneus-macios-mas-encaixa-voltas-solidas-em-stint-longo\"><strong>Mercedes sofre com pneus macios, mas encaixa voltas s\u00f3lidas em stint longo<\/strong><\/h2>\n\n\n\n<p class=\"wp-block-paragraph\">\u00c9 bem verdade que a Mercedes dificilmente vai se sair muito bem no s\u00e1bado pela dificuldade que mostrou com os pneus macios em Melbourne, mas que tal o ritmo dos prateados na simula\u00e7\u00e3o de corrida com os compostos duros? Russell se colocou ali no bolo da frente e certamente animou a equipe, mas vai ser crucial n\u00e3o ter uma classifica\u00e7\u00e3o p\u00e9ssima para ter chances reais no domingo. Isso tudo com Andrea Kimi Antonelli ainda dando os primeiros pequenos passos na F1.<\/p>\n\n\n\n<h2 class=\"wp-block-heading\" id=\"h-sauber-de-bortoleto-custa-a-se-achar-em-f1-b-que-promete-caos-na-australia\"><strong>Sauber de Bortoleto custa a se achar em &#8216;F1 B&#8217; que promete caos na Austr\u00e1lia<\/strong><\/h2>\n\n\n\n<p class=\"wp-block-paragraph\">A Sauber de Gabriel Bortoleto teve desempenho aceit\u00e1vel com os pneus macios e pode at\u00e9 tentar alguma gra\u00e7a no pelot\u00e3o intermedi\u00e1rio, ao menos na classifica\u00e7\u00e3o. Com os demais compostos, a impress\u00e3o \u00e9 que ainda falta performance e que, hoje, os su\u00ed\u00e7os s\u00f3 est\u00e3o mais na briga do que a Haas, que parece estar perdida.<\/p>\n\n\n\n<p class=\"wp-block-paragraph\">Numa &#8216;F1 B&#8217; que desenha um fim de semana daqueles, a Alpine tamb\u00e9m sofreu e viu Pierre Gasly reclamar dos freios e n\u00e3o se encontrar, bem como a Aston Martin, de um irritadi\u00e7o Fernando Alonso. De bom ali, Williams e Racing Bulls, com Carlos Sainz em segundo no TL1 e no meio da tabela de pneus m\u00e9dios no TL2, e a \u00f3tima estreia de Isack Hadjar, empurrando junto de Yuki Tsunoda a equipe B energ\u00e9tica para frente da Red Bull. Uma loucura que dificilmente vai se repetir amanh\u00e3, mas que foi divertida.<\/p>\n\n\n\n<p class=\"wp-block-paragraph\">A\u00a0<strong><a href=\"https:\/\/www.grandepremio.com\/br\/f1\/\" target=\"_blank\" rel=\"noreferrer noopener\"><\/a><a href=\"https:\/\/www.grandepremio.com\/br\/f1\/\" target=\"_blank\" rel=\"noreferrer noopener\">F\u00f3rmula 1<\/a><\/strong>\u00a0abre a temporada 2025 entre os dias 13 e 16 de mar\u00e7o, no\u00a0<strong>GP da Austr\u00e1lia<\/strong>, em Melbourne. O\u00a0<strong>GRANDE PR\u00caMIO<\/strong>\u00a0acompanha todas as atividades\u00a0<strong><a href=\"https:\/\/www.grandepremio.com\/br\/f1\/ao-vivo\" target=\"_blank\" rel=\"noreferrer noopener\">AO VIVO E EM\u00a0<\/a><a href=\"https:\/\/www.grandepremio.com\/br\/ao-vivo\/\" target=\"_blank\" rel=\"noreferrer noopener\">TEMPO REAL<\/a><\/strong>. Os hor\u00e1rios se repetem com o TL3 realizado \u00e0s 22h30 da sexta-feira (de Bras\u00edlia, GMT-3), enquanto a classifica\u00e7\u00e3o define o grid de largada come\u00e7ando \u00e0s 2h do s\u00e1bado (15). Por fim, a largada est\u00e1 marcada para a 1h do domingo (16). Tanto classifica\u00e7\u00e3o quanto corrida ter\u00e3o\u00a0<strong><a href=\"https:\/\/www.youtube.com\/@GrandePremio1\/streams\" target=\"_blank\" rel=\"noreferrer noopener\">transmiss\u00e3o do GP em SEGUNDA TELA no YouTube<\/a><\/strong>, em parceria com a Voz do Esporte. O Briefing chega para comentar na GPTV ap\u00f3s o fim de cada dia de atividades.<\/p>\n\n\n\n<p class=\"wp-block-paragraph\">\u25b6\ufe0f<strong>\u00a0Inscreva-se nos dois canais do GRANDE PR\u00caMIO no YouTube:\u00a0<a href=\"https:\/\/www.youtube.com\/channel\/UC9OlHEgxoaY6QY6nWPoiqQg?sub_confirmation=1\" target=\"_blank\" rel=\"noreferrer noopener\">GP<\/a>\u00a0|\u00a0<a href=\"https:\/\/www.youtube.com\/channel\/UC9csiS6q_C3C0FYhyr1rnFA?sub_confirmation=1\" target=\"_blank\" rel=\"noreferrer noopener\">GP2<\/a><\/strong><\/p>\n\n\n\n<figure class=\"wp-block-embed is-type-video is-provider-youtube wp-block-embed-youtube wp-embed-aspect-16-9 wp-has-aspect-ratio\"><div class=\"wp-block-embed__wrapper\">\n<iframe loading=\"lazy\" title=\"LECLERC NA FRENTE, BORTOLETO EM 18\u00ba E ACIDENTES: TREINOS LIVRES DA F1 2025 NA AUSTR\u00c1LIA | BRIEFING\" width=\"500\" height=\"281\" src=\"https:\/\/www.youtube.com\/embed\/FTEfURRUpLw?feature=oembed\" frameborder=\"0\" allow=\"accelerometer; autoplay; clipboard-write; encrypted-media; gyroscope; picture-in-picture; web-share\" referrerpolicy=\"strict-origin-when-cross-origin\" allowfullscreen><\/iframe>\n<\/div><\/figure>\n","protected":false},"excerpt":{"rendered":"<p>Enquanto a McLaren confirmou o poderio e colocou mais pulgas atr\u00e1s das orelhas rivais, a Mercedes se destacou em ritmo de corrida, a Ferrari chamou a aten\u00e7\u00e3o em volta r\u00e1pida e a Red Bull, bem, a Red Bull bateu cabe\u00e7a de novo<\/p>\n","protected":false},"author":0,"featured_media":1000937797,"comment_status":"closed","ping_status":"closed","sticky":false,"template":"","format":"standard","meta":{"42wp_featured_image_caption":"","42wp_featured_image_credits":"","42wp_featured_video":"","42wp_featured_image_hidden":false,"42wp_authors_list":[],"footnotes":""},"categories":[2],"tags":[654,20491,27861,7094,309,26000,546,209,5660,302,3630,642,176,207,38466,578,33334,38677,180,350,42809,38313,40108,800,42946,34188,1753,42945,119,40439,14495,37485,31949,42813,41987,41986,42374,30039,33934,1713,41429,42737,40088,40904,28104,596,485,547,42739,36655,40783,37187,39670,87,595,203,90,4928,37605,1757,82,39069,535,37633,1521,30806,37737,40440,39129,40982,29923,42697,2916,36778,40367,676,38179,42749,41954,41953,204,42188,27332,27716,42740,36315,40123,40483,38501,39987,1197,42293,16330,37695,1712,42808,36313,42605,1708,42812,38321,39049,42692,27383,37936,215,42814,25011,33777,597],"42wp_author":[47117],"class_list":["post-27851","post","type-post","status-publish","format-standard","has-post-thumbnail","hentry","category-f1","tag-alexander-albon","tag-alpine","tag-andrea-kimi-antonelli","tag-andrea-stella","tag-aston-martin","tag-audiencia-da-tv","tag-carlos-sainz","tag-charles-leclerc","tag-classificacao","tag-esteban-ocon","tag-f1-2025","tag-f1-ao-vivo","tag-fernando-alonso","tag-ferrari","tag-ferrari-2025","tag-ferrari-f1","tag-ferrari-formula-1","tag-fim-de-semana-australia","tag-formula-1","tag-gabriel-bortoleto","tag-gasly-2025","tag-gasly-f1","tag-gasly-formula-1","tag-george-russell","tag-gp-albert-park","tag-gp-australia","tag-gp-da-australia","tag-gp-melbourne","tag-haas","tag-haas-2025","tag-haas-f1","tag-haas-formula-1","tag-hadjar","tag-hadjar-2025","tag-hadjar-f1","tag-hadjar-formula-1","tag-hamilton-2025","tag-hamilton-f1","tag-hamilton-formula-1","tag-hamilton-na-ferrari","tag-hulk-f1","tag-hulkenberg-2025","tag-hulkenberg-f1","tag-hulkenberg-formula-1","tag-isack-hadjar","tag-jack-doohan","tag-lance-stroll","tag-lando-norris","tag-lawson-2025","tag-lawson-f1","tag-lawson-formula-1","tag-leclerc-f1","tag-leclerc-formula-1","tag-lewis-hamilton","tag-liam-lawson","tag-max-verstappen","tag-mclaren","tag-mclaren-f1","tag-mclaren-formula-1","tag-melbourne","tag-mercedes","tag-mercedes-2025","tag-mercedes-f1","tag-mercedes-formula-1","tag-nico-hulkenberg","tag-norris-f1","tag-norris-formula-1","tag-ocon-2025","tag-ocon-f1","tag-ocon-formula-1","tag-oliver-bearman","tag-oliver-bearman-formula-1","tag-oscar-piastri","tag-piastri-f1","tag-piastri-formula-1","tag-pierre-gasly","tag-racing-bulls","tag-racing-bulls-2025","tag-racing-bulls-f1","tag-racing-bulls-formula-1","tag-red-bull","tag-red-bull-2025","tag-red-bull-f1","tag-red-bull-formula-1","tag-russell-2025","tag-russell-f1","tag-russell-formula-1","tag-sainz-2025","tag-sainz-f1","tag-sainz-formula-1","tag-sauber","tag-sauber-2025","tag-sauber-f1","tag-sauber-formula-1","tag-segundo-treino-livre","tag-stroll-2025","tag-stroll-f1","tag-stroll-formula-1","tag-tl2","tag-tsunoda-2025","tag-tsunoda-f1","tag-tsunoda-formula-1","tag-verstappen-2025","tag-verstappen-f1","tag-verstappen-formula-1","tag-williams","tag-williams-2025","tag-williams-f1","tag-williams-formula-1","tag-yuki-tsunoda","42wp_author-gabriel-curty"],"_links":{"self":[{"href":"https:\/\/grandepremio.com\/br\/wp-json\/wp\/v2\/posts\/27851","targetHints":{"allow":["GET"]}}],"collection":[{"href":"https:\/\/grandepremio.com\/br\/wp-json\/wp\/v2\/posts"}],"about":[{"href":"https:\/\/grandepremio.com\/br\/wp-json\/wp\/v2\/types\/post"}],"replies":[{"embeddable":true,"href":"https:\/\/grandepremio.com\/br\/wp-json\/wp\/v2\/comments?post=27851"}],"version-history":[{"count":0,"href":"https:\/\/grandepremio.com\/br\/wp-json\/wp\/v2\/posts\/27851\/revisions"}],"wp:featuredmedia":[{"embeddable":true,"href":"https:\/\/grandepremio.com\/br\/wp-json\/wp\/v2\/media\/1000937797"}],"wp:attachment":[{"href":"https:\/\/grandepremio.com\/br\/wp-json\/wp\/v2\/media?parent=27851"}],"wp:term":[{"taxonomy":"category","embeddable":true,"href":"https:\/\/grandepremio.com\/br\/wp-json\/wp\/v2\/categories?post=27851"},{"taxonomy":"post_tag","embeddable":true,"href":"https:\/\/grandepremio.com\/br\/wp-json\/wp\/v2\/tags?post=27851"},{"taxonomy":"42wp_author","embeddable":true,"href":"https:\/\/grandepremio.com\/br\/wp-json\/wp\/v2\/42wp_author?post=27851"}],"curies":[{"name":"wp","href":"https:\/\/api.w.org\/{rel}","templated":true}]}}