{"id":27933,"date":"2025-03-14T04:06:18","date_gmt":"2025-03-14T07:06:18","guid":{"rendered":"https:\/\/grandepremio.com\/br\/noticias\/gabriele-mini-vence-duelo-victor-martins-conquista-pole-position-rodada-f2-australia\/"},"modified":"2025-03-14T06:53:05","modified_gmt":"2025-03-14T09:53:05","slug":"gabriele-mini-vence-duelo-victor-martins-conquista-pole-position-rodada-f2-australia","status":"publish","type":"post","link":"https:\/\/grandepremio.com\/br\/f2\/gabriele-mini-vence-duelo-victor-martins-conquista-pole-position-rodada-f2-australia\/","title":{"rendered":"Min\u00ec vence duelo contra Martins e conquista pole-position da rodada da F2 na Austr\u00e1lia"},"content":{"rendered":"\n<p class=\"wp-block-paragraph\"><strong>Gabriele Min\u00ec<\/strong> venceu duelo particular travado contra<em> <\/em><strong>Victor Martins<\/strong><em> <\/em>e conquistou a pole-position para a rodada da <strong>Austr\u00e1lia <\/strong>da<strong> <a href=\"https:\/\/www.grandepremio.com\/br\/f2\/\">F\u00f3rmula 2<\/a><\/strong>. O piloto da <strong>Prema <\/strong>fez a melhor volta em 1min29s286, superando o veterano em 0s114. <strong>Jak Crawford<\/strong> ficou com o terceiro tempo, mas perde dez posi\u00e7\u00f5es no grid da corrida sprint e da principal pela infra\u00e7\u00e3o t\u00e9cnica cometida pela DAMS na pr\u00e9-temporada.<\/p>\n\n\n\n<p class=\"wp-block-paragraph\">Embora o grid mais curto que o da F3, os pilotos da F2 tamb\u00e9m tiveram de ter paci\u00eancia para se livrar do tr\u00e1fego e achar espa\u00e7o para buscar o giro ideal. A parte boa \u00e9 que a classifica\u00e7\u00e3o foi muito menos acidentada do que o visto no treino livre, e a disputa se desenhou entre Martins, Fornaroli e Min\u00ec. <\/p>\n\n\n\n<p class=\"wp-block-paragraph\">Nos minutos finais, apenas Martins e Min\u00ec conseguiram melhorar os respectivos tempos, mas o italiano foi melhor e garantiu a pole para a Prema.<\/p>\n\n\n\n<p class=\"wp-block-paragraph\">O grid, no entanto, ficou um pouco diferente por conta das puni\u00e7\u00f5es aplicadas aos carros da DAMS, da Rodin e da Trident por viola\u00e7\u00e3o ao regulamento t\u00e9cnico nos testes coletivos da pr\u00e9-temporada, em Barcelona. Como a FIA considerou que houve vantagem, Crawford, Kush Maini, Amaury Cordeel, Alex Dunne, Sami Meguetounif e Marcus Esterson perder\u00e3o dez posi\u00e7\u00f5es tanto na corrida sprint quanto na principal.<\/p>\n\n\n\n<p class=\"wp-block-paragraph\">O top-10, portanto, ficou assim: Min\u00ec, Martins, Richard Verschoor, Roman Stanek, Dino Beganovic, Luke Browning, Joshua D\u00fcrksen, Leonardo Fornaroli, Sebasti\u00e1n Montoya e Ritomo Miyata. O resultado oficial ainda ser\u00e1 confirmado pela FIA.<\/p>\n\n\n\n<p class=\"wp-block-paragraph\"><strong><em>*Nota da reda\u00e7\u00e3o: Ap\u00f3s a classifica\u00e7\u00e3o, os comiss\u00e1rios puniram Min\u00ec pelo incidente com Jak Crawford e o italiano perdeu tr\u00eas posi\u00e7\u00f5es no grid. Assim, Victor Martins sai na pole. Entenda <a href=\"https:\/\/www.grandepremio.com\/br\/f2\/noticias\/gabriele-mini-leva-3-posicoes-punicao-grid-f2-australia-victor-martins-herda-pole\/\">tudo aqui<\/a>!<\/em><\/strong><\/p>\n\n\n\n<p class=\"wp-block-paragraph\">A <strong>F\u00f3rmula 2 <\/strong>volta na madrugada de s\u00e1bado (15), \u00e0 0h15, para a largada da corrida sprint. O <strong>GRANDE PR\u00caMIO<\/strong> acompanha todas as atividades da <strong>temporada 2025<\/strong>.<\/p>\n\n\n\n<figure class=\"wp-block-image size-large\"><img decoding=\"async\" src=\"https:\/\/www.grandepremio.com\/br\/wp-content\/uploads\/2025\/03\/Leonardo-Fornaroli-1200x675.jpg\" alt=\"\" class=\"wp-image-937948\"\/><figcaption class=\"wp-element-caption\">Leonardo Fornaroli (Foto: Reprodu\u00e7\u00e3o\/F2)<\/figcaption><\/figure>\n\n\n\n<h2 class=\"wp-block-heading\" id=\"h-confira-como-foi-a-classificacao-da-f2-em-melbourne\">Confira como foi a classifica\u00e7\u00e3o da F2 em Melbourne:<\/h2>\n\n\n\n<p class=\"wp-block-paragraph\">Logo depois do encerramento das atividades da F\u00f3rmula 1, a F2 retornou \u00e0 pista no fim da tarde australiana com 22,7\u00b0C de temperatura ambiente, 36,5\u00b0C de asfalto e umidade relativa do ar em 67%. Na conta, pouca quilometragem, j\u00e1 que o \u00fanico treino livre realizado foi bastante atrapalhado pelas tr\u00eas bandeiras vermelhas.<\/p>\n\n\n\n<p class=\"wp-block-paragraph\">Mesmo assim, a lideran\u00e7a ficou com Martins, que partiu para a classifica\u00e7\u00e3o como um dos candidatos \u00e0 pole. Na primeira tentativa de volta r\u00e1pida, o franc\u00eas da ART, j\u00e1 em sua terceira temporada de F2, assinalou 1min31s012, com Min\u00ec (Prema) logo atr\u00e1s. <\/p>\n\n\n\n<p class=\"wp-block-paragraph\">D\u00fcrksen, ent\u00e3o, pegou o primeiro setor e conseguiu bater Martins em 0s3, s\u00f3 que a alegria durou um respiro, pois o franc\u00eas veio imediatamente atr\u00e1s para retomar a ponta. Com 20 minutos para o fim \u2014 e a pista cada vez mais aderente \u2014 foi a vez do trio Crawford, Min\u00ec e Fornaroli experimentar a lideran\u00e7a, cada um por vez at\u00e9 o campe\u00e3o vigente da F3 anotar 1min30s136.<\/p>\n\n\n\n<p class=\"wp-block-paragraph\">Fornaroli melhorou ainda mais o tempo ao pegar os setores 1 e 3, aumentando para 0s230 a dist\u00e2ncia para Min\u00ec com 1min29s948. Crawford, Martins, Verschoor, D\u00fcrksen, Maini, Stan\u011bk, Dunne e Beganovic fechavam o top-10.<\/p>\n\n\n\n<p class=\"wp-block-paragraph\">Pausa para troca de pneus, o pelot\u00e3o voltou \u00e0 &#8216;corrida&#8217; \u2014 j\u00e1 que o tr\u00e1fego intenso proporcionou v\u00e1rias disputas paralelas para ver quem teria a vantagem do v\u00e1cuo \u2014 faltando dez minutos para a bandeirada. Browning, ent\u00e3o, fez o melhor primeiro setor da pista australiana, mas perdeu muito tempo no trecho final, fechando em quarto.<\/p>\n\n\n\n<p class=\"wp-block-paragraph\">Quem brilhou na parte final do circuito foi Martins, que cravou 1min29s523, reassumindo a ponta. Crawford \u2014 um dos punidos por infra\u00e7\u00e3o t\u00e9cnica, portanto com dez posi\u00e7\u00f5es a serem pagas nas duas corridas, pegou o segundo posto por somente 0s064. S\u00f3 que Min\u00ec conseguiu ser ainda melhor por quest\u00e3o de cent\u00e9simos e assegurou a posi\u00e7\u00e3o de honra.<\/p>\n\n\n\n<h3 class=\"wp-block-heading\" id=\"h-f2-2025-rodada-da-australia-melbourne-grid-de-largada-com-punicao-a-mini\">F2 2025, Rodada da Austr\u00e1lia, Melbourne, Grid de largada (com puni\u00e7\u00e3o a Min\u00ec):<\/h3>\n\n\n\n<figure class=\"wp-block-table\"><table class=\"has-fixed-layout\"><tbody><tr><td>POS<\/td><td>Piloto<\/td><td>Equipe<\/td><td>Tempo<\/td><td>Diff<\/td><td>&nbsp;<\/td><\/tr><tr><td>1<\/td><td>V MARTINS<\/td><td>ART<\/td><td>1:29.400<\/td><td>&nbsp;<\/td><td>&nbsp;<\/td><\/tr><tr><td>2<\/td><td>R VERSCHOOR<\/td><td>MP<\/td><td>1:29.650<\/td><td>+0.250<\/td><td>&nbsp;<\/td><\/tr><tr><td>3<\/td><td>R STANEK<\/td><td>Invicta<\/td><td>1:29.835<\/td><td>+0.435<\/td><td>&nbsp;<\/td><\/tr><tr><td>4<\/td><td>G MIN\u00cc<\/td><td>Prema<\/td><td>1:29.286<\/td><td>&nbsp;<\/td><td>P+3<\/td><\/tr><tr><td>5<\/td><td>D BEGANOVIC<\/td><td>Hitech<\/td><td>1:29.851<\/td><td>+0.451<\/td><td>&nbsp;<\/td><\/tr><tr><td>6<\/td><td>L BROWNING<\/td><td>Hitech<\/td><td>1:29.867<\/td><td>+0.467<\/td><td>&nbsp;<\/td><\/tr><tr><td>7<\/td><td>J D\u00dcRKSEN<\/td><td>AIX<\/td><td>1:29.938<\/td><td>+0.538<\/td><td>&nbsp;<\/td><\/tr><tr><td>8<\/td><td>L FORNAROLI<\/td><td>Invicta<\/td><td>1:29.948<\/td><td>+0.548<\/td><td>&nbsp;<\/td><\/tr><tr><td>9<\/td><td>S MONTOYA<\/td><td>Prema<\/td><td>1:30.013<\/td><td>+0.613<\/td><td>&nbsp;<\/td><\/tr><tr><td>10<\/td><td>R MIYATA<\/td><td>ART<\/td><td>1:30.017<\/td><td>+0.617<\/td><td>&nbsp;<\/td><\/tr><tr><td>11<\/td><td>A LINDBLAD<\/td><td>Campos<\/td><td>1:30.089<\/td><td>+0.689<\/td><td>&nbsp;<\/td><\/tr><tr><td>12<\/td><td>J M MART\u00cd<\/td><td>Campos<\/td><td>1:30.271<\/td><td>+0.871<\/td><td>&nbsp;<\/td><\/tr><tr><td>13<\/td><td>J CRAWFORD<\/td><td>DAMS<\/td><td>1:29.587<\/td><td>+0.187<\/td><td>P+10<\/td><\/tr><tr><td>14<\/td><td>R VILLAG\u00d3MEZ<\/td><td>Van Amersfoort<\/td><td>1:30.656<\/td><td>+1.256<\/td><td>&nbsp;<\/td><\/tr><tr><td>15<\/td><td>A DUNNE<\/td><td>Rodin<\/td><td>1:29.802<\/td><td>+0.402<\/td><td>P+10<\/td><\/tr><tr><td>16<\/td><td>O GOETHE<\/td><td>MP<\/td><td>1:31.308<\/td><td>+1.908<\/td><td>&nbsp;<\/td><\/tr><tr><td>17<\/td><td>J BENNETT<\/td><td>Van Amersfoort<\/td><td>1:31.406<\/td><td>+2.006<\/td><td>&nbsp;<\/td><\/tr><tr><td>18<\/td><td>C SHIELDS<\/td><td>AIX<\/td><td>1:31.516<\/td><td>+2.116<\/td><td>&nbsp;<\/td><\/tr><tr><td>19<\/td><td>K MAINI<\/td><td>DAMS<\/td><td>1:30.058<\/td><td>+0.658<\/td><td>P+10<\/td><\/tr><tr><td>20<\/td><td>S MEGUETOUNIF<\/td><td>Trident<\/td><td>1:30.239<\/td><td>+0.839<\/td><td>P+10<\/td><\/tr><tr><td>21<\/td><td>A CORDEEL<\/td><td>Rodin<\/td><td>1:30.352<\/td><td>+0.952<\/td><td>P+10<\/td><\/tr><tr><td>22<\/td><td>M ESTERSON<\/td><td>Trident<\/td><td>Sem Tempo<\/td><td>&nbsp;<\/td><td>P+10<\/td><\/tr><\/tbody><\/table><\/figure>\n\n\n\n<figure class=\"wp-block-embed is-type-video is-provider-youtube wp-block-embed-youtube wp-embed-aspect-16-9 wp-has-aspect-ratio\"><div class=\"wp-block-embed__wrapper\">\n<iframe loading=\"lazy\" title=\"LECLERC NA FRENTE, BORTOLETO EM 18\u00ba E ACIDENTES: TREINOS LIVRES DA F1 2025 NA AUSTR\u00c1LIA | BRIEFING\" width=\"500\" height=\"281\" src=\"https:\/\/www.youtube.com\/embed\/FTEfURRUpLw?feature=oembed\" frameborder=\"0\" allow=\"accelerometer; autoplay; clipboard-write; encrypted-media; gyroscope; picture-in-picture; web-share\" referrerpolicy=\"strict-origin-when-cross-origin\" allowfullscreen><\/iframe>\n<\/div><\/figure>\n\n\n\n<p class=\"wp-block-paragraph\">\u25b6\ufe0f<strong>&nbsp;Inscreva-se nos dois canais do GRANDE PR\u00caMIO no YouTube:&nbsp;<a href=\"https:\/\/www.youtube.com\/channel\/UC9OlHEgxoaY6QY6nWPoiqQg?sub_confirmation=1\" target=\"_blank\" rel=\"noreferrer noopener\">GP<\/a>&nbsp;|&nbsp;<a href=\"https:\/\/www.youtube.com\/channel\/UC9csiS6q_C3C0FYhyr1rnFA?sub_confirmation=1\" target=\"_blank\" rel=\"noreferrer noopener\">GP2<\/a><\/strong><\/p>\n","protected":false},"excerpt":{"rendered":"<p>Gabriele Min\u00ec fez a melhor volta em 1min29s286, 0s1 mais r\u00e1pido que Victor Martins. Jak Crawford ficou em terceiro, mas perde posi\u00e7\u00f5es nas duas corridas por puni\u00e7\u00e3o<\/p>\n","protected":false},"author":0,"featured_media":1000937946,"comment_status":"closed","ping_status":"closed","sticky":false,"template":"","format":"standard","meta":{"42wp_featured_image_caption":"","42wp_featured_image_credits":"","42wp_featured_video":"","42wp_featured_image_hidden":false,"42wp_authors_list":[],"footnotes":""},"categories":[9],"tags":[29654,30246,111,41547,2208,41881,28373,1491,28285,35029,1757,42913,38753,35030,38752,41882,486],"42wp_author":[47147],"class_list":["post-27933","post","type-post","status-publish","format-standard","has-post-thumbnail","hentry","category-f2","tag-calendario-f2","tag-classificacao-f2","tag-f2","tag-f2-2025","tag-formula-2","tag-formula-2-2025","tag-gabriele-mini","tag-grande-premio","tag-grandepremio","tag-horarios-f2","tag-melbourne","tag-melbourne-2025","tag-melbourne-f2","tag-onde-assistir-f2","tag-rodada-da-australia","tag-temporada-2025-f2","tag-victor-martins","42wp_author-luana-marino"],"_links":{"self":[{"href":"https:\/\/grandepremio.com\/br\/wp-json\/wp\/v2\/posts\/27933","targetHints":{"allow":["GET"]}}],"collection":[{"href":"https:\/\/grandepremio.com\/br\/wp-json\/wp\/v2\/posts"}],"about":[{"href":"https:\/\/grandepremio.com\/br\/wp-json\/wp\/v2\/types\/post"}],"replies":[{"embeddable":true,"href":"https:\/\/grandepremio.com\/br\/wp-json\/wp\/v2\/comments?post=27933"}],"version-history":[{"count":0,"href":"https:\/\/grandepremio.com\/br\/wp-json\/wp\/v2\/posts\/27933\/revisions"}],"wp:featuredmedia":[{"embeddable":true,"href":"https:\/\/grandepremio.com\/br\/wp-json\/wp\/v2\/media\/1000937946"}],"wp:attachment":[{"href":"https:\/\/grandepremio.com\/br\/wp-json\/wp\/v2\/media?parent=27933"}],"wp:term":[{"taxonomy":"category","embeddable":true,"href":"https:\/\/grandepremio.com\/br\/wp-json\/wp\/v2\/categories?post=27933"},{"taxonomy":"post_tag","embeddable":true,"href":"https:\/\/grandepremio.com\/br\/wp-json\/wp\/v2\/tags?post=27933"},{"taxonomy":"42wp_author","embeddable":true,"href":"https:\/\/grandepremio.com\/br\/wp-json\/wp\/v2\/42wp_author?post=27933"}],"curies":[{"name":"wp","href":"https:\/\/api.w.org\/{rel}","templated":true}]}}