{"id":28208,"date":"2025-03-13T04:00:00","date_gmt":"2025-03-13T07:00:00","guid":{"rendered":"https:\/\/grandepremio.com\/br\/noticias\/chance-f1-passa-uma-vez-gabriel-bortoleto-pontape-sonho\/"},"modified":"2025-03-13T07:49:51","modified_gmt":"2025-03-13T10:49:51","slug":"chance-f1-passa-uma-vez-gabriel-bortoleto-pontape-sonho","status":"publish","type":"post","link":"https:\/\/grandepremio.com\/br\/f1\/chance-f1-passa-uma-vez-gabriel-bortoleto-pontape-sonho\/","title":{"rendered":"&#8220;A chance de entrar na F1 s\u00f3 passa uma vez&#8221;: Bortoleto d\u00e1 pontap\u00e9 inicial em sonho"},"content":{"rendered":"\n<p class=\"wp-block-paragraph\">Neste fim de semana, em <strong>Melbourne<\/strong>,<strong> Gabriel Bortoleto<\/strong> ser\u00e1 o respons\u00e1vel<a href=\"https:\/\/www.grandepremio.com\/br\/f1\/noticias\/gabriel-bortoleto-encerra-jejum-7-anos-faz-brasil-voltar-ter-piloto-grid-f1\/\"> por levar o <strong>Brasil <\/strong>novamente ao grid <\/a>de uma corrida de<strong> F\u00f3rmula 1 <\/strong>em uma temporada completa, e o fato por si s\u00f3 j\u00e1 \u00e9 suficiente para gerar uma verdadeira como\u00e7\u00e3o no pa\u00eds, carente de um grande her\u00f3i nas pistas desde <strong>Ayrton Senna<\/strong>. \u00c9, portanto, um papel que pode ser dos mais ingratos devido \u00e0 expectativa que vem principalmente daquela parcela \u00e1vida por resultados, mas que pouco sabe sobre a din\u00e2mica da principal categoria do automobilismo mundial.<\/p>\n\n\n\n<p class=\"wp-block-paragraph\">S\u00f3 que olhar para Bortoleto e ver os t\u00edtulos na <strong>F\u00f3rmula 3 <\/strong>e na<strong> F\u00f3rmula 2<\/strong> nos anos em que disputou tais campeonatos pela primeira vez \u2014 feito alcan\u00e7ado por <strong>Charles Leclerc<\/strong>, <strong>George Russell<\/strong> e <strong>Oscar Piastri<\/strong> \u2014 tamb\u00e9m diz bastante sobre o que esperar do brasileiro. Gabriel n\u00e3o \u00e9, pois, um estreante qualquer, mas algu\u00e9m que realmente pode construir uma carreira s\u00f3lida na F\u00f3rmula 1. E ele sabe disso, por isso tem posto em pr\u00e1tica o dever de casa de manter os p\u00e9s no ch\u00e3o \u2014 sem, claro, deixar de sonhar com algo maior aqui e ali, se a chance lhe sorrir.<\/p>\n\n\n\n<p class=\"wp-block-paragraph\">&#8220;Eles me receberam muito bem&#8221;, revelou o piloto antes dos testes do <strong>Bahrein<\/strong>. &#8220;Estavam muito animados com a chegada de um jovem \u00e0 equipe. Obviamente, todo mundo trabalha na F1, mas quando se \u00e9 jovem, \u00e9 \u00f3bvio que se quer fazer isso mais, e por isso eles foram muito gentis comigo&#8221;, continuou, destacando o orgulho de representar a Sauber, &#8220;equipe que teve brasileiros no passado que tiveram futuros brilhantes depois que passaram por l\u00e1&#8221;.<\/p>\n\n\n\n<p class=\"wp-block-paragraph\">Bortoleto falou tamb\u00e9m sobre a decis\u00e3o de assinar contrato para vestir o verde neon e preto, pois &#8220;quando se tem uma oportunidade para entrar na F1, voc\u00ea pega, porque ela passa uma vez s\u00f3&#8221; \u2014 e com toda raz\u00e3o, j\u00e1 que a janela de contrata\u00e7\u00f5es para 2026 parece fechada, mesmo com o Mundial deste ano ainda por come\u00e7ar. S\u00e3o, claro, frases comuns no repert\u00f3rio dos pilotos, mas d\u00e1 para notar que Gabriel entende bem em qual barco est\u00e1 entrando e est\u00e1 pronto para isso.<\/p>\n\n\n\n<p class=\"wp-block-paragraph\"><strong>LEIA MAIS<\/strong><br><strong>+\u00a0<a href=\"https:\/\/www.grandepremio.com\/br\/f1\/noticias\/chance-f1-passa-uma-vez-gabriel-bortoleto-pontape-sonho\/\">GUIA 2025:\u00a0\u201cA chance de entrar na F1 s\u00f3 passa uma vez\u201d: Bortoleto d\u00e1 pontap\u00e9 inicial em sonho<\/a><\/strong><br><strong>+\u00a0<a href=\"https:\/\/www.grandepremio.com\/br\/f1\/noticias\/guia-2025-mclaren-retoma-grandeza-mas-agora-briga-mundial-pilotos-obrigacao\/\">G<\/a><a href=\"https:\/\/www.grandepremio.com\/br\/f1\/noticias\/guia-2025-gabriel-bortoleto-olhos-brasil-chance-futuro-grande-mas-presente-duro\/\">UIA 2025:\u00a0<\/a><a href=\"https:\/\/www.grandepremio.com\/br\/f1\/noticias\/guia-2025-mclaren-retoma-grandeza-mas-agora-briga-mundial-pilotos-obrigacao\/\"><\/a><a href=\"https:\/\/www.grandepremio.com\/br\/f1\/noticias\/guia-2025-mclaren-retoma-grandeza-mas-agora-briga-mundial-pilotos-obrigacao\/\">McLaren retoma grandeza, mas agora briga por Mundial de Pilotos \u00e9 obriga\u00e7\u00e3o<\/a><br>+\u00a0<a href=\"https:\/\/www.grandepremio.com\/br\/f1\/noticias\/guia-2025-lando-norris-mclaren-soberana-nas-maos-provar-aprendeu-derrota\/\">GUIA 2025:\u00a0Norris tem McLaren soberana nas m\u00e3os para provar que aprendeu com derrota<\/a><br>+\u00a0<a href=\"https:\/\/www.grandepremio.com\/br\/f1\/noticias\/guia-2025-oscar-piastri-encara-duvidas-vive-ano-crucial-deixar-ser-coadjuvante\/\">GUIA 2025:\u00a0Piastri encara d\u00favidas e vive ano crucial para deixar de ser coadjuvante<\/a><\/strong><\/p>\n\n\n\n<figure class=\"wp-block-image size-full\"><img decoding=\"async\" src=\"https:\/\/www.grandepremio.com\/br\/wp-content\/uploads\/2025\/01\/Hulk-e-Bortoleto-1.jpg\" alt=\"\" class=\"wp-image-923218\"\/><figcaption class=\"wp-element-caption\">Nico H\u00fclkenberg e Gabriel Bortoleto, a dupla de pilotos da Sauber na F1 2025 (Foto: Sauber)<\/figcaption><\/figure>\n\n\n\n<p class=\"wp-block-paragraph\">&#8220;Trabalho muito duro para atingir meus objetivos, fa\u00e7o tudo o que quero alcan\u00e7ar. Dou tudo o que tenho. Corrida \u00e9 minha vida&#8221;, enfatizou. &#8220;Sinceramente, n\u00e3o penso em mais nada. Tudo em meus dias, com ou sem f\u00e9rias, est\u00e1 sempre envolvido com as corridas e com o meu desenvolvimento, minha pilotagem e meu aperfei\u00e7oamento. Eu me descreveria como um cara muito dedicado, mas estou sempre me esfor\u00e7ando para fazer mais e mais. Acho que sou apenas esse cara, n\u00e3o muito complicado. Sou simples e tento fazer o melhor que posso&#8221;, continuou.<\/p>\n\n\n\n<p class=\"wp-block-paragraph\">&#8220;Tivemos uma \u00f3tima carreira nas categorias de base, na F\u00f3rmula 3 e na F\u00f3rmula 2. Acredito que a F\u00f3rmula 1 \u00e9 um pouquinho diferente, tem muitas coisas novas para aprendermos, muitas coisas que n\u00e3o envolvem tantas pessoas na F2 e na F3. Na F\u00f3rmula 1, temos mais de mil pessoas para fazer dois carros funcionarem&#8221;, enfatizou Bortoleto. \u00c9, sem d\u00favida, um mundo completamente novo, do preparo ao resultado final, tudo muito bem agendado e cronometrado.<\/p>\n\n\n\n<p class=\"wp-block-paragraph\">O lado bom \u00e9 que ele mostrou na pr\u00e1tica, e da melhor forma poss\u00edvel, com os t\u00edtulos recentes, que \u00e9 disciplinado o bastante para aprender r\u00e1pido e atingir os objetivos tra\u00e7ados. Tanto na F3 quanto na F2, Bortoleto teve muita assertividade no trabalho com as respectivas equipes (<strong>Trident <\/strong>e <strong>Invicta<\/strong>). Mostrou maturidade <a href=\"https:\/\/www.grandepremio.com\/br\/f2\/noticias\/gabriel-bortoleto-assume-precisa-entender-erros-classificacoes-sei-sou-rapido\/\">ao assumir erros que realmente estavam em sua conta<\/a>, e isso s\u00f3 engrandeceu as conquistas que vieram a seguir.<\/p>\n\n\n\n<p class=\"wp-block-paragraph\">Al\u00e9m disso, Bortoleto tamb\u00e9m mostrou ter leitura de corrida, acertando em estrat\u00e9gias, mas sem deixar de ser (muito) combativo quando necess\u00e1rio. E \u00e9 exatamente disso que um time como a Sauber precisa para apagar o p\u00e9ssimo 2024, em que conseguiu somar somente 4 pontos, ficando na lanterna da tabela. Nenhum lugar do grid \u00e9 mais acirrado do que a briga no segundo pelot\u00e3o, onde a ordem de for\u00e7as pode variar de corrida para a corrida, dependendo da atualiza\u00e7\u00e3o levada.<\/p>\n\n\n\n<p class=\"wp-block-paragraph\">&#8220;Na F2 e na F3, tentei aprender o m\u00e1ximo que pude sobre o carro e a dire\u00e7\u00e3o, al\u00e9m de novas t\u00e9cnicas e outras coisas que um dia poderia usar na F1. Mas a meta sempre foi o ano em que eu estava. Quando estava na F3, pensava apenas na F3. Quando estava na F2, estava pensando apenas nisso. Se voc\u00ea tirar o foco do momento em que est\u00e1, acho que perde um pouco dele. Ao longo desses anos, a prepara\u00e7\u00e3o foi algo que surgiu naturalmente para mim. Vamos ver agora, durante a temporada, se ela realmente valeu a pena ou n\u00e3o&#8221;, salientou.<\/p>\n\n\n\n<p class=\"wp-block-paragraph\">\u25b6\ufe0f <strong>Inscreva-se nos dois canais do GRANDE PR\u00caMIO no YouTube:&nbsp;<a href=\"https:\/\/www.youtube.com\/channel\/UC9OlHEgxoaY6QY6nWPoiqQg?sub_confirmation=1\" target=\"_blank\" rel=\"noreferrer noopener\">GP<\/a>&nbsp;|&nbsp;<a href=\"https:\/\/www.youtube.com\/channel\/UC9csiS6q_C3C0FYhyr1rnFA?sub_confirmation=1\" target=\"_blank\" rel=\"noreferrer noopener\">GP2<\/a><\/strong><\/p>\n\n\n\n<figure class=\"wp-block-image size-large\"><img decoding=\"async\" src=\"https:\/\/www.grandepremio.com\/br\/wp-content\/uploads\/2025\/02\/bahrain-2025-f1-teste-pre-temporada-sauber-gabriel-bortoleto-01-1200x800.jpg\" alt=\"\" class=\"wp-image-931762\"\/><figcaption class=\"wp-element-caption\">Gabriel Bortoleto vem de dois t\u00edtulos importantes nas categorias de base (Foto: Sauber)<\/figcaption><\/figure>\n\n\n\n<p class=\"wp-block-paragraph\">Bortoleto ainda ter\u00e1 o experiente <strong>Nico H\u00fclkenberg<\/strong> ao lado, e, nesse momento, o que vale \u00e9 a vantagem de poder dividir a garagem com um piloto j\u00e1 cascudo e que foi o grande respons\u00e1vel pelo sucesso da \u00faltima equipe pela qual passou. Claro que \u00e9 de se esperar que o alem\u00e3o mantenha o ritmo forte (se o carro ajudar) e supere Gabriel no confronto direto, mas o brasileiro provou que ser novato definitivamente n\u00e3o \u00e9 um problema!<\/p>\n\n\n\n<p class=\"wp-block-paragraph\">&#8220;Nico \u00e9 um piloto muito bom. Est\u00e1 na F1 h\u00e1 muitos anos, ent\u00e3o tem muita experi\u00eancia. Obviamente, gostaria de aprender com ele. Ele tem muito conhecimento sobre o carro, como pilot\u00e1-lo e como melhor\u00e1-lo durante a temporada. Seria interessante aprender com ele&#8221;, afirmou.<\/p>\n\n\n\n<p class=\"wp-block-paragraph\">D\u00e1 para esperar, portanto, um duelo interessante que pode deixar a Audi mais animada para colocar logo em pr\u00e1tica o projeto que tem como 2030 o alvo para a luta por vit\u00f3rias. O interessante, todavia, \u00e9 que estamos falando de mais quatro anos pela frente, e Nico j\u00e1 est\u00e1 com 37. N\u00e3o que a idade represente algo nessa F1 de Alonsos e Hamiltons, mas n\u00e3o tem como desconsiderar que Bortoleto avan\u00e7a algumas boas casas se ao menos acompanhar o ritmo do companheiro de equipe.<\/p>\n\n\n\n<p class=\"wp-block-paragraph\">&#8220;Estou muito orgulhoso de poder representar a Sauber&#8221;, destacou. &#8220;Mas quando chegou o projeto Audi, n\u00e3o era somente sobre entrar em uma equipe que est\u00e1 te dando a chance, mas uma que tem expectativas de crescimento para o futuro, que quer te ajudar a se desenvolver como piloto e, obviamente, que \u00e9 uma marca que ganhou tudo o que fez nas outras categorias&#8221;, seguiu.<\/p>\n\n\n\n<p class=\"wp-block-paragraph\">&#8220;Claro que \u00e9 um trabalho a longo prazo, n\u00e3o \u00e9 algo que acontece rapidamente, mas tenho orgulho de fazer parte disso desde o come\u00e7o, porque demonstra que, no futuro, se a equipe tiver os resultados que a gente espera, vou poder ter feito parte disso, estarei fazendo parte disso, representando muito bem a marca e o meu pa\u00eds. Quem sabe um dia lutar por coisas grandes na F1, vit\u00f3rias e t\u00edtulos&#8221;, ressaltou.<\/p>\n\n\n\n<p class=\"wp-block-paragraph\"><strong>LEIA MAIS<\/strong><br><strong>+\u00a0<a href=\"https:\/\/www.grandepremio.com\/br\/f1\/noticias\/guia-2025-alpine-tenta-organizar-bagunca-aposta-pierre-gasly-liderar-projeto-f1\/\">GUIA 2025:\u00a0Alpine tenta organizar bagun\u00e7a e aposta em Gasly para liderar projeto na F1<\/a><br>+\u00a0<a href=\"https:\/\/www.grandepremio.com\/br\/f1\/noticias\/guia-2025-alpine-flerta-franco-colapinto-ja-frita-jack-doohan-antes-mesmo-abertura\/\">GUIA 2025:\u00a0Alpine flerta com Colapinto e j\u00e1 frita Doohan antes mesmo da abertura<\/a><br>+\u00a0<a href=\"https:\/\/www.grandepremio.com\/br\/f1\/noticias\/guia-2025-williams-aposta-carlos-sainz-alexander-albon-ganhar-terreno-f1-b\/\">GUIA 2025:\u00a0<\/a><a href=\"https:\/\/www.grandepremio.com\/br\/f1\/noticias\/guia-2025-racing-bulls-tenta-disfarcar-rotulo-equipe-secundaria-inevitavel\/\"><\/a>Williams aposta em Sainz e Albon para ganhar terreno na \u2018F1 B\u2019<br>+\u00a0<a href=\"https:\/\/www.grandepremio.com\/br\/f1\/noticias\/guia-2025-carlos-sainz-tem-esquecer-ferrari-mergulhar-nova-realidade-williams\/\">GUIA 2025:\u00a0<\/a><a href=\"https:\/\/www.grandepremio.com\/br\/f1\/noticias\/guia-2025-yuki-tsunoda-isack-hadjar-vivem-fases-opostas-arvid-lindblad-a-sombra-racing-bulls\/\"><\/a>\u00a0Sainz tem de esquecer Ferrari e mergulhar em nova realidade na Williams<\/strong><\/p>\n\n\n\n<figure class=\"wp-block-video\"><video class=\"video-js vjs-big-play-centered\" data-gp-vjs=\"1\" controls src=\"https:\/\/www.grandepremio.com\/br\/wp-content\/uploads\/2025\/02\/Gabriel-Bortoleto-Sauber-pre-temporada-F1-2025-Video-Reproducao.mp4\"><\/video><figcaption class=\"wp-element-caption\">Gabriel Bortoleto levou o C45 \u00e0 pista na sess\u00e3o da tarde no Bahrein (V\u00eddeo: Reprodu\u00e7\u00e3o\/F1)<\/figcaption><\/figure>\n\n\n\n<p class=\"wp-block-paragraph\">\u00c9 certo que Bortoleto jamais deixar\u00e1 o fator &#8216;bandeira verde e amarela&#8217; de lado. Nenhum piloto deixa a sua, muito pelo contr\u00e1rio, ou hinos n\u00e3o seriam tocados aos vencedores na cerim\u00f4nia de p\u00f3dio. Mas \u00e9 preciso apenas ter cuidado para n\u00e3o cair na ilus\u00e3o de metas irrealistas. \u00c9 sempre um passo de cada vez, e se vier um ponto, tem de ser muito celebrado. Um p\u00f3dio, algo quase imposs\u00edvel de acontecer sem que haja um salseiro em uma corrida, mais ainda. Vit\u00f3ria, ent\u00e3o, nem se fala.<\/p>\n\n\n\n<p class=\"wp-block-paragraph\">&#8220;O Brasil sempre foi um pa\u00eds que gostou muito de automobilismo, tivemos grandes pilotos, na minha opini\u00e3o o maior de todos os tempos foi brasileiro, ent\u00e3o n\u00e3o ter um piloto na F1 brasileiro \u00e9 algo que n\u00e3o \u00e9 nem poss\u00edvel. \u00c9 um pa\u00eds que sempre foi t\u00e3o apaixonado, a gente v\u00ea que mesmo sem um piloto brasileiro nos \u00faltimos anos, a gente sempre pilotou em Interlagos com muita torcida, e agora, poder representar o meu pa\u00eds na F1 \u00e9 uma grande responsabilidade, mas tenho muito orgulho e vou dar 100% de mim, porque \u00e9 o m\u00ednimo que posso fazer, dar tudo o que eu tenho, me dedicar ao m\u00e1ximo, aprender e levantar nossa bandeira l\u00e1 em cima&#8221;, declarou.<\/p>\n\n\n\n<p class=\"wp-block-paragraph\">\u00c9 isso que todos desejam, mas \u00e9 preciso sempre ter em mente que o caminho rumo ao topo na F1 \u00e9 muito, muito \u00e1rduo, at\u00e9 mesmo para aqueles que come\u00e7aram em equipes com carros melhores.<\/p>\n\n\n\n<p class=\"wp-block-paragraph\">A&nbsp;<strong><a href=\"https:\/\/www.grandepremio.com\/br\/f1\/\" target=\"_blank\" rel=\"noreferrer noopener\"><\/a><a href=\"https:\/\/www.grandepremio.com\/br\/f1\/\" target=\"_blank\" rel=\"noreferrer noopener\">F\u00f3rmula 1<\/a><\/strong>&nbsp;abre a temporada 2025 entre os dias 13 e 16 de mar\u00e7o, no&nbsp;<strong>GP da Austr\u00e1lia<\/strong>, em Melbourne. O&nbsp;<strong>GRANDE PR\u00caMIO<\/strong>&nbsp;acompanha todas as atividades&nbsp;<strong><a href=\"https:\/\/www.grandepremio.com\/br\/f1\/ao-vivo\" target=\"_blank\" rel=\"noreferrer noopener\">AO VIVO E EM TEMPO REAL<\/a><\/strong>. O TL1 est\u00e1 marcado para a noite ainda da quinta-feira (13), a partir das 22h30. O TL2 come\u00e7a j\u00e1 depois da 0h e, portanto, na madrugada da sexta-feira (14), \u00e0s 2h. Depois, a situa\u00e7\u00e3o se repete com o TL3 realizado \u00e0s 22h30 da sexta-feira, enquanto a classifica\u00e7\u00e3o define o grid de largada come\u00e7ando \u00e0s 2h do s\u00e1bado (15). Por fim, a largada est\u00e1 marcada para a 1h do domingo (16). Tanto classifica\u00e7\u00e3o quanto corrida ter\u00e3o&nbsp;<strong><a href=\"https:\/\/www.youtube.com\/@GrandePremio1\/streams\" target=\"_blank\" rel=\"noreferrer noopener\">transmiss\u00e3o do GP em SEGUNDA TELA no YouTube<\/a><\/strong>, em parceria com a Voz do Esporte. O Briefing chega para comentar na GPTV ap\u00f3s o fim de cada dia de atividades.<\/p>\n\n\n\n<figure class=\"wp-block-embed is-type-video is-provider-youtube wp-block-embed-youtube wp-embed-aspect-16-9 wp-has-aspect-ratio\"><div class=\"wp-block-embed__wrapper\">\n<iframe loading=\"lazy\" title=\"GUIA F1 2025: BRASIL DE VOLTA E HAMILTON NA FERRARI NOS 75 ANOS: TUDO DA NOVA TEMPORADA\" width=\"500\" height=\"281\" src=\"https:\/\/www.youtube.com\/embed\/Kh-lQqTQ-Ws?feature=oembed\" frameborder=\"0\" allow=\"accelerometer; autoplay; clipboard-write; encrypted-media; gyroscope; picture-in-picture; web-share\" referrerpolicy=\"strict-origin-when-cross-origin\" allowfullscreen><\/iframe>\n<\/div><\/figure>\n","protected":false},"excerpt":{"rendered":"<p>&#8220;Corrida \u00e9 a minha vida&#8221;. \u00c9 com essa express\u00e3o que Gabriel Bortoleto discorre sobre o que espera do primeiro ano na F\u00f3rmula 1, que ser\u00e1 de muito aprendizado em primeiro lugar. Mas se a oportunidade de buscar algo mais surgir, por que n\u00e3o tentar?<\/p>\n","protected":false},"author":0,"featured_media":1000923217,"comment_status":"closed","ping_status":"closed","sticky":false,"template":"","format":"standard","meta":{"42wp_featured_image_caption":"","42wp_featured_image_credits":"","42wp_featured_video":"","42wp_featured_image_hidden":false,"42wp_authors_list":[],"footnotes":""},"categories":[2],"tags":[26271,5273,147,3630,180,3628,350,1753,34263,1491,28285,30840,1757,42913,34212,1521,35129,1197,42001],"42wp_author":[47147],"class_list":["post-28208","post","type-post","status-publish","format-standard","has-post-thumbnail","hentry","category-f1","tag-calendario-f1","tag-classificacao-f1","tag-f1","tag-f1-2025","tag-formula-1","tag-formula-1-2025","tag-gabriel-bortoleto","tag-gp-da-australia","tag-gp-da-australia-f1","tag-grande-premio","tag-grandepremio","tag-horarios-f1","tag-melbourne","tag-melbourne-2025","tag-melbourne-f1","tag-nico-hulkenberg","tag-onde-assistir-f1","tag-sauber","tag-temporada-2025-f1","42wp_author-luana-marino"],"_links":{"self":[{"href":"https:\/\/grandepremio.com\/br\/wp-json\/wp\/v2\/posts\/28208","targetHints":{"allow":["GET"]}}],"collection":[{"href":"https:\/\/grandepremio.com\/br\/wp-json\/wp\/v2\/posts"}],"about":[{"href":"https:\/\/grandepremio.com\/br\/wp-json\/wp\/v2\/types\/post"}],"replies":[{"embeddable":true,"href":"https:\/\/grandepremio.com\/br\/wp-json\/wp\/v2\/comments?post=28208"}],"version-history":[{"count":0,"href":"https:\/\/grandepremio.com\/br\/wp-json\/wp\/v2\/posts\/28208\/revisions"}],"wp:featuredmedia":[{"embeddable":true,"href":"https:\/\/grandepremio.com\/br\/wp-json\/wp\/v2\/media\/1000923217"}],"wp:attachment":[{"href":"https:\/\/grandepremio.com\/br\/wp-json\/wp\/v2\/media?parent=28208"}],"wp:term":[{"taxonomy":"category","embeddable":true,"href":"https:\/\/grandepremio.com\/br\/wp-json\/wp\/v2\/categories?post=28208"},{"taxonomy":"post_tag","embeddable":true,"href":"https:\/\/grandepremio.com\/br\/wp-json\/wp\/v2\/tags?post=28208"},{"taxonomy":"42wp_author","embeddable":true,"href":"https:\/\/grandepremio.com\/br\/wp-json\/wp\/v2\/42wp_author?post=28208"}],"curies":[{"name":"wp","href":"https:\/\/api.w.org\/{rel}","templated":true}]}}