{"id":28324,"date":"2025-03-12T12:10:45","date_gmt":"2025-03-12T15:10:45","guid":{"rendered":"https:\/\/grandepremio.com\/br\/noticias\/carlos-sainz-endossa-coro-pede-mais-dias-para-testes-f1-poderiam-fazer-trabalho-melhor\/"},"modified":"2025-03-12T12:12:49","modified_gmt":"2025-03-12T15:12:49","slug":"carlos-sainz-endossa-coro-pede-mais-dias-para-testes-f1-poderiam-fazer-trabalho-melhor","status":"publish","type":"post","link":"https:\/\/grandepremio.com\/br\/f1\/carlos-sainz-endossa-coro-pede-mais-dias-para-testes-f1-poderiam-fazer-trabalho-melhor\/","title":{"rendered":"Sainz endossa coro e pede mais dias para testes na F1: &#8220;Poderiam fazer trabalho melhor&#8221;"},"content":{"rendered":"\n<p class=\"wp-block-paragraph\">Nomeado como diretor da\u00a0<strong>Associa\u00e7\u00e3o de Pilotos de Grand Prix<\/strong>\u00a0(<strong>GPDA<\/strong>) ao lado de\u00a0<strong><a href=\"https:\/\/www.grandepremio.com\/br\/piloto\/george-russell\/\" target=\"_blank\" rel=\"noreferrer noopener\">George Russell<\/a><\/strong>\u00a0e\u00a0<strong>Anastasia Fowle<\/strong>, <strong>Carlos Sainz <\/strong>endossou o coro e apoiou os novatos do grid ao pedir mais dias de testes antes do in\u00edcio da temporada da<strong> F\u00f3rmula 1<\/strong>. O piloto de 30 anos acredita que tr\u00eas dias n\u00e3o s\u00e3o suficientes para se preparar para o in\u00edcio do calend\u00e1rio e disse que &#8220;todos poderiam fazer um trabalhar melhor&#8221; para resolver a demanda.<\/p>\n\n\n\n<p class=\"wp-block-paragraph\">Pelas regras atuais, os testes de pr\u00e9-temporada duram apenas tr\u00eas dias, divididos em duas sess\u00f5es de quatro horas cada. Esse \u00e9 um tempo que as equipes t\u00eam para preparar o carro para iniciar a temporada e foi objeto de discuss\u00e3o ap\u00f3s o per\u00edodo em <strong>Sakhir<\/strong>. Segundo o portal ingl\u00eas <em>Autosport<\/em>, a <strong>FIA<\/strong> <strong>(Federa\u00e7\u00e3o Internacional de Automobilismo)<\/strong> <a href=\"https:\/\/www.grandepremio.com\/br\/f1\/noticias\/nove-dias-inicio-barcelona-f1-planeja-expansao-pre-temporada-2026\/\">j\u00e1 planeja aumentar de tr\u00eas para nove dias de testes coletivos<\/a> em <strong>Barcelona<\/strong> e <strong>Sakhir<\/strong> a partir de 2026.<\/p>\n\n\n\n<p class=\"wp-block-paragraph\"><strong>Gabriel Bortoleto<\/strong> e<strong> Isack Hadjar<\/strong>, estreantes na classe rainha, criticaram o curto per\u00edodo oferecido pelo campeonato em 2025. O franc\u00eas, inclusive, chegou a dizer que n\u00e3o se sentia preparado para o in\u00edcio da competi\u00e7\u00e3o.<\/p>\n\n\n\n<p class=\"wp-block-paragraph\">&#8220;Desejo a eles tudo de bom, entendendo um pouco a frustra\u00e7\u00e3o deles com os testes, porque, embora eu obviamente n\u00e3o seja um novato, esse dia e meio de testes \u00e9 frustrante para mim tamb\u00e9m&#8221;, afirmou Sainz ao portal neerland\u00eas <em>RacingNews365<\/em>. &#8220;Acho que todos, para ser honesto, poderiam se esfor\u00e7ar um pouco para tentar fazer um trabalho melhor em como fazemos os testes&#8221;, completou Sainz.<\/p>\n\n\n\n<figure class=\"wp-block-image size-full\"><img decoding=\"async\" src=\"https:\/\/www.grandepremio.com\/br\/wp-content\/uploads\/2025\/02\/bahrain-2025-f1-teste-pre-temporada-williams-carlos-sainz-02.jpeg\" alt=\"\" class=\"wp-image-931883\"\/><figcaption class=\"wp-element-caption\">Carlos Sainz (Foto: Williams)<\/figcaption><\/figure>\n\n\n\n<p class=\"wp-block-paragraph\"><strong>LEIA MAIS<\/strong><br><strong>+\u00a0<a href=\"https:\/\/www.grandepremio.com\/br\/f1\/noticias\/guia-2025-gabriel-bortoleto-olhos-brasil-chance-futuro-grande-mas-presente-duro\/\">GUIA 2025:\u00a0<\/a><a href=\"https:\/\/www.grandepremio.com\/br\/f1\/noticias\/guia-2025-george-russell-sobe-hierarquia-assume-desafio-liderar-mercedes\/\"><\/a><a href=\"https:\/\/www.grandepremio.com\/br\/f1\/noticias\/guia-2025-george-russell-sobe-hierarquia-assume-desafio-liderar-mercedes\/\">Russell sobe na hierarquia e assume desafio de liderar Mercedes<\/a><br>+\u00a0<a href=\"https:\/\/www.grandepremio.com\/br\/f1\/noticias\/guia-2025-ferrari-assume-risco-ceu-inferno-nome-titulo-formula-1\/\">GUIA 2025:\u00a0<\/a><a href=\"https:\/\/www.grandepremio.com\/br\/f1\/noticias\/guia-2025-andrea-kimi-antonelli-trajetoria-f1-pressao-meio-mundo-costas-mercedes\/\">Antonelli come\u00e7a trajet\u00f3ria na F1 com press\u00e3o de meio mundo nas costas<\/a><br>+\u00a0<a href=\"https:\/\/www.grandepremio.com\/br\/f1\/noticias\/guia-2025-red-bull-esquecer-tormenta-max-verstappen-norte-rumo-calmaria\/\">GUIA 2025:\u00a0<\/a><a href=\"https:\/\/www.grandepremio.com\/br\/f1\/noticias\/guia-2025-racing-bulls-tenta-disfarcar-rotulo-equipe-secundaria-inevitavel\/\"><\/a><a href=\"https:\/\/www.grandepremio.com\/br\/f1\/noticias\/guia-2025-racing-bulls-tenta-disfarcar-rotulo-equipe-secundaria-inevitavel\/\">Racing Bulls tenta disfar\u00e7ar, mas r\u00f3tulo de equipe secund\u00e1ria \u00e9 inevit\u00e1vel<\/a><br>+\u00a0<a href=\"https:\/\/www.grandepremio.com\/br\/f1\/noticias\/guia-2025-liam-lawson-chega-red-bull-sob-pressao-liga-modo-sobrevivencia\/\">GUIA 2025:\u00a0<\/a><a href=\"https:\/\/www.grandepremio.com\/br\/f1\/noticias\/guia-2025-yuki-tsunoda-isack-hadjar-vivem-fases-opostas-arvid-lindblad-a-sombra-racing-bulls\/\"><\/a><a href=\"https:\/\/www.grandepremio.com\/br\/f1\/noticias\/guia-2025-yuki-tsunoda-isack-hadjar-vivem-fases-opostas-arvid-lindblad-a-sombra-racing-bulls\/\">\u00a0Tsunoda e Hadjar vivem fases opostas com Lindblad \u00e0 sombra na Racing Bulls<\/a><\/strong><\/p>\n\n\n\n<p class=\"wp-block-paragraph\">&#8220;Mas posso imaginar como \u00e9 para um novato, entendo o qu\u00e3o dif\u00edcil isso torna as coisas e o qu\u00e3o complicado o in\u00edcio da temporada ser\u00e1 para alguns desses caras. Ao mesmo tempo, se voc\u00ea puder obter um carro TPC <strong>[testes de carros anteriores, na sigla em ingl\u00eas]<\/strong> que seja relevante, isso ainda pode ajudar muito. Mas experi\u00eancia \u00e9 experi\u00eancia, e voc\u00ea s\u00f3 ganha na pista com um carro de verdade que voc\u00ea vai pilotar naquele ano&#8221;, emendou o piloto de 30 anos.<\/p>\n\n\n\n<p class=\"wp-block-paragraph\">Sainz sugeriu que FIA e F1 equilibrem melhor os or\u00e7amentos das equipes para que o dinheiro seja investido em mais dias de testes, ao contr\u00e1rio do alto investimento com simuladores de corrida.<\/p>\n\n\n\n<p class=\"wp-block-paragraph\">&#8220;Voc\u00ea tem muitas equipes gastando quantias infinitas de dinheiro em simuladores, tem pilotos voando para o <strong>Reino Unido<\/strong> de <strong>M\u00f4naco<\/strong> para ir a um simulador. E eu n\u00e3o entendo por que temos tr\u00eas dias de testes quando todo esse dinheiro poderia ser investido em, n\u00e3o sei, oito dias de testes&#8221;, opinou o piloto da <strong>Williams<\/strong>.<\/p>\n\n\n\n<figure class=\"wp-block-image size-large\"><img decoding=\"async\" src=\"https:\/\/www.grandepremio.com\/br\/wp-content\/uploads\/2025\/03\/GlDAA3YWoAARwZ3-1200x800.jpeg\" alt=\"\" class=\"wp-image-934124\"\/><figcaption class=\"wp-element-caption\">Carlos Sainz (Foto: Pirelli)<\/figcaption><\/figure>\n\n\n\n<p class=\"wp-block-paragraph\"><strong>LEIA MAIS<\/strong><br><strong>+\u00a0<a href=\"https:\/\/www.grandepremio.com\/br\/f1\/noticias\/guia-2025-gabriel-bortoleto-olhos-brasil-chance-futuro-grande-mas-presente-duro\/\">GUIA 2025:\u00a0<\/a><a href=\"https:\/\/www.grandepremio.com\/br\/f1\/noticias\/guia-2025-lewis-hamilton-ferrari-roubam-cena-casamento-ja-deu-certo-f1\/\">Hamilton e Ferrari roubam cena em casamento que j\u00e1 deu certo na F1<\/a><br>+\u00a0<a href=\"https:\/\/www.grandepremio.com\/br\/f1\/noticias\/guia-2025-ferrari-assume-risco-ceu-inferno-nome-titulo-formula-1\/\">GUIA 2025: Ferrari assume risco de ir do c\u00e9u ao inferno em nome do t\u00edtulo na\u00a0<\/a><a href=\"https:\/\/www.grandepremio.com\/br\/f1\/\" target=\"_blank\" rel=\"noreferrer noopener\">F\u00f3rmula 1<\/a><br>+\u00a0<a href=\"https:\/\/www.grandepremio.com\/br\/f1\/noticias\/guia-2025-red-bull-esquecer-tormenta-max-verstappen-norte-rumo-calmaria\/\">GUIA 2025:\u00a0<\/a><a href=\"https:\/\/www.grandepremio.com\/br\/f1\/noticias\/guia-2025-charles-leclerc-tarefa-ingloria-responder-euforia-lewis-hamilton-pista\/\">Leclerc encara tarefa ingl\u00f3ria de responder euforia por Hamilton na pista<\/a><br>+\u00a0<a href=\"https:\/\/www.grandepremio.com\/br\/f1\/noticias\/guia-2025-liam-lawson-chega-red-bull-sob-pressao-liga-modo-sobrevivencia\/\">GUIA 2025:\u00a0<\/a><a href=\"https:\/\/www.grandepremio.com\/br\/f1\/noticias\/guia-2025-sem-lewis-hamilton-mercedes-precisa-novo-cnpj-para-sair-mediocridade-formula-1\/\">Sem Hamilton, Mercedes precisa de novo CNPJ para sair da mediocridade na F1<\/a><\/strong><\/p>\n\n\n\n<p class=\"wp-block-paragraph\">&#8220;N\u00e3o estou pedindo muito, oito a 10 dias para tudo. H\u00e1 lugares para testar? \u00c9 bom ter um teste coletivo, acho que isso precisa continuar, mas minha proposta seria o n\u00famero de dias no teto or\u00e7ament\u00e1rio, o simulador tamb\u00e9m e ver onde as equipes querem gastar seu dinheiro, se \u00e9 no simulador ou em 10 dias de teste&#8221;.<\/p>\n\n\n\n<p class=\"wp-block-paragraph\">&#8220;Os novatos se beneficiariam, e acho que as equipes de F1 se beneficiariam\u00a0porque, mesmo que os simuladores sejam bons, eles n\u00e3o s\u00e3o t\u00e3o bons quanto alguns engenheiros ou pessoas tendem a acreditar que s\u00e3o. Ent\u00e3o, eu prefiro poder testar mais do que ter o dinheiro e usar o simulador&#8221;, concluiu Sainz.<\/p>\n\n\n\n<p class=\"wp-block-paragraph\">A\u00a0<strong><a href=\"https:\/\/www.grandepremio.com\/br\/f1\/\" target=\"_blank\" rel=\"noreferrer noopener\"><\/a><a href=\"https:\/\/www.grandepremio.com\/br\/f1\/\" target=\"_blank\" rel=\"noreferrer noopener\">F\u00f3rmula 1<\/a><\/strong>\u00a0abre a temporada 2025 entre os dias 13 e 16 de mar\u00e7o, no\u00a0<strong>GP da Austr\u00e1lia<\/strong>, em Melbourne. O\u00a0<strong>GRANDE PR\u00caMIO<\/strong>\u00a0acompanha todas as atividades\u00a0<strong><a href=\"https:\/\/www.grandepremio.com\/br\/f1\/ao-vivo\" target=\"_blank\" rel=\"noreferrer noopener\">AO VIVO E EM TEMPO REAL<\/a><\/strong>. O TL1 est\u00e1 marcado para a noite ainda da quinta-feira (13), a partir das 22h30. O TL2 come\u00e7a j\u00e1 depois da 0h e, portanto, na madrugada da sexta-feira (14), \u00e0s 2h. Depois, a situa\u00e7\u00e3o se repete com o TL3 realizado \u00e0s 22h30 da sexta-feira, enquanto a classifica\u00e7\u00e3o define o grid de largada come\u00e7ando \u00e0s 2h do s\u00e1bado (15). Por fim, a largada est\u00e1 marcada para a 1h do domingo (16). Tanto classifica\u00e7\u00e3o quanto corrida ter\u00e3o\u00a0<strong><a href=\"https:\/\/www.youtube.com\/@GrandePremio1\/streams\" target=\"_blank\" rel=\"noreferrer noopener\">transmiss\u00e3o do GP em SEGUNDA TELA no YouTube<\/a><\/strong>, em parceria com a Voz do Esporte. O Briefing chega para comentar na GPTV ap\u00f3s o fim de cada dia de atividades.<\/p>\n\n\n\n<p class=\"wp-block-paragraph\"><strong>\u25b6\ufe0f<\/strong>\u00a0<strong>Inscreva-se nos dois canais do GRANDE PR\u00caMIO no YouTube:\u00a0<a href=\"https:\/\/www.youtube.com\/channel\/UC9OlHEgxoaY6QY6nWPoiqQg?sub_confirmation=1\" target=\"_blank\" rel=\"noreferrer noopener\">GP<\/a>\u00a0|\u00a0<a href=\"https:\/\/www.youtube.com\/channel\/UC9csiS6q_C3C0FYhyr1rnFA?sub_confirmation=1\" target=\"_blank\" rel=\"noreferrer noopener\">GP2<\/a><\/strong><\/p>\n\n\n\n<figure class=\"wp-block-embed is-type-video is-provider-youtube wp-block-embed-youtube wp-embed-aspect-16-9 wp-has-aspect-ratio\"><div class=\"wp-block-embed__wrapper\">\n<iframe loading=\"lazy\" title=\"GUIA F1 2025: BRASIL DE VOLTA E HAMILTON NA FERRARI NOS 75 ANOS: TUDO DA NOVA TEMPORADA\" width=\"500\" height=\"281\" src=\"https:\/\/www.youtube.com\/embed\/Kh-lQqTQ-Ws?feature=oembed\" frameborder=\"0\" allow=\"accelerometer; autoplay; clipboard-write; encrypted-media; gyroscope; picture-in-picture; web-share\" referrerpolicy=\"strict-origin-when-cross-origin\" allowfullscreen><\/iframe>\n<\/div><\/figure>\n","protected":false},"excerpt":{"rendered":"<p>Novo diretor da Associa\u00e7\u00e3o de Pilotos de Grand Prix\u00a0(GPDA), Carlos Sainz apoiou reclama\u00e7\u00f5es de novatos, sugeriu altera\u00e7\u00e3o nos investimentos das equipes e disse que precisa de mais tempo para testar carros antes do in\u00edcio da temporada na F\u00f3rmula 1<\/p>\n","protected":false},"author":0,"featured_media":1000931882,"comment_status":"closed","ping_status":"closed","sticky":false,"template":"","format":"standard","meta":{"42wp_featured_image_caption":"","42wp_featured_image_credits":"","42wp_featured_video":"","42wp_featured_image_hidden":false,"42wp_authors_list":[],"footnotes":""},"categories":[2],"tags":[1667,26271,546,5273,147,3630,103,180,3628,350,7451,1491,28285,30840,28104,35129,42001,215],"42wp_author":[47161],"class_list":["post-28324","post","type-post","status-publish","format-standard","has-post-thumbnail","hentry","category-f1","tag-bahrein","tag-calendario-f1","tag-carlos-sainz","tag-classificacao-f1","tag-f1","tag-f1-2025","tag-fia","tag-formula-1","tag-formula-1-2025","tag-gabriel-bortoleto","tag-gpda","tag-grande-premio","tag-grandepremio","tag-horarios-f1","tag-isack-hadjar","tag-onde-assistir-f1","tag-temporada-2025-f1","tag-williams","42wp_author-kaio-esteves"],"_links":{"self":[{"href":"https:\/\/grandepremio.com\/br\/wp-json\/wp\/v2\/posts\/28324","targetHints":{"allow":["GET"]}}],"collection":[{"href":"https:\/\/grandepremio.com\/br\/wp-json\/wp\/v2\/posts"}],"about":[{"href":"https:\/\/grandepremio.com\/br\/wp-json\/wp\/v2\/types\/post"}],"replies":[{"embeddable":true,"href":"https:\/\/grandepremio.com\/br\/wp-json\/wp\/v2\/comments?post=28324"}],"version-history":[{"count":0,"href":"https:\/\/grandepremio.com\/br\/wp-json\/wp\/v2\/posts\/28324\/revisions"}],"wp:featuredmedia":[{"embeddable":true,"href":"https:\/\/grandepremio.com\/br\/wp-json\/wp\/v2\/media\/1000931882"}],"wp:attachment":[{"href":"https:\/\/grandepremio.com\/br\/wp-json\/wp\/v2\/media?parent=28324"}],"wp:term":[{"taxonomy":"category","embeddable":true,"href":"https:\/\/grandepremio.com\/br\/wp-json\/wp\/v2\/categories?post=28324"},{"taxonomy":"post_tag","embeddable":true,"href":"https:\/\/grandepremio.com\/br\/wp-json\/wp\/v2\/tags?post=28324"},{"taxonomy":"42wp_author","embeddable":true,"href":"https:\/\/grandepremio.com\/br\/wp-json\/wp\/v2\/42wp_author?post=28324"}],"curies":[{"name":"wp","href":"https:\/\/api.w.org\/{rel}","templated":true}]}}