{"id":28600,"date":"2025-03-11T04:45:00","date_gmt":"2025-03-11T07:45:00","guid":{"rendered":"https:\/\/grandepremio.com\/br\/noticias\/guia-2025-aston-martin-sofre-projeto-adrian-newey-tabua-salvacao-formula-1\/"},"modified":"2025-03-11T08:17:48","modified_gmt":"2025-03-11T11:17:48","slug":"guia-2025-aston-martin-sofre-projeto-adrian-newey-tabua-salvacao-formula-1","status":"publish","type":"post","link":"https:\/\/grandepremio.com\/br\/f1\/guia-2025-aston-martin-sofre-projeto-adrian-newey-tabua-salvacao-formula-1\/","title":{"rendered":"GUIA 2025: Aston Martin sofre com projeto e v\u00ea Newey como t\u00e1bua de salva\u00e7\u00e3o na F1"},"content":{"rendered":"\n<p class=\"wp-block-paragraph\">Depois de sentir o gostinho do que \u00e9 ser uma equipe competitiva no in\u00edcio de 2023, a <strong>Aston Martin<\/strong> se mostrou completamente perdida com o projeto da <strong>F\u00f3rmula 1<\/strong>. E o \u00faltimo campeonato deixou a bagun\u00e7a ainda mais escancarada. Com um <strong>AMR24 <\/strong>que no in\u00edcio at\u00e9 deu ind\u00edcios de que poderia incomodar <strong>Mercedes <\/strong>e <strong>McLaren <\/strong>\u2014 que \u00e0quela altura eram terceira e quarta for\u00e7a do grid \u2014, o time se perdeu na corrida de desenvolvimento e teve uma campanha completamente esquec\u00edvel em 2024. Agora, vive \u00e0 espera dos milagres de <strong>Adrian Newey<\/strong> para sonhar em fazer algo not\u00f3rio no esporte.<\/p>\n\n\n\n<p class=\"wp-block-paragraph\"><strong>\u25b6\ufe0f Inscreva-se nos dois canais do GRANDE PR\u00caMIO no YouTube:\u00a0<a href=\"https:\/\/www.youtube.com\/channel\/UC9OlHEgxoaY6QY6nWPoiqQg?sub_confirmation=1\" target=\"_blank\" rel=\"noreferrer noopener\">GP<\/a>\u00a0|\u00a0<a href=\"https:\/\/www.youtube.com\/channel\/UC9csiS6q_C3C0FYhyr1rnFA?sub_confirmation=1\" target=\"_blank\" rel=\"noreferrer noopener\">GP2<\/a><\/strong><br><strong>\u25b6\ufe0f LEIA TAMB\u00c9M: <strong><a href=\"https:\/\/www.grandepremio.com\/br\/f1\/noticias\/guia-2025-fernando-alonso-aposta-adrian-newey-aston-martin-cartada-final-carreira\/\">GUIA 2025: Alonso tem chegada de Newey como cartada final da carreira na F1<\/a><\/strong><\/strong><\/p>\n\n\n\n<p class=\"wp-block-paragraph\">Desde que passou a fazer parte do grid da F1 em 2021, quando assumiu o lugar da<strong> Racing Point<\/strong>, a<strong> Aston Martin<\/strong>, por meio do dono<strong> Lawrence Stroll<\/strong>, vive pregando ambi\u00e7\u00e3o do projeto na categoria e desejo de ser uma equipe vencedora. E de fato o que n\u00e3o falta \u00e9 investimento em infraestrutura e contrata\u00e7\u00e3o de funcion\u00e1rios. A nova sede, <a href=\"https:\/\/www.grandepremio.com\/br\/f1\/noticias\/aston-martin-inaugura-fabrica-silverstone-demonstracao-lance-stroll\/\">que foi inaugurada em meados de 2023<\/a>, recebeu<a href=\"https:\/\/www.grandepremio.com\/br\/f1\/noticias\/com-investimento-r-15-bilhao-aston-martin-inicia-construcao-de-nova-sede-em-silverstone\/\"> aporte bilion\u00e1rio<\/a> e, al\u00e9m de uma \u00e1rea total de&nbsp;400.000 m\u00b2, conta com um t\u00fanel de vento de \u00faltima gera\u00e7\u00e3o.<\/p>\n\n\n\n<p class=\"wp-block-paragraph\">Por\u00e9m, nem toda a estrutura e contrata\u00e7\u00e3o de pilotos de ponta, como foi com <strong>Sebastian Vettel<\/strong> no in\u00edcio do projeto e, posteriormente, com <strong>Fernando Alonso<\/strong>, traduziram o investimento em resultados \u2014 ainda que alguns p\u00f3dios tenham sido conquistados com o espanhol no in\u00edcio de 2023. E tudo ficou mais claro nos \u00faltimos anos.<\/p>\n\n\n\n<figure class=\"wp-block-video\"><video class=\"video-js vjs-big-play-centered\" data-gp-vjs=\"1\" controls poster=\"https:\/\/www.grandepremio.com\/br\/cdn-cgi\/image\/width=1200,height=675,fit=contain,gravity=0.5x0.5,quality=75,format=webp\/wp-content\/uploads\/2025\/02\/ssstwitter.com_1740330044625-poster.jpeg\" src=\"https:\/\/www.grandepremio.com\/br\/wp-content\/uploads\/2025\/02\/ssstwitter.com_1740330044625.mp4\"><\/video><figcaption class=\"wp-element-caption\">O lan\u00e7amento do AMR25 da Aston Martin (V\u00eddeo: Reprodu\u00e7\u00e3o \/ Aston Martin)<\/figcaption><\/figure>\n\n\n\n<p class=\"wp-block-paragraph\"><strong>LEIA MAIS<\/strong><br><strong>+ <a href=\"https:\/\/www.grandepremio.com\/br\/f1\/noticias\/guia-2025-gabriel-bortoleto-olhos-brasil-chance-futuro-grande-mas-presente-duro\/\">GUIA 2025: Bortoleto tem olhos do Brasil e chance de futuro grande. Mas presente \u00e9 duro<\/a><br>+ <a href=\"https:\/\/www.grandepremio.com\/br\/f1\/noticias\/guia-2025-gabriel-bortoleto-sauber-acerta-dupla-problemas-muito-alem-adeus\/\">GUIA 2025: Com Bortoleto, Sauber acerta na dupla, mas problemas v\u00e3o muito al\u00e9m no adeus<\/a><br>+ <a href=\"https:\/\/www.grandepremio.com\/br\/f1\/noticias\/guia-2025-red-bull-esquecer-tormenta-max-verstappen-norte-rumo-calmaria\/\">GUIA 2025: Red Bull tenta esquecer tormenta e tem Verstappen como norte rumo \u00e0 calmaria<\/a><br>+ <a href=\"https:\/\/www.grandepremio.com\/br\/f1\/noticias\/guia-2025-liam-lawson-chega-red-bull-sob-pressao-liga-modo-sobrevivencia\/\">GUIA 2025: Lawson chega \u00e0 Red Bull sob press\u00e3o e liga \u2018modo sobreviv\u00eancia\u2019<\/a><\/strong><\/p>\n\n\n\n<p class=\"wp-block-paragraph\">Em 2023, o time come\u00e7ou muito bem. <strong>Alonso <\/strong>era presen\u00e7a frequente no p\u00f3dio e s\u00f3 perdia para as imbat\u00edveis <strong>Red Bull <\/strong>de <strong>Max Verstappen<\/strong> e<strong> Sergio P\u00e9rez<\/strong>. <strong>Lance Stroll<\/strong>, enquanto isso, tamb\u00e9m conseguiu alguns resultados positivos naquele in\u00edcio de temporada. Mas a <strong>Aston Martin<\/strong> se perdeu na competi\u00e7\u00e3o, desenvolveu atualiza\u00e7\u00f5es que tornaram o carro pior e encerrou o certame como quinta for\u00e7a do grid.<\/p>\n\n\n\n<p class=\"wp-block-paragraph\">Existia, por\u00e9m, uma grande expectativa de que as coisas poderiam voltar aos trilhos em 2024. N\u00e3o voltaram. O primeiro banho de \u00e1gua fria veio logo na primeira etapa, no <strong>Bahrein<\/strong>, quando <strong>Alonso <\/strong>e <strong>Stroll <\/strong>foram nono e d\u00e9cimo, respectivamente. Nas corridas seguintes, o bicampe\u00e3o conseguiu alguns resultados melhores e foi uma pedra no sapato principalmente de <strong>Mercedes <\/strong>e <strong>McLaren<\/strong>. S\u00f3 que, a partir do <strong>GP da Em\u00edlia-Romanha<\/strong>, s\u00e9tima etapa do calend\u00e1rio, a coisa descambou de vez e at\u00e9 <strong>Fernando <\/strong>teve dificuldades para frequentar a zona de pontos. Desde ent\u00e3o, cruzou a linha de chegada no top-10 em apenas mais oito oportunidades.<\/p>\n\n\n\n<p class=\"wp-block-paragraph\">A situa\u00e7\u00e3o ficou t\u00e3o complicada na <strong>Aston Martin<\/strong>, que Alonso, que outrora era s\u00f3 elogios ao time, admitiu que<a href=\"https:\/\/www.grandepremio.com\/br\/f1\/noticias\/fernando-alonso-admite-falta-motivacao-corridas-f1-2024-nao-foi-como-esperava\/\"> estava desmotivado<\/a> com o projeto da equipe na <strong>F\u00f3rmula 1.<\/strong><\/p>\n\n\n\n<figure class=\"wp-block-image size-large\"><img decoding=\"async\" src=\"https:\/\/www.grandepremio.com\/br\/wp-content\/uploads\/2025\/02\/bahrain-2025-f1-teste-pre-temporada-aston-martin-fernando-alonso-02-2-1200x800.jpg\" alt=\"\" class=\"wp-image-931685\"\/><figcaption class=\"wp-element-caption\">Fernando Alonso admitiu desanimo com o projeto da Aston Martin (Aston Martin)<\/figcaption><\/figure>\n\n\n\n<p class=\"wp-block-paragraph\">\u201cN\u00e3o estava confort\u00e1vel com o carro ou n\u00e3o estava motivado em algumas corridas. Quando n\u00e3o se briga por nada no campeonato ou n\u00e3o est\u00e1 motivado, a energia baixa um pouco. Certamente, n\u00e3o foi como esper\u00e1vamos ou prev\u00edamos. As expectativas eram altas depois do que fizemos em 2023. Come\u00e7amos bem no in\u00edcio deste ano, mas n\u00e3o conseguimos melhorar o carro durante o campeonato\u201d, disse ao Chequered Flag, podcast da rede brit\u00e2nica BBC.<\/p>\n\n\n\n<p class=\"wp-block-paragraph\">\u201cAndamos no meio do pelot\u00e3o a maior parte de 2024, mas terminamos a temporada um pouco mais atr\u00e1s. Algumas fases do campeonato foram decepcionantes em geral, mas terminamos em quinto nos <strong>Construtores<\/strong>, que era o m\u00ednimo requerido\u201d, lamentou o espanhol.<\/p>\n\n\n\n<p class=\"wp-block-paragraph\">Mas o cen\u00e1rio tende a ser melhor para 2025 devido \u00e0 reestrutura\u00e7\u00e3o \u2014  mais uma \u2014  que a <strong>Aston Martin <\/strong>est\u00e1 passando. Insatisfeita com os resultados dos \u00faltimos anos, a equipe promoveu uma mudan\u00e7a na chefia e colocou <strong>Andy Cowell<\/strong> no posto de dirigente no lugar de <strong>Mike Krack<\/strong>. <strong>Cowell <\/strong>chegou na <strong>Aston Martin<\/strong> no ano passado para substituir <strong>Martin Whitmarsh<\/strong> como CEO e foi respons\u00e1vel pelas unidades de pot\u00eancia que renderam o t\u00edtulo do <strong>Mundial de Construtores<\/strong> para a <strong>Mercedes <\/strong>entre 2014 e 2019. <strong>Krack<\/strong>, por sua vez, foi realocado para a fun\u00e7\u00e3o de diretor de pista.<\/p>\n\n\n\n<p class=\"wp-block-paragraph\"><strong>LEIA MAIS<\/strong><br><strong>+ <a href=\"https:\/\/www.grandepremio.com\/br\/f1\/noticias\/guia-2025-haas-cola-ferrari-busca-manter-boa-forma-sem-nico-hulkenberg\/\">GUIA 2025: Haas cola na Ferrari e busca manter boa forma mesmo sem H\u00fclkenberg<\/a><br>+ <a href=\"https:\/\/www.grandepremio.com\/br\/f1\/noticias\/guia-2025-oliver-bearman-chega-haas-embalado-desafio-cair-gracas-esteban-ocon\/\">GUIA 2025: Bearman chega \u00e0 Haas embalado, mas desafio n\u00ba 1 \u00e9 cair nas gra\u00e7as de Ocon<\/a><br>+\u00a0<a href=\"https:\/\/www.grandepremio.com\/br\/f1\/noticias\/guia-2025-max-verstappen-busca-penta-f1-tempos-desconfianca-red-bull\">GUIA 2025: Verstappen busca penta da F1 em tempos de desconfian\u00e7a na Red Bull<\/a><br>+\u00a0<a href=\"https:\/\/www.grandepremio.com\/br\/f1\/noticias\/guia-2025-fia-se-enrola-asas-flexiveis-cria-caso-poucas-mudancas-formula-1\">GUI<\/a><a href=\"https:\/\/www.grandepremio.com\/br\/f1\/noticias\/guia-2025-f1-chega-aos-75-ano-promete-lewis-hamilton-ferrari-brasil-grid-gabriel-bortoleto\">A 2025: F1 chega aos 75 em ano que promete com Hamilton-Ferrari e Brasil no grid<\/a><\/strong><\/p>\n\n\n\n<figure class=\"wp-block-image size-large\"><img decoding=\"async\" src=\"https:\/\/www.grandepremio.com\/br\/wp-content\/uploads\/2024\/09\/adrian-newey-aston-martin-2025-1200x780.jpg\" alt=\"\" class=\"wp-image-865706\"\/><figcaption class=\"wp-element-caption\">Aston Martin agora aposta as fichas em Adrian Newey (Foto: Aston Martin)<\/figcaption><\/figure>\n\n\n\n<p class=\"wp-block-paragraph\">Mas a maior esperan\u00e7a da <strong>Aston Martin<\/strong> est\u00e1 depositada em <strong>Adrian Newey<\/strong>, que recusou a oferta da <strong>Ferrari <\/strong>e se juntou ao time de <strong>Silverstone <\/strong>depois de deixar a <strong>Red Bull<\/strong>. <a href=\"https:\/\/www.grandepremio.com\/br\/f1\/noticias\/aston-martin-encerra-novela-anuncia-adrian-newey-busca-proximo-passo-f1\/\">Contratado a pre\u00e7o de ouro<\/a>, o \u2018Mago da Aerodin\u00e2mica\u2019 tem passagens vitoriosas por praticamente todas as equipes que trabalhou e vai receber nada menos que \u00a3 30 milh\u00f5es [cerca de R$ 220 milh\u00f5es na cota\u00e7\u00e3o atual] por ano.<\/p>\n\n\n\n<p class=\"wp-block-paragraph\">Embora o an\u00fancio tenha sido feito no ano passado, <strong>Newey <\/strong>precisou esperar o per\u00edodo de car\u00eancia e s\u00f3 come\u00e7ou a trabalhar com a <strong>Aston Martin<\/strong> <a href=\"https:\/\/www.grandepremio.com\/br\/f1\/noticias\/adrian-newey-inicia-trabalhos-aston-martin-mira-desenvolver-fluxo-criativo-colegas\/\">em mar\u00e7o de 2025<\/a>, ap\u00f3s a pr\u00e9-temporada. Por isso, n\u00e3o teve envolvimento algum com o <strong>AMR25 <\/strong>que, por sinal, parece ser pior que o modelo antecessor. Uma prova disso foram os dias complicados no <strong>Bahrein<\/strong>, em que al\u00e9m de ser uma das equipes com menor quilometragem, teve resultados um tanto discretos.<\/p>\n\n\n\n<p class=\"wp-block-paragraph\">Com um regulamento completamente novo em 2026 e um carro que n\u00e3o nasceu bem em 2025, \u00e9 dif\u00edcil imaginar que a <strong>Aston Martin<\/strong> vai investir muito tempo no desenvolvimento de um <strong>AMR25 <\/strong>que dificilmente brigar\u00e1 por p\u00f3dios. Inclusive, a escuderia brit\u00e2nica j\u00e1 informou que est\u00e1 trabalhando em uma organiza\u00e7\u00e3o <a href=\"https:\/\/www.grandepremio.com\/br\/f1\/noticias\/aston-martin-mira-organizacao-mais-enxuta-eficiente-para-adrian-newey-criar-carro-2026\/\">\u201cmais enxuta e eficiente\u201d<\/a> para que <strong>Adrian <\/strong>crie o carro do pr\u00f3ximo ano. No entanto, <strong>Newey <\/strong>pode sim, impactar positivamente no desenvolvimento de atualiza\u00e7\u00f5es do b\u00f3lido para ajudar o time a terminar 2025 em alta, ele mesmo fala em &#8220;<a href=\"https:\/\/www.grandepremio.com\/br\/f1\/noticias\/adrian-newey-foca-2026-assume-aston-martin-vai-querer-palpite-2025\/\">dar palpites<\/a>&#8220;. Foi Newey, afinal, o respons\u00e1vel maior pelo assombroso RB19 da <strong>Red Bull<\/strong>, que venceu 21 das 22 corridas de 2023. E considerando o decl\u00ednio dos energ\u00e9ticos ap\u00f3s a sa\u00edda do projetista, d\u00e1 para ver o dom\u00ednio que Adrian tem sob o regulamento atual.<\/p>\n\n\n\n<p class=\"wp-block-paragraph\">O time, por\u00e9m, tamb\u00e9m precisa entender que um engenheiro sozinho, por mais talentoso que seja, n\u00e3o consegue fazer milagres e, al\u00e9m de um corpo t\u00e9cnico eficiente, tamb\u00e9m \u00e9 preciso de pilotos que correspondam \u00e0 altura. E <strong>Alonso <\/strong>at\u00e9 faz esse trabalho de forma primorosa quando est\u00e1 motivado e tem um bom carro em m\u00e3os. O mesmo n\u00e3o pode ser dito de Stroll.<\/p>\n\n\n\n<p class=\"wp-block-paragraph\"><strong>Lance <\/strong>s\u00f3 segue na <strong>Aston Martin <\/strong>porque a equipe pertence ao pai, <strong>Lawrence<\/strong>. Mas na verdade, s\u00e3o in\u00fameras as situa\u00e7\u00f5es em que o canadense d\u00e1 a entender que sequer gostaria de estar por ali \u2014 a falta de paci\u00eancia com a m\u00eddia e as respostas curtas nas entrevistas s\u00e3o um indicativo disso. Ainda, mostrou que, mesmo quando tem um carro bom em m\u00e3os, \u00e9 incapaz de conquistar resultados satisfat\u00f3rios \u2014 e isso ficou muito claro principalmente em 2023. O problema, por\u00e9m, n\u00e3o se resume \u00e0 falta de performance. O <strong>GRANDE PR\u00caMIO<\/strong> apurou que parte do corpo t\u00e9cnico da<strong> Aston Martin<\/strong> tem <a href=\"https:\/\/www.grandepremio.com\/br\/f1\/noticias\/lance-stroll-fritura-interna-esfriar-apos-queda-desempenho-aston-martin-f1\/\">relacionamento conturbado<\/a> com <strong>Lance Stroll<\/strong> e reclama que o canadense n\u00e3o sabe dar feedbacks e n\u00e3o contribui com a evolu\u00e7\u00e3o do carro.<\/p>\n\n\n\n<p class=\"wp-block-paragraph\">Ou seja, <strong>Newey <\/strong>pode ser uma pe\u00e7a vital para o crescimento da <strong>Aston Martin<\/strong> na <strong>F\u00f3rmula 1<\/strong>, mas, se deseja ser levado a s\u00e9rio a ponto de ser considerado em uma briga por t\u00edtulo, o time de <strong>Lawrence Stroll<\/strong> precisa rever a forma\u00e7\u00e3o de pilotos e contratar um segundo nome que tamb\u00e9m ajude no desenvolvimento do carro. N\u00e3o d\u00e1 para colocar tudo nas costas de Alonso.<\/p>\n\n\n\n<p class=\"wp-block-paragraph\">A&nbsp;<strong><a href=\"https:\/\/www.grandepremio.com\/br\/f1\/\" target=\"_blank\" rel=\"noreferrer noopener\"><\/a><a href=\"https:\/\/www.grandepremio.com\/br\/f1\/\" target=\"_blank\" rel=\"noreferrer noopener\">F\u00f3rmula 1<\/a><\/strong>&nbsp;abre a temporada 2025 entre os dias 13 e 16 de mar\u00e7o, no&nbsp;<strong>GP da Austr\u00e1lia<\/strong>, em Melbourne. O&nbsp;<strong>GRANDE PR\u00caMIO<\/strong>&nbsp;acompanha todas as atividades&nbsp;<strong><a href=\"https:\/\/www.grandepremio.com\/br\/f1\/ao-vivo\" target=\"_blank\" rel=\"noreferrer noopener\">AO VIVO E EM TEMPO REAL<\/a><\/strong>. O TL1 est\u00e1 marcado para a noite ainda da quinta-feira (13), a partir das 22h30. O TL2 come\u00e7a j\u00e1 depois da 0h e, portanto, na madrugada da sexta-feira (14), \u00e0s 2h. Depois, a situa\u00e7\u00e3o se repete com o TL3 realizado \u00e0s 22h30 da sexta-feira, enquanto a classifica\u00e7\u00e3o define o grid de largada come\u00e7ando \u00e0s 2h do s\u00e1bado (15). Por fim, a largada est\u00e1 marcada para a 1h do domingo (16). Tanto classifica\u00e7\u00e3o quanto corrida ter\u00e3o&nbsp;<strong><a href=\"https:\/\/www.youtube.com\/@GrandePremio1\/streams\" target=\"_blank\" rel=\"noreferrer noopener\">transmiss\u00e3o do GP em SEGUNDA TELA no YouTube<\/a><\/strong>, em parceria com a Voz do Esporte. O Briefing chega para comentar na GPTV ap\u00f3s o fim de cada dia de atividades.<\/p>\n\n\n\n<figure class=\"wp-block-embed is-type-video is-provider-youtube wp-block-embed-youtube wp-embed-aspect-16-9 wp-has-aspect-ratio\"><div class=\"wp-block-embed__wrapper\">\n<iframe loading=\"lazy\" title=\"F1 VOLTA COM TODOS CONTRA VERSTAPPEN: QUEM PODER\u00c1 IMPEDIR PENTA EM 2025? | PADDOCK GP #406\" width=\"500\" height=\"281\" src=\"https:\/\/www.youtube.com\/embed\/XtLt6O-6XKQ?feature=oembed\" frameborder=\"0\" allow=\"accelerometer; autoplay; clipboard-write; encrypted-media; gyroscope; picture-in-picture; web-share\" referrerpolicy=\"strict-origin-when-cross-origin\" allowfullscreen><\/iframe>\n<\/div><\/figure>\n","protected":false},"excerpt":{"rendered":"<p>Por mais que tenha conseguido algum destaque em 2023, a Aston Martin se mostrou perdida com o projeto na F\u00f3rmula 1 e vive \u00e0 espera de Adrian Newey para atingir o objetivo de ser grande no esporte. E o \u2018Mago da Aerodin\u00e2mica\u2019 at\u00e9 pode chegar para somar, mas a equipe tamb\u00e9m precisa ter um olhar mais atento com o segundo piloto<\/p>\n","protected":false},"author":0,"featured_media":1000933052,"comment_status":"closed","ping_status":"closed","sticky":false,"template":"","format":"standard","meta":{"42wp_featured_image_caption":"","42wp_featured_image_credits":"","42wp_featured_video":"","42wp_featured_image_hidden":false,"42wp_authors_list":[],"footnotes":""},"categories":[2],"tags":[3547,303,309,147,3630,176,3628,1491,28285,485,454,30559,32151,13632,42001],"42wp_author":[47149],"class_list":["post-28600","post","type-post","status-publish","format-standard","has-post-thumbnail","hentry","category-f1","tag-adrian-newey","tag-andy-cowell","tag-aston-martin","tag-f1","tag-f1-2025","tag-fernando-alonso","tag-formula-1-2025","tag-grande-premio","tag-grandepremio","tag-lance-stroll","tag-lawrence-stroll","tag-mike-krack","tag-newey","tag-stroll","tag-temporada-2025-f1","42wp_author-bernardo-castro"],"_links":{"self":[{"href":"https:\/\/grandepremio.com\/br\/wp-json\/wp\/v2\/posts\/28600","targetHints":{"allow":["GET"]}}],"collection":[{"href":"https:\/\/grandepremio.com\/br\/wp-json\/wp\/v2\/posts"}],"about":[{"href":"https:\/\/grandepremio.com\/br\/wp-json\/wp\/v2\/types\/post"}],"replies":[{"embeddable":true,"href":"https:\/\/grandepremio.com\/br\/wp-json\/wp\/v2\/comments?post=28600"}],"version-history":[{"count":0,"href":"https:\/\/grandepremio.com\/br\/wp-json\/wp\/v2\/posts\/28600\/revisions"}],"wp:featuredmedia":[{"embeddable":true,"href":"https:\/\/grandepremio.com\/br\/wp-json\/wp\/v2\/media\/1000933052"}],"wp:attachment":[{"href":"https:\/\/grandepremio.com\/br\/wp-json\/wp\/v2\/media?parent=28600"}],"wp:term":[{"taxonomy":"category","embeddable":true,"href":"https:\/\/grandepremio.com\/br\/wp-json\/wp\/v2\/categories?post=28600"},{"taxonomy":"post_tag","embeddable":true,"href":"https:\/\/grandepremio.com\/br\/wp-json\/wp\/v2\/tags?post=28600"},{"taxonomy":"42wp_author","embeddable":true,"href":"https:\/\/grandepremio.com\/br\/wp-json\/wp\/v2\/42wp_author?post=28600"}],"curies":[{"name":"wp","href":"https:\/\/api.w.org\/{rel}","templated":true}]}}