{"id":28701,"date":"2025-03-10T08:07:23","date_gmt":"2025-03-10T11:07:23","guid":{"rendered":"https:\/\/grandepremio.com\/br\/noticias\/ferrari-confessa-iniciou-abordagem-lewis-hamilton-gp-monaco-2023\/"},"modified":"2025-03-10T08:21:31","modified_gmt":"2025-03-10T11:21:31","slug":"ferrari-confessa-iniciou-abordagem-lewis-hamilton-gp-monaco-2023","status":"publish","type":"post","link":"https:\/\/grandepremio.com\/br\/f1\/ferrari-confessa-iniciou-abordagem-lewis-hamilton-gp-monaco-2023\/","title":{"rendered":"Ferrari confessa que iniciou abordagem a Hamilton no GP de M\u00f4naco de 2023"},"content":{"rendered":"\n<p class=\"wp-block-paragraph\">O que na ocasi\u00e3o foi tratado como mera especula\u00e7\u00e3o agora foi, de fato, confirmado pela <strong>Ferrari<\/strong>: <strong>Lewis Hamilton<\/strong> come\u00e7ou a conversar com a equipe italiana para uma futura transfer\u00eancia no fim de semana do <strong>GP de M\u00f4naco de 2023<\/strong>. A revela\u00e7\u00e3o foi feita por<strong> Fr\u00e9d\u00e9ric Vasseur<\/strong>, que disse ainda que o heptacampe\u00e3o &#8220;sempre teve a Ferrari na cabe\u00e7a&#8221;.<\/p>\n\n\n\n<p class=\"wp-block-paragraph\">A not\u00edcia da poss\u00edvel negocia\u00e7\u00e3o entre Hamilton e a escuderia de Maranello <a href=\"https:\/\/www.grandepremio.com\/br\/galeria\/f1\/lewis-hamilton-ferrari-negociacao-quente-250-milhoes-temporada-2024-formula-1\/#666467\">surgiu primeiro na imprensa brit\u00e2nica, no tabloide<em> Daily Mail<\/em><\/a>. Na ocasi\u00e3o, o ve\u00edculo noticiou que o time estava disposto a oferecer um contrato de \u00a3 40 milh\u00f5es (R$ 298 milh\u00f5es, na cota\u00e7\u00e3o mais recente) para tir\u00e1-lo da <strong>Mercedes<\/strong>.<\/p>\n\n\n\n<p class=\"wp-block-paragraph\">As partes envolvidas, claro, negaram veementemente a informa\u00e7\u00e3o. De um lado, Hamilton <a href=\"https:\/\/www.grandepremio.com\/br\/f1\/noticias\/lewis-hamilton-tambem-nega-conversas-ferrari-revela-contrato-quase-pronto-mercedes\/\">garantia que n\u00e3o estava em negocia\u00e7\u00e3o com ningu\u00e9m<\/a>, confiando numa renova\u00e7\u00e3o com a esquadra de Brackley \u2014 o que realmente aconteceu. Do outro, Vasseur <a href=\"https:\/\/www.grandepremio.com\/br\/f1\/noticias\/ferrari-nega-procura-lewis-hamilton-garante-nao-enviamos-oferta-conversamos\/\">dizia que todas as conversas que havia tido com Lewis eram &#8220;sobre os \u00faltimos 20 anos&#8221;<\/a>.<\/p>\n\n\n\n<p class=\"wp-block-paragraph\">O tempo tratou de provar que a hist\u00f3ria estava longe de ser infundada. \u00c0 revista francesa <em>AutoHebdo<\/em>, Vasseur relembrou o come\u00e7o da abordagem. &#8220;Come\u00e7amos a falar sobre isso por ocasi\u00e3o do GP de M\u00f4naco de 2023, em 28 de maio \u2014 meu anivers\u00e1rio, para ser mais preciso&#8221;, admitiu. &#8220;Muito rapidamente, entendi que poderia acontecer&#8221;, salientou.<\/p>\n\n\n\n<p class=\"wp-block-paragraph\"><strong>\u25b6\ufe0f<\/strong> <strong>Inscreva-se nos dois canais do GRANDE PR\u00caMIO no YouTube:\u00a0<a href=\"https:\/\/www.youtube.com\/channel\/UC9OlHEgxoaY6QY6nWPoiqQg?sub_confirmation=1\" target=\"_blank\" rel=\"noreferrer noopener\">GP<\/a>\u00a0|\u00a0<a href=\"https:\/\/www.youtube.com\/channel\/UC9csiS6q_C3C0FYhyr1rnFA?sub_confirmation=1\" target=\"_blank\" rel=\"noreferrer noopener\">GP2<\/a><\/strong><\/p>\n\n\n\n<figure class=\"wp-block-video\"><video class=\"video-js vjs-big-play-centered\" data-gp-vjs=\"1\" controls src=\"https:\/\/www.grandepremio.com\/br\/wp-content\/uploads\/2025\/02\/ferrari-lewis-hamilton-side-cam-f1-2025-shakedown.mp4\"><\/video><figcaption class=\"wp-element-caption\">Hamilton em a\u00e7\u00e3o com a Ferrari SF-25 (V\u00eddeo: Ferrari)<\/figcaption><\/figure>\n\n\n\n<p class=\"wp-block-paragraph\">&#8220;Da nossa parte, n\u00e3o foi poss\u00edvel para 2024, porque t\u00ednhamos nossos dois pilotos sob contrato. Um deles, obviamente, era [<strong>Carlos<\/strong>] <strong>Sainz<\/strong>, que foi sacrificado e pego de surpresa pela manobra, pois dava como certa a renova\u00e7\u00e3o com a Ferrari, mas ele soube se antecipar ao resto para digerir a not\u00edcia e decidir seu futuro&#8221;, completou o dirigente.<\/p>\n\n\n\n<p class=\"wp-block-paragraph\">Ainda sobre Hamilton, Vasseur enfatizou que o multicampe\u00e3o &#8220;sempre teve a Ferrari na cabe\u00e7a&#8221;, at\u00e9 que &#8220;finalmente viu a oportunidade real de realizar esse sonho&#8221;.<\/p>\n\n\n\n<p class=\"wp-block-paragraph\">&#8220;Pensei que os planetas estavam se alinhando. Para mim, ter Lewis como parceiro de [<strong>Charles<\/strong>] <strong>Leclerc <\/strong>foi uma pedra a mais na constru\u00e7\u00e3o&#8221;, encerrou.<\/p>\n\n\n\n<p class=\"wp-block-paragraph\">A\u00a0<strong><a href=\"https:\/\/www.grandepremio.com\/br\/f1\/\" target=\"_blank\" rel=\"noreferrer noopener\"><\/a><a href=\"https:\/\/www.grandepremio.com\/br\/f1\/\" target=\"_blank\" rel=\"noreferrer noopener\">F\u00f3rmula 1<\/a><\/strong>\u00a0abre a temporada 2025 entre os dias 13 e 16 de mar\u00e7o, no\u00a0<strong>GP da Austr\u00e1lia<\/strong>, em Melbourne. O\u00a0<strong>GRANDE PR\u00caMIO<\/strong>\u00a0acompanha todas as atividades\u00a0<strong><a href=\"https:\/\/www.grandepremio.com\/br\/f1\/ao-vivo\" target=\"_blank\" rel=\"noreferrer noopener\">AO VIVO E EM TEMPO REAL<\/a><\/strong>. O TL1 est\u00e1 marcado para a noite ainda da quinta-feira (13), a partir das 22h30. O TL2 come\u00e7a j\u00e1 depois da 0h e, portanto, na madrugada da sexta-feira (14), \u00e0s 2h. Depois, a situa\u00e7\u00e3o se repete com o TL3 realizado \u00e0s 22h30 da sexta-feira, enquanto a classifica\u00e7\u00e3o define o grid de largada come\u00e7ando \u00e0s 2h do s\u00e1bado (15). Por fim, a largada est\u00e1 marcada para a 1h do domingo (16). Tanto classifica\u00e7\u00e3o quanto corrida ter\u00e3o\u00a0<strong><a href=\"https:\/\/www.youtube.com\/@GrandePremio1\/streams\" target=\"_blank\" rel=\"noreferrer noopener\">transmiss\u00e3o do GP em SEGUNDA TELA no YouTube<\/a><\/strong>, em parceria com a Voz do Esporte. O Briefing chega para comentar na GPTV ap\u00f3s o fim de cada dia de atividades.<\/p>\n\n\n\n<p class=\"wp-block-paragraph\"><strong>LEIA MAIS<br>+\u00a0<a href=\"https:\/\/www.grandepremio.com\/br\/f1\/noticias\/guia-2025-max-verstappen-busca-penta-f1-tempos-desconfianca-red-bull\">GUIA 2025: Verstappen busca penta da F1 em tempos de desconfian\u00e7a na Red Bull<\/a><br>+\u00a0<a href=\"https:\/\/www.grandepremio.com\/br\/f1\/noticias\/guia-2025-fia-se-enrola-asas-flexiveis-cria-caso-poucas-mudancas-formula-1\">GUI<\/a><a href=\"https:\/\/www.grandepremio.com\/br\/f1\/noticias\/guia-2025-f1-chega-aos-75-ano-promete-lewis-hamilton-ferrari-brasil-grid-gabriel-bortoleto\">A 2025: F1 chega aos 75 em ano que promete com Hamilton-Ferrari e Brasil no grid<\/a><br>+\u00a0<a href=\"https:\/\/www.grandepremio.com\/br\/f1\/noticias\/guia-2025-f1-abraca-futuro-aposta-alto-gabriel-bortoleto-andrea-kimi-antonelli-oliver-bearman-liam-lawson\">GUIA 2025: FIA se enrola com asas flex\u00edveis e cria caso em ano de poucas m<\/a><a href=\"https:\/\/www.grandepremio.com\/br\/f1\/noticias\/guia-2025-fia-se-enrola-asas-flexiveis-cria-caso-poucas-mudancas-formula-1\">udan\u00e7as na F1<\/a><br>+\u00a0GUIA 2025:\u00a0F\u00f3rmula 1\u00a0<a href=\"https:\/\/www.grandepremio.com\/br\/f1\/noticias\/guia-2025-formula-1-inicia-muito-barulho-pouca-acao-embate-fia-pilotos\/\">inicia com muito barulho e pouca a\u00e7\u00e3o em embate FIA \u00d7 pilotos<\/a><\/strong><\/p>\n","protected":false},"excerpt":{"rendered":"<p>Fr\u00e9d\u00e9ric Vasseur disse ainda que a Ferrari s\u00f3 n\u00e3o tentou contratar Lewis Hamilton para a temporada 2024 porque j\u00e1 tinha acordos com Charles Leclerc e Carlos Sainz \u2014 o preterido no final<\/p>\n","protected":false},"author":0,"featured_media":1000931573,"comment_status":"closed","ping_status":"closed","sticky":false,"template":"","format":"standard","meta":{"42wp_featured_image_caption":"","42wp_featured_image_credits":"","42wp_featured_video":"","42wp_featured_image_hidden":false,"42wp_authors_list":[],"footnotes":""},"categories":[2],"tags":[26271,5273,147,3630,207,180,3628,1322,1753,34263,1491,28285,30840,87,1757,42913,34212,35027,35129,42001],"42wp_author":[47147],"class_list":["post-28701","post","type-post","status-publish","format-standard","has-post-thumbnail","hentry","category-f1","tag-calendario-f1","tag-classificacao-f1","tag-f1","tag-f1-2025","tag-ferrari","tag-formula-1","tag-formula-1-2025","tag-frederic-vasseur","tag-gp-da-australia","tag-gp-da-australia-f1","tag-grande-premio","tag-grandepremio","tag-horarios-f1","tag-lewis-hamilton","tag-melbourne","tag-melbourne-2025","tag-melbourne-f1","tag-monaco-2023","tag-onde-assistir-f1","tag-temporada-2025-f1","42wp_author-luana-marino"],"_links":{"self":[{"href":"https:\/\/grandepremio.com\/br\/wp-json\/wp\/v2\/posts\/28701","targetHints":{"allow":["GET"]}}],"collection":[{"href":"https:\/\/grandepremio.com\/br\/wp-json\/wp\/v2\/posts"}],"about":[{"href":"https:\/\/grandepremio.com\/br\/wp-json\/wp\/v2\/types\/post"}],"replies":[{"embeddable":true,"href":"https:\/\/grandepremio.com\/br\/wp-json\/wp\/v2\/comments?post=28701"}],"version-history":[{"count":0,"href":"https:\/\/grandepremio.com\/br\/wp-json\/wp\/v2\/posts\/28701\/revisions"}],"wp:featuredmedia":[{"embeddable":true,"href":"https:\/\/grandepremio.com\/br\/wp-json\/wp\/v2\/media\/1000931573"}],"wp:attachment":[{"href":"https:\/\/grandepremio.com\/br\/wp-json\/wp\/v2\/media?parent=28701"}],"wp:term":[{"taxonomy":"category","embeddable":true,"href":"https:\/\/grandepremio.com\/br\/wp-json\/wp\/v2\/categories?post=28701"},{"taxonomy":"post_tag","embeddable":true,"href":"https:\/\/grandepremio.com\/br\/wp-json\/wp\/v2\/tags?post=28701"},{"taxonomy":"42wp_author","embeddable":true,"href":"https:\/\/grandepremio.com\/br\/wp-json\/wp\/v2\/42wp_author?post=28701"}],"curies":[{"name":"wp","href":"https:\/\/api.w.org\/{rel}","templated":true}]}}