{"id":28865,"date":"2025-03-08T16:59:48","date_gmt":"2025-03-08T19:59:48","guid":{"rendered":"https:\/\/grandepremio.com\/br\/noticias\/igor-fraga-lamenta-erro-suzuka-avalia-corrida-1-caotica-super-formula\/"},"modified":"2025-03-09T01:02:20","modified_gmt":"2025-03-09T04:02:20","slug":"igor-fraga-lamenta-erro-suzuka-avalia-corrida-1-caotica-super-formula","status":"publish","type":"post","link":"https:\/\/grandepremio.com\/br\/super-formula\/igor-fraga-lamenta-erro-suzuka-avalia-corrida-1-caotica-super-formula\/","title":{"rendered":"Fraga lamenta erro em Suzuka e avalia &#8220;ca\u00f3tica&#8221; corrida 1 da Super F\u00f3rmula"},"content":{"rendered":"\n<p class=\"wp-block-paragraph\">A estreia de <strong>Igor Fraga<\/strong> na <strong>Super F\u00f3rmula<\/strong> foi longe do esperado pelo piloto nipo-brasileiro. Na corrida 1 em <strong>Suzuka<\/strong>, o representante da <strong>Nakajima Racing<\/strong> parou na brita na volta de alinhamento ao grid e precisou largar dos boxes ao inv\u00e9s do oitavo posto conquistado na classifica\u00e7\u00e3o. <a href=\"https:\/\/www.grandepremio.com\/br\/super-formula\/noticias\/kakunoshin-ohta-temporada-2025-super-formula-vitoria-0s2-ayumu-iwasa-suzuka\/\">A vit\u00f3ria ficou com <\/a><strong>Kakunoshin Ohta<\/strong>, que superou <strong>Ayumu Iwasa<\/strong> por <strong>0s2<\/strong>.<\/p>\n\n\n\n<p class=\"wp-block-paragraph\">Fraga explicou em entrevista exclusiva \u00e0 vers\u00e3o em espanhol do <strong>GRANDE PR\u00caMIO<\/strong> que queria sentir como estavam os pneus para a corrida, que teria largada minutos depois, mas acabou for\u00e7ando o freios e parou na brita. Sem alinhar no grid, partiu dos boxes, o que condicionou o resultado: o brasileiro foi somente 18\u00ba.<\/p>\n\n\n\n<p class=\"wp-block-paragraph\">&#8220;Colocamos pneus usados para treinar largadas e depois trocamos os compostos. Fui \u00e0 pista para a volta de alinhamento de grid com os pneus para a corrida. N\u00e3o queria fazer uma simula\u00e7\u00e3o, queria sentir os pneus como se estivesse durante a etapa. Provavelmente forcei os freios e n\u00e3o consegui parar o carro. Acabei na brita e larguei dos boxes&#8221;, disse Fraga ao <strong>GRANDE PR\u00caMIO<\/strong>.<\/p>\n\n\n\n<p class=\"wp-block-paragraph\">&#8220;As condi\u00e7\u00f5es da pista eram muito frias, o que faz demorar mais tempo para aquecer os pneus e deix\u00e1-lo na janela ideal de funcionamento. Especialmente quando se troca os compostos, o desafio \u00e9 muito grande sob essas condi\u00e7\u00f5es e manter o ritmo de corrida&#8221;, completou.<\/p>\n\n\n\n<figure class=\"wp-block-image size-large\"><img decoding=\"async\" src=\"https:\/\/www.grandepremio.com\/br\/wp-content\/uploads\/2025\/03\/GkCaXx9bcAAJ1mY-1200x900.jpeg\" alt=\"\" class=\"wp-image-935547\"\/><figcaption class=\"wp-element-caption\">Igor Fraga (Foto: Nakajima Racing)<\/figcaption><\/figure>\n\n\n\n<p class=\"wp-block-paragraph\">Saindo dos boxes, Fraga disse que teve uma prova bastante complicada ao tentar escalar o grid. Al\u00e9m de desviar de um acidente ao longo da corrida, n\u00e3o conseguiu andar de cara para o vento, o que prejudicou na obten\u00e7\u00e3o de dados para a segunda prova do final de semana, que ser\u00e1 realizada na noite deste s\u00e1bado \u2014 j\u00e1 manh\u00e3 de domingo no Jap\u00e3o.<\/p>\n\n\n\n<p class=\"wp-block-paragraph\">&#8220;Era dif\u00edcil saber qual era meu ritmo de prova, porque sempre pilotei com algu\u00e9m \u00e0 minha frente e n\u00e3o tive de cara para o vento para saber onde melhorar, como estava meu ritmo ou o qual pilotos me comparar. Tenho uma dire\u00e7\u00e3o para amanh\u00e3 e vou olhar a telemetria do meu companheiro [Ren Sato] para ver onde posso melhorar&#8221;, falou Fraga.<\/p>\n\n\n\n<p class=\"wp-block-paragraph\">&#8220;N\u00e3o sei o que dizer sobre minha corrida, pois foi muito ca\u00f3tica. Larguei dos boxes e estive envolvido em um acidente. A prova teve v\u00e1rias entradas de safety-car, ent\u00e3o \u00e9 complicado comentar algo&#8221;, encerrou.<\/p>\n\n\n\n<p class=\"wp-block-paragraph\">A Super F\u00f3rmula volta \u00e0 pista para a segunda etapa da temporada j\u00e1 neste\u00a0<strong>domingo<\/strong>, novamente em\u00a0<strong><a href=\"https:\/\/www.grandepremio.com\/br\/circuito\/suzuka\/\" target=\"_blank\" rel=\"noreferrer noopener\">Suzuka<\/a><\/strong>. Ohta lidera a classifica\u00e7\u00e3o, com\u00a0<strong>21\u00a0<\/strong>pontos, seguido por Iwasa (<strong>17<\/strong>) e Sato (<strong>11<\/strong>). Com 12 rodadas, o campeonato segue at\u00e9 o dia\u00a0<strong>23 de novembro<\/strong>.<\/p>\n\n\n\n<p class=\"wp-block-paragraph\">I<strong>nscreva-se nos dois canais do GRANDE PR\u00caMIO no YouTube:\u00a0<a href=\"https:\/\/www.youtube.com\/channel\/UC9OlHEgxoaY6QY6nWPoiqQg?sub_confirmation=1\" target=\"_blank\" rel=\"noreferrer noopener\">GP<\/a>\u00a0|\u00a0<a href=\"https:\/\/www.youtube.com\/channel\/UC9csiS6q_C3C0FYhyr1rnFA?sub_confirmation=1\" target=\"_blank\" rel=\"noreferrer noopener\">GP2<\/a><\/strong><\/p>\n\n\n\n<figure class=\"wp-block-embed is-type-video is-provider-youtube wp-block-embed-youtube wp-embed-aspect-16-9 wp-has-aspect-ratio\"><div class=\"wp-block-embed__wrapper\">\n<iframe loading=\"lazy\" title=\"NORRIS CAMPEA\u0303O E CALVA\u0301RIO PARA BORTOLETO? O QUE ESPERAR DAS EQUIPES DA F1 2025 | TTGP #169\" width=\"500\" height=\"281\" src=\"https:\/\/www.youtube.com\/embed\/CjIQY4MEVsE?feature=oembed\" frameborder=\"0\" allow=\"accelerometer; autoplay; clipboard-write; encrypted-media; gyroscope; picture-in-picture; web-share\" referrerpolicy=\"strict-origin-when-cross-origin\" allowfullscreen><\/iframe>\n<\/div><\/figure>\n","protected":false},"excerpt":{"rendered":"<p>Igor Fraga cometeu erro em volta de alinhamento ao grid e precisou largar dos boxes ap\u00f3s parar na caixa de brita<\/p>\n","protected":false},"author":0,"featured_media":1000935548,"comment_status":"closed","ping_status":"closed","sticky":false,"template":"","format":"standard","meta":{"42wp_featured_image_caption":"","42wp_featured_image_credits":"","42wp_featured_video":"","42wp_featured_image_hidden":false,"42wp_authors_list":[],"footnotes":""},"categories":[55],"tags":[28711,3630,642,1491,32667,289,1512,608],"42wp_author":[47155],"class_list":["post-28865","post","type-post","status-publish","format-standard","has-post-thumbnail","hentry","category-super-formula","tag-ayumu-iwasa","tag-f1-2025","tag-f1-ao-vivo","tag-grande-premio","tag-grandepremio-f1","tag-igor-fraga","tag-super-formula","tag-suzuka","42wp_author-daniel-balsa"],"_links":{"self":[{"href":"https:\/\/grandepremio.com\/br\/wp-json\/wp\/v2\/posts\/28865","targetHints":{"allow":["GET"]}}],"collection":[{"href":"https:\/\/grandepremio.com\/br\/wp-json\/wp\/v2\/posts"}],"about":[{"href":"https:\/\/grandepremio.com\/br\/wp-json\/wp\/v2\/types\/post"}],"replies":[{"embeddable":true,"href":"https:\/\/grandepremio.com\/br\/wp-json\/wp\/v2\/comments?post=28865"}],"version-history":[{"count":0,"href":"https:\/\/grandepremio.com\/br\/wp-json\/wp\/v2\/posts\/28865\/revisions"}],"wp:featuredmedia":[{"embeddable":true,"href":"https:\/\/grandepremio.com\/br\/wp-json\/wp\/v2\/media\/1000935548"}],"wp:attachment":[{"href":"https:\/\/grandepremio.com\/br\/wp-json\/wp\/v2\/media?parent=28865"}],"wp:term":[{"taxonomy":"category","embeddable":true,"href":"https:\/\/grandepremio.com\/br\/wp-json\/wp\/v2\/categories?post=28865"},{"taxonomy":"post_tag","embeddable":true,"href":"https:\/\/grandepremio.com\/br\/wp-json\/wp\/v2\/tags?post=28865"},{"taxonomy":"42wp_author","embeddable":true,"href":"https:\/\/grandepremio.com\/br\/wp-json\/wp\/v2\/42wp_author?post=28865"}],"curies":[{"name":"wp","href":"https:\/\/api.w.org\/{rel}","templated":true}]}}