{"id":28868,"date":"2025-03-08T14:22:19","date_gmt":"2025-03-08T17:22:19","guid":{"rendered":"https:\/\/grandepremio.com\/br\/noticias\/kakunoshin-ohta-temporada-2025-super-formula-vitoria-0s2-ayumu-iwasa-suzuka\/"},"modified":"2025-03-08T14:25:23","modified_gmt":"2025-03-08T17:25:23","slug":"kakunoshin-ohta-temporada-2025-super-formula-vitoria-0s2-ayumu-iwasa-suzuka","status":"publish","type":"post","link":"https:\/\/grandepremio.com\/br\/super-formula\/kakunoshin-ohta-temporada-2025-super-formula-vitoria-0s2-ayumu-iwasa-suzuka\/","title":{"rendered":"Ohta abre Super F\u00f3rmula com vit\u00f3ria por 0s2 sobre Iwasa na corrida 1 de Suzuka"},"content":{"rendered":"\n<p class=\"wp-block-paragraph\">Em corrida com tr\u00eas interven\u00e7\u00f5es do safety-car e boa dose de imprevisibilidade em <strong>Suzuka<\/strong>, <strong>Kakunoshin Ohta <\/strong>abriu a temporada 2025 da <strong><a href=\"https:\/\/www.grandepremio.com\/br\/super-formula\/\" target=\"_blank\" rel=\"noreferrer noopener\">Super F\u00f3rmula<\/a><\/strong> do mesmo jeito que terminou a \u00faltima: <strong>vencendo<\/strong>. Neste s\u00e1bado (8), na corrida 1 do fim de semana, o japon\u00eas da <strong>Dandelion <\/strong>cruzou a linha de chegada em primeiro lugar pela terceira vez consecutiva, superando batalha extremamente apertada com <strong>Ayumu Iwasa<\/strong>.<\/p>\n\n\n\n<p class=\"wp-block-paragraph\">Na linha de chegada, o vencedor ficou separado por apenas <strong>0s197 <\/strong>do segundo colocado, que pressionou por muitas voltas \u2014 mas n\u00e3o conseguiu passar. <strong>Ren Sato <\/strong>completou o p\u00f3dio, enquanto <strong>Sho Tsuboi<\/strong>, <strong>Kamui Kobayashi<\/strong>, <strong>Sena Sakaguchi<\/strong>, <strong>Tomoki Nojiri<\/strong>, <strong>Zak O&#8217;Sullivan<\/strong>, <strong>Kenta Yamashita<\/strong> e <strong>Tadasuke Makino<\/strong> fecharam o top-10.<\/p>\n\n\n\n<p class=\"wp-block-paragraph\">Na d\u00e9cima volta da corrida, uma entrada de safety-car fez com que todos os pilotos optassem pelo pit-stop, o que gerou o caos e uma s\u00e9rie de mudan\u00e7as na ordem. O pole <strong>Tomoki Nojiri<\/strong>, que perdeu a lideran\u00e7a para Iwasa no in\u00edcio, ainda viu as coisas piorarem quando a <strong>Mugen <\/strong>decidiu chamar os dois ao mesmo tempo.<\/p>\n\n\n\n<p class=\"wp-block-paragraph\">Com isso, o piloto perdeu uma s\u00e9rie de posi\u00e7\u00f5es e beneficiou Ohta, que se manteve em terceiro e aproveitou o erro para subir ao segundo posto. A relargada veio na volta <strong>13 <\/strong>e, logo na <strong>14<\/strong>, Ohta atacou Iwasa e tomou a lideran\u00e7a.<\/p>\n\n\n\n<figure class=\"wp-block-image size-large\"><img decoding=\"async\" src=\"https:\/\/www.grandepremio.com\/br\/wp-content\/uploads\/2025\/03\/SUPER-FORMULA-2025-SUZUKA-1-KAKUNOSHIN-OHTA-1200x800.jpeg\" alt=\"\" class=\"wp-image-935490\"\/><figcaption class=\"wp-element-caption\">Ohta celebra vit\u00f3ria na corrida 1 de Suzuka (Foto: Honda)<\/figcaption><\/figure>\n\n\n\n<p class=\"wp-block-paragraph\">Da\u00ed em diante, o protegido da <strong>Red Bull<\/strong> tentou atacar de todas as formas, mas n\u00e3o conseguiu superar o l\u00edder. A aproxima\u00e7\u00e3o na \u00faltima volta gerou a impress\u00e3o de que a ultrapassagem viria, mas Ohta conseguiu se manter \u00e0 frente por menos de <strong>0s2 <\/strong>na linha de chegada.<\/p>\n\n\n\n<p class=\"wp-block-paragraph\">A Super F\u00f3rmula volta \u00e0 pista para a segunda etapa da temporada j\u00e1 neste <strong>domingo<\/strong>, novamente em <strong>Suzuka<\/strong>. Ohta lidera a classifica\u00e7\u00e3o, com <strong>21 <\/strong>pontos, seguido por Iwasa (<strong>17<\/strong>) e Sato (<strong>11<\/strong>). Com 12 rodadas, o campeonato segue at\u00e9 o dia <strong>23 de novembro<\/strong>.<\/p>\n\n\n\n<p class=\"wp-block-paragraph\"><strong><img decoding=\"async\" style=\"width: 20px;\" src=\"https:\/\/s.w.org\/images\/core\/emoji\/14.0.0\/svg\/25b6.svg\" alt=\"\u25b6\ufe0f\">&nbsp;Inscreva-se nos dois canais do GRANDE PR\u00caMIO no YouTube:&nbsp;<a href=\"https:\/\/www.youtube.com\/channel\/UC9OlHEgxoaY6QY6nWPoiqQg?sub_confirmation=1\" target=\"_blank\" rel=\"noreferrer noopener\">GP<\/a>&nbsp;|&nbsp;<a href=\"https:\/\/www.youtube.com\/channel\/UC9csiS6q_C3C0FYhyr1rnFA?sub_confirmation=1\" target=\"_blank\" rel=\"noreferrer noopener\">GP2<\/a><\/strong><\/p>\n\n\n\n<figure class=\"wp-block-embed is-type-video is-provider-youtube wp-block-embed-youtube wp-embed-aspect-16-9 wp-has-aspect-ratio\"><div class=\"wp-block-embed__wrapper\">\n<iframe loading=\"lazy\" title=\"NORRIS CAMPEA\u0303O E CALVA\u0301RIO PARA BORTOLETO? O QUE ESPERAR DAS EQUIPES DA F1 2025 | TTGP #169\" width=\"500\" height=\"281\" src=\"https:\/\/www.youtube.com\/embed\/CjIQY4MEVsE?feature=oembed\" frameborder=\"0\" allow=\"accelerometer; autoplay; clipboard-write; encrypted-media; gyroscope; picture-in-picture; web-share\" referrerpolicy=\"strict-origin-when-cross-origin\" allowfullscreen><\/iframe>\n<\/div><\/figure>\n","protected":false},"excerpt":{"rendered":"<p>Kakunoshin Ohta venceu a terceira corrida seguida na Super F\u00f3rmula. Desta vez, na estreia da temporada 2025, o japon\u00eas superou batalha muito apertada com Ayumu Iwasa em Suzuka e abriu o campeonato \u00e0 frente<\/p>\n","protected":false},"author":0,"featured_media":1000935491,"comment_status":"closed","ping_status":"closed","sticky":false,"template":"","format":"standard","meta":{"42wp_featured_image_caption":"","42wp_featured_image_credits":"","42wp_featured_video":"","42wp_featured_image_hidden":false,"42wp_authors_list":[],"footnotes":""},"categories":[55],"tags":[27776,34186,27487,28711,39086,41965,8235,41950,3630,642,11958,41966,1491,32667,1512,42879,608],"42wp_author":[47142],"class_list":["post-28868","post","type-post","status-publish","format-standard","has-post-thumbnail","hentry","category-super-formula","tag-assistir-f1-ao-vivo","tag-assistir-f1-gratis","tag-assistir-f1-online","tag-ayumu-iwasa","tag-calendario-f1-2025","tag-calendario-f1-2025-horarios","tag-classificacao-da-f1","tag-classificacao-f1-2025","tag-f1-2025","tag-f1-ao-vivo","tag-f1-live","tag-f1-tv-2025","tag-grande-premio","tag-grandepremio-f1","tag-super-formula","tag-super-formula-2025","tag-suzuka","42wp_author-jp-nascimento"],"_links":{"self":[{"href":"https:\/\/grandepremio.com\/br\/wp-json\/wp\/v2\/posts\/28868","targetHints":{"allow":["GET"]}}],"collection":[{"href":"https:\/\/grandepremio.com\/br\/wp-json\/wp\/v2\/posts"}],"about":[{"href":"https:\/\/grandepremio.com\/br\/wp-json\/wp\/v2\/types\/post"}],"replies":[{"embeddable":true,"href":"https:\/\/grandepremio.com\/br\/wp-json\/wp\/v2\/comments?post=28868"}],"version-history":[{"count":0,"href":"https:\/\/grandepremio.com\/br\/wp-json\/wp\/v2\/posts\/28868\/revisions"}],"wp:featuredmedia":[{"embeddable":true,"href":"https:\/\/grandepremio.com\/br\/wp-json\/wp\/v2\/media\/1000935491"}],"wp:attachment":[{"href":"https:\/\/grandepremio.com\/br\/wp-json\/wp\/v2\/media?parent=28868"}],"wp:term":[{"taxonomy":"category","embeddable":true,"href":"https:\/\/grandepremio.com\/br\/wp-json\/wp\/v2\/categories?post=28868"},{"taxonomy":"post_tag","embeddable":true,"href":"https:\/\/grandepremio.com\/br\/wp-json\/wp\/v2\/tags?post=28868"},{"taxonomy":"42wp_author","embeddable":true,"href":"https:\/\/grandepremio.com\/br\/wp-json\/wp\/v2\/42wp_author?post=28868"}],"curies":[{"name":"wp","href":"https:\/\/api.w.org\/{rel}","templated":true}]}}