{"id":28937,"date":"2025-03-07T14:19:17","date_gmt":"2025-03-07T17:19:17","guid":{"rendered":"https:\/\/grandepremio.com\/br\/noticias\/fia-celebra-confirmacao-chegada-cadillac-a-f1-ve-momento-transformacao\/"},"modified":"2025-03-07T15:38:25","modified_gmt":"2025-03-07T18:38:25","slug":"fia-celebra-confirmacao-chegada-cadillac-a-f1-ve-momento-transformacao","status":"publish","type":"post","link":"https:\/\/grandepremio.com\/br\/f1\/fia-celebra-confirmacao-chegada-cadillac-a-f1-ve-momento-transformacao\/","title":{"rendered":"FIA celebra confirma\u00e7\u00e3o de chegada da Cadillac \u00e0 F1 e v\u00ea &#8220;momento de transforma\u00e7\u00e3o&#8221;"},"content":{"rendered":"\n<p class=\"wp-block-paragraph\">Presidente da <strong>Federa\u00e7\u00e3o Internacional de Automobilismo [FIA]<\/strong>, <strong>Mohammed Ben Sulayem<\/strong> <a href=\"https:\/\/www.grandepremio.com\/br\/f1\/noticias\/f1-aprova-oficialmente-entrada-cadillac-como-11a-equipe-a-partir-2026\/\">celebrou a oficializa\u00e7\u00e3o da<\/a> <strong>Cadillac<\/strong> como 11\u00aa equipe da <strong>F\u00f3rmula 1<\/strong> a partir da temporada de 2026, anunciada nesta <strong>sexta-feira (7)<\/strong>. O dirigente da FIA viu a not\u00edcia como &#8220;momento de transforma\u00e7\u00e3o&#8221; ap\u00f3s a categoria rejeitar por anos um novo time no certame.<\/p>\n\n\n\n<p class=\"wp-block-paragraph\">A Andretti foi quem mais bateu na porta da categoria nos \u00faltimos anos para ser a 11\u00aa equipe, mas sempre teve um n\u00e3o como resposta, mesmo fazendo cont\u00ednuos investimentos na estrutura, como construir uma f\u00e1brica nova nos arredores de <strong>Indian\u00e1polis<\/strong> e montando uma sub-sede em <strong>Silverstone<\/strong>.<\/p>\n\n\n\n<p class=\"wp-block-paragraph\">O mais pr\u00f3ximo da F\u00f3rmula 1 que a Andretti esteve foi quando tentou comprar a <strong>Sauber<\/strong>, antes mesmo da <strong>Audi<\/strong> assumir o controle acion\u00e1rio da estrutura su\u00ed\u00e7a. As partes estiveram muito pr\u00f3ximas de um acerto em 2021, mas os liderados por <strong>Michael Andretti<\/strong> pularam do barco por conta de alguns detalhes contratuais.<\/p>\n\n\n\n<p class=\"wp-block-paragraph\">O sonho de Michael Andretti s\u00f3 avan\u00e7ou quando ele saiu da frente. Em setembro do ano passado, o dirigente alegou que queria disfrutar a vida e deixou do comando do grupo Andretti. <strong>Dan Towriss<\/strong>, antigo investidor da estrutura, foi que assumiu o cargo de CEO. Na sequ\u00eancia, mudou o nome do projeto e deu protagonismo \u00e0 Cadillac, que, esta sim, sempre foi cortejada pela F\u00f3rmula 1.<\/p>\n\n\n\n<figure class=\"wp-block-image size-full\"><img decoding=\"async\" src=\"https:\/\/www.grandepremio.com\/br\/wp-content\/uploads\/2025\/03\/cadillac_website.jpg\" alt=\"\" class=\"wp-image-935216\"\/><figcaption class=\"wp-element-caption\">Cadillac vai entrar na F\u00f3rmula 1 na temporada 2026 (Foto: Divulga\u00e7\u00e3o)<\/figcaption><\/figure>\n\n\n\n<p class=\"wp-block-paragraph\">Em novembro do ano passado, a categoria acertou de forma preliminar um acordo com a Cadillac ser a 11\u00aa equipe do grid, o que foi consumado nesta sexta-feira, ap\u00f3s F1 e FIA aprovarem a candidatura ap\u00f3s an\u00e1lise &#8220;esportiva, t\u00e9cnica e financeira&#8221;.<\/p>\n\n\n\n<p class=\"wp-block-paragraph\">\u201cHoje marca um momento de transforma\u00e7\u00e3o, e estou orgulhoso de liderar a FIA nesse passo adiante para o campeonato. Expandir a\u00a0<a href=\"https:\/\/www.grandepremio.com\/br\/f1\/\" target=\"_blank\" rel=\"noreferrer noopener\">F\u00f3rmula 1<\/a>\u00a0para 11 equipes a partir de 2026 \u00e9 um grande feito. GM\/Cadillac traz uma nova energia, aliados ao novo regulamento de 2026 e inaugurando uma era emocionante ao esporte&#8221;, falou o presidente da FIA.<\/p>\n\n\n\n<p class=\"wp-block-paragraph\">&#8220;A presen\u00e7a da GM\/Cadillac no paddock vai inspirar futuros competidores e f\u00e3s. A entrada deles fortalece nossa miss\u00e3o de ultrapassar os limites do automobilismo no mais alto n\u00edvel\u201d, encerrou.<\/p>\n\n\n\n<p class=\"wp-block-paragraph\">A pr\u00f3xima atividade da\u00a0<a href=\"https:\/\/www.grandepremio.com\/br\/f1\/\" target=\"_blank\" rel=\"noreferrer noopener\">F\u00f3rmula 1<\/a>\u00a0\u00e9 a estreia da temporada, no\u00a0<strong>GP da Austr\u00e1lia<\/strong>. A etapa est\u00e1 programada para acontecer entre os dias\u00a0<strong>14 e 16 de mar\u00e7o<\/strong>, com cobertura completa do\u00a0<strong>GRANDE PR\u00caMIO<\/strong>.<\/p>\n\n\n\n<p class=\"wp-block-paragraph\"><strong>\u25b6\ufe0f\u00a0Inscreva-se nos dois canais do GRANDE PR\u00caMIO no YouTube:\u00a0<a href=\"https:\/\/www.youtube.com\/channel\/UC9OlHEgxoaY6QY6nWPoiqQg?sub_confirmation=1\" target=\"_blank\" rel=\"noreferrer noopener\">GP<\/a>\u00a0|\u00a0<a href=\"https:\/\/www.youtube.com\/channel\/UC9csiS6q_C3C0FYhyr1rnFA?sub_confirmation=1\" target=\"_blank\" rel=\"noreferrer noopener\">GP2<\/a><\/strong><\/p>\n\n\n\n<figure class=\"wp-block-embed is-type-video is-provider-youtube wp-block-embed-youtube wp-embed-aspect-16-9 wp-has-aspect-ratio\"><div class=\"wp-block-embed__wrapper\">\n<iframe loading=\"lazy\" title=\"NORRIS CAMPEA\u0303O E CALVA\u0301RIO PARA BORTOLETO? O QUE ESPERAR DAS EQUIPES DA F1 2025 | TTGP #169\" width=\"500\" height=\"281\" src=\"https:\/\/www.youtube.com\/embed\/CjIQY4MEVsE?feature=oembed\" frameborder=\"0\" allow=\"accelerometer; autoplay; clipboard-write; encrypted-media; gyroscope; picture-in-picture; web-share\" referrerpolicy=\"strict-origin-when-cross-origin\" allowfullscreen><\/iframe>\n<\/div><\/figure>\n","protected":false},"excerpt":{"rendered":"<p>Ap\u00f3s F1 barrar por anos entrada de 11\u00aa equipe, Mohammed Ben Sulayem, presidente da FIA, viu chegada da Cadillac como novo momento para o automobilismo<\/p>\n","protected":false},"author":0,"featured_media":1000912834,"comment_status":"closed","ping_status":"closed","sticky":false,"template":"","format":"standard","meta":{"42wp_featured_image_caption":"","42wp_featured_image_credits":"","42wp_featured_video":"","42wp_featured_image_hidden":false,"42wp_authors_list":[],"footnotes":""},"categories":[2],"tags":[729,5660,969,147,3630,642,160,25893,103,180,3628,30123,1491,30103,28285,30344],"42wp_author":[47155],"class_list":["post-28937","post","type-post","status-publish","format-standard","has-post-thumbnail","hentry","category-f1","tag-cadillac","tag-classificacao","tag-corrida","tag-f1","tag-f1-2025","tag-f1-ao-vivo","tag-f1-tv","tag-federacao-internacional-de-automobilismo","tag-fia","tag-formula-1","tag-formula-1-2025","tag-general-motors","tag-grande-premio","tag-grande-premio-f1","tag-grandepremio","tag-mohammed-ben-sulayem","42wp_author-daniel-balsa"],"_links":{"self":[{"href":"https:\/\/grandepremio.com\/br\/wp-json\/wp\/v2\/posts\/28937","targetHints":{"allow":["GET"]}}],"collection":[{"href":"https:\/\/grandepremio.com\/br\/wp-json\/wp\/v2\/posts"}],"about":[{"href":"https:\/\/grandepremio.com\/br\/wp-json\/wp\/v2\/types\/post"}],"replies":[{"embeddable":true,"href":"https:\/\/grandepremio.com\/br\/wp-json\/wp\/v2\/comments?post=28937"}],"version-history":[{"count":0,"href":"https:\/\/grandepremio.com\/br\/wp-json\/wp\/v2\/posts\/28937\/revisions"}],"wp:featuredmedia":[{"embeddable":true,"href":"https:\/\/grandepremio.com\/br\/wp-json\/wp\/v2\/media\/1000912834"}],"wp:attachment":[{"href":"https:\/\/grandepremio.com\/br\/wp-json\/wp\/v2\/media?parent=28937"}],"wp:term":[{"taxonomy":"category","embeddable":true,"href":"https:\/\/grandepremio.com\/br\/wp-json\/wp\/v2\/categories?post=28937"},{"taxonomy":"post_tag","embeddable":true,"href":"https:\/\/grandepremio.com\/br\/wp-json\/wp\/v2\/tags?post=28937"},{"taxonomy":"42wp_author","embeddable":true,"href":"https:\/\/grandepremio.com\/br\/wp-json\/wp\/v2\/42wp_author?post=28937"}],"curies":[{"name":"wp","href":"https:\/\/api.w.org\/{rel}","templated":true}]}}