{"id":28951,"date":"2025-03-07T13:17:26","date_gmt":"2025-03-07T16:17:26","guid":{"rendered":"https:\/\/grandepremio.com\/br\/noticias\/f1-aprova-oficialmente-entrada-cadillac-como-11a-equipe-a-partir-2026\/"},"modified":"2025-03-07T15:38:57","modified_gmt":"2025-03-07T18:38:57","slug":"f1-aprova-oficialmente-entrada-cadillac-como-11a-equipe-a-partir-2026","status":"publish","type":"post","link":"https:\/\/grandepremio.com\/br\/f1\/f1-aprova-oficialmente-entrada-cadillac-como-11a-equipe-a-partir-2026\/","title":{"rendered":"F1 aprova oficialmente entrada da Cadillac como 11\u00aa equipe a partir de 2026"},"content":{"rendered":"\n<p class=\"wp-block-paragraph\">A <strong>Cadillac<\/strong> recebeu, nesta <strong>sexta-feira (7)<\/strong>, a aprova\u00e7\u00e3o definitiva da <strong>F\u00f3rmula 1<\/strong> e da <strong>Federa\u00e7\u00e3o Internacional de Automobilismo (FIA)<\/strong> para ingressar no grid a partir da temporada 2026. Desta forma, o projeto da <strong>General Motors<\/strong> em conjunto com a <strong>TWG Motorsports<\/strong> passa a ser, de maneira oficial, a 11\u00aa equipe da categoria mais popular do planeta.<\/p>\n\n\n\n<p class=\"wp-block-paragraph\">Em novembro de 2024, a\u00a0classe rainha\u00a0j\u00e1\u00a0<a href=\"https:\/\/www.grandepremio.com\/br\/f1\/noticias\/f1-confirma-acordo-gm-transforma-cadillac-11a-equipe-partir-2026\/\">tinha chegado a um acordo<\/a>\u00a0para que a\u00a0<strong>GM<\/strong>\u00a0fizesse parte do campeonato a partir do pr\u00f3ximo ano, quando um novo regulamento entra em vigor. No entanto, o projeto ainda carecia de uma aprova\u00e7\u00e3o final, que consistia em avaliar minuciosamente quest\u00f5es esportivas, t\u00e9cnicas e comerciais.<\/p>\n\n\n\n<p class=\"wp-block-paragraph\">&#8220;A FIA e a F\u00f3rmula 1 podem confirmar que, ap\u00f3s a conclus\u00e3o de suas respectivas avalia\u00e7\u00f5es esportivas, t\u00e9cnicas e comerciais, a candidatura da General Motors e da TWG Motorsports para trazer uma equipe Cadillac para o Mundial de F\u00f3rmula 1 da FIA a partir de 2026 foi aprovado&#8221;, disse a categoria via comunicado.<\/p>\n\n\n\n<p class=\"wp-block-paragraph\">&#8220;Como dissemos em novembro, o compromisso da General Motors em trazer a Cadillac para a F\u00f3rmula 1 foi uma demonstra\u00e7\u00e3o importante e positiva da evolu\u00e7\u00e3o do nosso esporte. Quero agradecer \u00e0 GM e \u00e0 TWG Motorsports pelo engajamento construtivo ao longo de muitos meses, e estou ansioso para receber a equipe no grid a partir de 2026 para o que ser\u00e1 mais um ano emocionante para a F\u00f3rmula 1&#8221;, celebrou Stefano Domenicali, CEO da F1.<\/p>\n\n\n\n<figure class=\"wp-block-image size-full\"><img decoding=\"async\" src=\"https:\/\/www.grandepremio.com\/br\/wp-content\/uploads\/2024\/04\/F1-2024-Andretti-Silverstone.webp\" alt=\"\" class=\"wp-image-799048\"\/><figcaption class=\"wp-element-caption\">Cadillac vai usar estrutura montada pela Andretti para estreia na F1 (Foto: Andretti)<\/figcaption><\/figure>\n\n\n\n<p class=\"wp-block-paragraph\">O an\u00fancio foi muito comemorado pela General Motors, que \u00e9 a \u00fanica grande montadora do mercado automotivo a nunca ter participado da categoria. &#8220;Estamos empolgados que a Cadillac na F\u00f3rmula 1 seja oficial, pois a equipe tem acelerado seu trabalho. Estamos imensamente gratos pelo apoio da lideran\u00e7a da FIA e da <strong>Formula One Management<\/strong> (<strong>FOM<\/strong>) para n\u00f3s e para nossos parceiros da TWG. A empolga\u00e7\u00e3o s\u00f3 aumenta \u00e0 medida que nos aproximamos de mostrar a experi\u00eancia em engenharia da GM no prestigioso palco global da F1&#8243;, falou <strong>Mark Reuss<\/strong>, presidente da GM.<\/p>\n\n\n\n<p class=\"wp-block-paragraph\">Vale lembrar que a estrutura da Cadillac \u00e9 a mesma que a <strong>Andretti<\/strong> preparou ao longo de todos esses anos. Liderados por <strong>Michael Andretti<\/strong>, o time norte-americano iniciou uma jornada rumo \u00e0 F\u00f3rmula 1, que nunca foi aprovada. A categoria, entretanto, sempre deixou uma porta aberta para que a montadora estivesse no grid no futuro.<\/p>\n\n\n\n<p class=\"wp-block-paragraph\">Os principais marcos da Andretti nessa jornada foram: firmar a parceria com a Cadillac; criar uma nova f\u00e1brica nos arredores de <strong>Indian\u00e1polis<\/strong>; montar uma sub-sede em <strong>Silverstone<\/strong>; e contratar <strong>Pat Symonds<\/strong> para a parte t\u00e9cnica, tirando o dirigente da pr\u00f3pria F\u00f3rmula 1. Ainda assim, o time sempre recebeu o &#8216;n\u00e3o&#8217;.<\/p>\n\n\n\n<p class=\"wp-block-paragraph\">No final de setembro do \u00faltimo ano, a Andretti mudou de m\u00e3os. Michael, que alegou querer disfrutar a vida, deixou o posto de CEO da estrutura. Investidor de longa data dentro da equipe, <strong>Dan Towriss<\/strong> assumiu o cargo e acelerou o processo para estar na F1.<\/p>\n\n\n\n<figure class=\"wp-block-image size-large\"><img decoding=\"async\" src=\"https:\/\/www.grandepremio.com\/br\/wp-content\/uploads\/2024\/09\/Dan-Towriss-106th-Indianapolis-500-Victory-Celebration-By_-Joe-Skibinski_Large-Image-Without-Watermark_m60642-1200x800.jpg\" alt=\"\" class=\"wp-image-875540\"\/><figcaption class=\"wp-element-caption\">Dan Towriss \u00e9 o novo l\u00edder da TWG Motorsports (Foto: IndyCar)<\/figcaption><\/figure>\n\n\n\n<p class=\"wp-block-paragraph\">O passo seguinte foi mudar o nome do projeto: saiu a nomenclatura Andretti, dando protagonismo \u00e0 Cadillac. Foi mais um movimento para receber o aval da categoria para estar no grid em 2026, o que foi consumado nesta sexta-feira.<\/p>\n\n\n\n<p class=\"wp-block-paragraph\">&#8220;Durante o \u00faltimo ano, trabalhamos lado a lado com a GM para estabelecer uma base s\u00f3lida para uma entrada extraordin\u00e1ria na F\u00f3rmula 1. Agora, com 2026 \u00e0 vista, ap\u00f3s a aprova\u00e7\u00e3o final de hoje pela FIA e pela Formula One Management, estamos acelerando nossos esfor\u00e7os \u2014 expandindo nossas instala\u00e7\u00f5es, refinando tecnologias de ponta e continuando a reunir talentos de alto n\u00edvel&#8221;, falou Towriss.<\/p>\n\n\n\n<p class=\"wp-block-paragraph\">&#8220;Hoje marca um momento de transforma\u00e7\u00e3o, e estou orgulhoso de liderar a FIA nesse passo adiante para o campeonato. Expandir a F\u00f3rmula 1 para 11 equipes a partir de 2026 \u00e9 um grande feito. GM\/Cadillac traz uma nova energia, aliado ao novo regulamento de 2026 e inaugurando uma era emocionante ao esporte. A presen\u00e7a da GM\/Cadillac no paddock vai inspirar futuros competidores e f\u00e3s. A entrada deles fortalece nossa miss\u00e3o de ultrapassar os limites do automobilismo no mais alto n\u00edvel&#8221;, comentou <strong>Mohammed Ben Sulayem<\/strong>, presidente da FIA.<\/p>\n\n\n\n<p class=\"wp-block-paragraph\">A\u00a0<strong><a href=\"https:\/\/www.grandepremio.com\/br\/f1\/\" target=\"_blank\" rel=\"noreferrer noopener\"><\/a><a href=\"https:\/\/www.grandepremio.com\/br\/f1\/\" target=\"_blank\" rel=\"noreferrer noopener\">F\u00f3rmula 1<\/a><\/strong>\u00a0abre a temporada 2025 entre os dias 13 e 16 de mar\u00e7o, no\u00a0<strong>GP da Austr\u00e1lia<\/strong>, em Melbourne. O\u00a0<strong>GRANDE PR\u00caMIO<\/strong>\u00a0acompanha todas as atividades\u00a0<strong><a href=\"https:\/\/www.grandepremio.com\/br\/f1\/ao-vivo\" target=\"_blank\" rel=\"noreferrer noopener\">AO VIVO E EM TEMPO REAL<\/a><\/strong>. O TL1 est\u00e1 marcado para a noite ainda da quinta-feira (13), a partir das 22h30. O TL2 come\u00e7a j\u00e1 depois da 0h e, portanto, na madrugada da sexta-feira (14), \u00e0s 2h. Depois, a situa\u00e7\u00e3o se repete com o TL3 realizado \u00e0s 22h30 da sexta-feira, enquanto a classifica\u00e7\u00e3o define o grid de largada come\u00e7ando \u00e0s 2h do s\u00e1bado (15). Por fim, a largada est\u00e1 marcada para a 1h do domingo (16). Tanto classifica\u00e7\u00e3o quanto corrida ter\u00e3o\u00a0<strong><a href=\"https:\/\/www.youtube.com\/@GrandePremio1\/streams\" target=\"_blank\" rel=\"noreferrer noopener\">transmiss\u00e3o do GP em SEGUNDA TELA no YouTube<\/a><\/strong>, em parceria com a Voz do Esporte. O Briefing chega para comentar na GPTV ap\u00f3s o fim de cada dia de atividades.<\/p>\n\n\n\n<p class=\"wp-block-paragraph\"><strong>\u25b6\ufe0f&nbsp;Inscreva-se nos dois canais do GRANDE PR\u00caMIO no YouTube:&nbsp;<a href=\"https:\/\/www.youtube.com\/channel\/UC9OlHEgxoaY6QY6nWPoiqQg?sub_confirmation=1\" target=\"_blank\" rel=\"noreferrer noopener\">GP<\/a>&nbsp;|&nbsp;<a href=\"https:\/\/www.youtube.com\/channel\/UC9csiS6q_C3C0FYhyr1rnFA?sub_confirmation=1\" target=\"_blank\" rel=\"noreferrer noopener\">GP2<\/a><\/strong><\/p>\n\n\n\n<figure class=\"wp-block-embed is-type-video is-provider-youtube wp-block-embed-youtube wp-embed-aspect-16-9 wp-has-aspect-ratio\"><div class=\"wp-block-embed__wrapper\">\n<iframe loading=\"lazy\" title=\"NORRIS CAMPEA\u0303O E CALVA\u0301RIO PARA BORTOLETO? O QUE ESPERAR DAS EQUIPES DA F1 2025 | TTGP #169\" width=\"500\" height=\"281\" src=\"https:\/\/www.youtube.com\/embed\/CjIQY4MEVsE?feature=oembed\" frameborder=\"0\" allow=\"accelerometer; autoplay; clipboard-write; encrypted-media; gyroscope; picture-in-picture; web-share\" referrerpolicy=\"strict-origin-when-cross-origin\" allowfullscreen><\/iframe>\n<\/div><\/figure>\n","protected":false},"excerpt":{"rendered":"<p>A Cadillac passou pelo teste final e recebeu a \u00faltima aprova\u00e7\u00e3o da F\u00f3rmula 1 e da FIA para ingressar no grid a partir da temporada de 2026<\/p>\n","protected":false},"author":0,"featured_media":1000902144,"comment_status":"closed","ping_status":"closed","sticky":false,"template":"","format":"standard","meta":{"42wp_featured_image_caption":"","42wp_featured_image_credits":"","42wp_featured_video":"","42wp_featured_image_hidden":false,"42wp_authors_list":[],"footnotes":""},"categories":[2],"tags":[729,5660,969,147,3630,642,160,180,3628,30123,1491,30103,28285],"42wp_author":[47155],"class_list":["post-28951","post","type-post","status-publish","format-standard","has-post-thumbnail","hentry","category-f1","tag-cadillac","tag-classificacao","tag-corrida","tag-f1","tag-f1-2025","tag-f1-ao-vivo","tag-f1-tv","tag-formula-1","tag-formula-1-2025","tag-general-motors","tag-grande-premio","tag-grande-premio-f1","tag-grandepremio","42wp_author-daniel-balsa"],"_links":{"self":[{"href":"https:\/\/grandepremio.com\/br\/wp-json\/wp\/v2\/posts\/28951","targetHints":{"allow":["GET"]}}],"collection":[{"href":"https:\/\/grandepremio.com\/br\/wp-json\/wp\/v2\/posts"}],"about":[{"href":"https:\/\/grandepremio.com\/br\/wp-json\/wp\/v2\/types\/post"}],"replies":[{"embeddable":true,"href":"https:\/\/grandepremio.com\/br\/wp-json\/wp\/v2\/comments?post=28951"}],"version-history":[{"count":0,"href":"https:\/\/grandepremio.com\/br\/wp-json\/wp\/v2\/posts\/28951\/revisions"}],"wp:featuredmedia":[{"embeddable":true,"href":"https:\/\/grandepremio.com\/br\/wp-json\/wp\/v2\/media\/1000902144"}],"wp:attachment":[{"href":"https:\/\/grandepremio.com\/br\/wp-json\/wp\/v2\/media?parent=28951"}],"wp:term":[{"taxonomy":"category","embeddable":true,"href":"https:\/\/grandepremio.com\/br\/wp-json\/wp\/v2\/categories?post=28951"},{"taxonomy":"post_tag","embeddable":true,"href":"https:\/\/grandepremio.com\/br\/wp-json\/wp\/v2\/tags?post=28951"},{"taxonomy":"42wp_author","embeddable":true,"href":"https:\/\/grandepremio.com\/br\/wp-json\/wp\/v2\/42wp_author?post=28951"}],"curies":[{"name":"wp","href":"https:\/\/api.w.org\/{rel}","templated":true}]}}