{"id":28978,"date":"2025-03-07T10:44:36","date_gmt":"2025-03-07T13:44:36","guid":{"rendered":"https:\/\/grandepremio.com\/br\/noticias\/pietro-fittipaldi-assina-com-vector-vira-rival-enzo-fittipaldi-temporada-2025-elms\/"},"modified":"2025-03-07T15:42:23","modified_gmt":"2025-03-07T18:42:23","slug":"pietro-fittipaldi-assina-com-vector-vira-rival-enzo-fittipaldi-temporada-2025-elms","status":"publish","type":"post","link":"https:\/\/grandepremio.com\/br\/endurance\/pietro-fittipaldi-assina-com-vector-vira-rival-enzo-fittipaldi-temporada-2025-elms\/","title":{"rendered":"Pietro Fittipaldi assina com Vector e vira rival de Enzo na temporada 2025 do ELMS"},"content":{"rendered":"\n<p class=\"wp-block-paragraph\"><strong>Pietro Fittipaldi<\/strong> assinou com a <strong>Vector<\/strong> e disputar\u00e1 a classe <strong>LMP2<\/strong> da <strong>temporada 2025<\/strong> da <strong>European Le Mans Series [ELMS]<\/strong> pela equipe brit\u00e2nica. O brasileiro vai conciliar o calend\u00e1rio com a participa\u00e7\u00e3o no <strong>IMSA SportsCar<\/strong>, onde ele compete pela <strong>Pratt Miller<\/strong>, tamb\u00e9m com um <strong>LMP2<\/strong>.<\/p>\n\n\n\n<p class=\"wp-block-paragraph\">Pietro Fittipaldi vai dividir a pilotagem do <strong>Vector #10<\/strong> com o russo <strong>Vladislav Lomko<\/strong> e com o irland\u00eas <strong>Ryan Cullen<\/strong>. Tamb\u00e9m ser\u00e1 a primeira vez na carreira dos irm\u00e3os Fittipaldi em que eles ser\u00e3o rivais em um campeonato. Enzo <a href=\"https:\/\/www.grandepremio.com\/br\/endurance\/noticias\/enzo-fittipaldi-pipo-derani-assinam-com-equipe-clx-disputam-temporada-2025-elms\/\">vai disputar a temporada 2025 da s\u00e9rie<\/a> de endurance na <strong>CLX Motorsport<\/strong>, dividindo o LMP2 da equipe com <strong>Pipo Derani<\/strong> e <strong>Manuel Esp\u00edrito Santo<\/strong>. <\/p>\n\n\n\n<p class=\"wp-block-paragraph\">Em 2024, a Vector teve outro brasileiro em seu conjunto: <strong>Felipe Drugovich<\/strong> disputou a temporada da ELMS pelo time brit\u00e2nico, chefiado por <strong>Gary Holland<\/strong>.<\/p>\n\n\n\n<p class=\"wp-block-paragraph\"><strong>\u25b6\ufe0f\u00a0Inscreva-se nos dois canais do GRANDE PR\u00caMIO no YouTube:\u00a0<a href=\"https:\/\/www.youtube.com\/channel\/UC9OlHEgxoaY6QY6nWPoiqQg?sub_confirmation=1\" target=\"_blank\" rel=\"noreferrer noopener\">GP<\/a>\u00a0|\u00a0<a href=\"https:\/\/www.youtube.com\/channel\/UC9csiS6q_C3C0FYhyr1rnFA?sub_confirmation=1\" target=\"_blank\" rel=\"noreferrer noopener\">GP2<\/a><\/strong><\/p>\n\n\n\n<figure class=\"wp-block-image size-large\"><img decoding=\"async\" src=\"https:\/\/www.grandepremio.com\/br\/wp-content\/uploads\/2025\/01\/447710_1139784_474093716_502943689482994_3185520474599107950_n-1200x800.jpg\" alt=\"\" class=\"wp-image-921860\"\/><figcaption class=\"wp-element-caption\">Pietro Fittipaldi (Foto: Pratt Miller)<\/figcaption><\/figure>\n\n\n\n<p class=\"wp-block-paragraph\">\u201cGostaria de agradecer \u00e0 equipe pela confian\u00e7a em mim, estou muito feliz pela oportunidade de correr pela Vector Sport e bastante animado para a primeira corrida\u201d, disse Pietro Fittipaldi.<\/p>\n\n\n\n<p class=\"wp-block-paragraph\">\u201cA Vector Sport est\u00e1 muito satisfeita por ter contratado tr\u00eas pilotos com experi\u00eancia significativa na LMP2 no mais alto n\u00edvel. Todos os pilotos t\u00eam ritmo comprovado e algumas performances de destaque no formato atual do ELMS. Sabemos o qu\u00e3o dif\u00edcil \u00e9 o campeonato e estamos muito confiantes com esse time extremamente competitivo no que provou ser a categoria mais disputada das corridas de Endurance\u201d, comentou o chefe de Pietro Fittipaldi, Gary Holland.<\/p>\n\n\n\n<p class=\"wp-block-paragraph\">A primeira etapa da temporada 2025 da European Le Mans Series est\u00e1 marcada para o dia <strong>6 de abril<\/strong>, com as <strong>4 Horas de Barcelona<\/strong>. Antes disso, nos dias 31 de mar\u00e7o e 1\u00ba de abril, a categoria tem o Pr\u00f3logo \u2014 os testes de pr\u00e9-temporada \u2014, tamb\u00e9m na pista catal\u00e3.<\/p>\n\n\n\n<figure class=\"wp-block-embed is-type-video is-provider-youtube wp-block-embed-youtube wp-embed-aspect-16-9 wp-has-aspect-ratio\"><div class=\"wp-block-embed__wrapper\">\n<iframe loading=\"lazy\" title=\"NORRIS CAMPEA\u0303O E CALVA\u0301RIO PARA BORTOLETO? O QUE ESPERAR DAS EQUIPES DA F1 2025 | TTGP #169\" width=\"500\" height=\"281\" src=\"https:\/\/www.youtube.com\/embed\/CjIQY4MEVsE?start=3&amp;feature=oembed\" frameborder=\"0\" allow=\"accelerometer; autoplay; clipboard-write; encrypted-media; gyroscope; picture-in-picture; web-share\" referrerpolicy=\"strict-origin-when-cross-origin\" allowfullscreen><\/iframe>\n<\/div><\/figure>\n","protected":false},"excerpt":{"rendered":"<p>Pietro e Enzo Fittipaldi ser\u00e3o advers\u00e1rios na temporada 2025 do European Le Mans Series. Ambos competir\u00e3o na classe LMP2, mas por equipes diferentes<\/p>\n","protected":false},"author":0,"featured_media":1000889564,"comment_status":"closed","ping_status":"closed","sticky":false,"template":"","format":"standard","meta":{"42wp_featured_image_caption":"","42wp_featured_image_credits":"","42wp_featured_video":"","42wp_featured_image_hidden":false,"42wp_authors_list":[],"footnotes":""},"categories":[18],"tags":[37568,36399,36401,36398,36400,6265,427,41661,409,25516,1491,28285,130,705,41706,610,357,34541,408,756,41662,41663,40935,356,34540],"42wp_author":[47155],"class_list":["post-28978","post","type-post","status-publish","format-standard","has-post-thumbnail","hentry","category-endurance","tag-assistir-wec-ao-vivo","tag-calendario-mundial-de-endurance","tag-calendario-wec","tag-classificacao-mundial-de-endurance","tag-classificacao-wec","tag-elms","tag-endurance","tag-endurance-2025","tag-enzo-fittipaldi","tag-european-le-mans-series","tag-grande-premio","tag-grandepremio","tag-honda","tag-imsa","tag-imsa-sportscar-2025","tag-largada","tag-mundial-de-endurance","tag-mundial-de-endurance-2025","tag-pietro-fittipaldi","tag-pipo-derani","tag-temporada-2025-do-mundial-de-endurance","tag-temporada-2025-do-wec","tag-vector","tag-wec","tag-wec-2025","42wp_author-daniel-balsa"],"_links":{"self":[{"href":"https:\/\/grandepremio.com\/br\/wp-json\/wp\/v2\/posts\/28978","targetHints":{"allow":["GET"]}}],"collection":[{"href":"https:\/\/grandepremio.com\/br\/wp-json\/wp\/v2\/posts"}],"about":[{"href":"https:\/\/grandepremio.com\/br\/wp-json\/wp\/v2\/types\/post"}],"replies":[{"embeddable":true,"href":"https:\/\/grandepremio.com\/br\/wp-json\/wp\/v2\/comments?post=28978"}],"version-history":[{"count":0,"href":"https:\/\/grandepremio.com\/br\/wp-json\/wp\/v2\/posts\/28978\/revisions"}],"wp:featuredmedia":[{"embeddable":true,"href":"https:\/\/grandepremio.com\/br\/wp-json\/wp\/v2\/media\/1000889564"}],"wp:attachment":[{"href":"https:\/\/grandepremio.com\/br\/wp-json\/wp\/v2\/media?parent=28978"}],"wp:term":[{"taxonomy":"category","embeddable":true,"href":"https:\/\/grandepremio.com\/br\/wp-json\/wp\/v2\/categories?post=28978"},{"taxonomy":"post_tag","embeddable":true,"href":"https:\/\/grandepremio.com\/br\/wp-json\/wp\/v2\/tags?post=28978"},{"taxonomy":"42wp_author","embeddable":true,"href":"https:\/\/grandepremio.com\/br\/wp-json\/wp\/v2\/42wp_author?post=28978"}],"curies":[{"name":"wp","href":"https:\/\/api.w.org\/{rel}","templated":true}]}}