{"id":29052,"date":"2025-03-06T10:59:54","date_gmt":"2025-03-06T13:59:54","guid":{"rendered":"https:\/\/grandepremio.com\/br\/noticias\/george-russell-minimiza-conversa-chefe-max-verstappen-mercedes-confio-100-em-mim\/"},"modified":"2025-03-06T11:07:14","modified_gmt":"2025-03-06T14:07:14","slug":"george-russell-minimiza-conversa-chefe-max-verstappen-mercedes-confio-100-em-mim","status":"publish","type":"post","link":"https:\/\/grandepremio.com\/br\/f1\/george-russell-minimiza-conversa-chefe-max-verstappen-mercedes-confio-100-em-mim\/","title":{"rendered":"Russell minimiza conversa de chefe sobre Verstappen na Mercedes: \u201cConfio em mim\u201d"},"content":{"rendered":"\n<p class=\"wp-block-paragraph\">Uma cena da nova temporada de \u2018<strong>Drive to Survive<\/strong>\u2019, da <strong>Netflix<\/strong>, mostrou <strong>Toto Wolff<\/strong>, chefe da <strong>Mercedes<\/strong>, conversando com a esposa <strong>Susie <\/strong><a href=\"https:\/\/www.grandepremio.com\/br\/f1\/noticias\/chefe-mercedes-revela-promessa-lewis-hamilton-nao-negociar-max-verstappen\/\">sobre uma eventual escolha<\/a> de <strong>Max Verstappen<\/strong> como substituto de <strong>Lewis Hamilton<\/strong> em 2025. A conversa, naturalmente, repercutiu no mundo da <strong>F\u00f3rmula 1<\/strong> e chegou aos ouvidos de <strong>George Russell<\/strong>, um dos desafetos do tetracampe\u00e3o. Mas, apesar das diferen\u00e7as, o #63 garantiu que n\u00e3o v\u00ea problemas em dividir as garagens com o #1.<\/p>\n\n\n\n<p class=\"wp-block-paragraph\"><strong>Russell <\/strong>j\u00e1 teve alguns atritos com <strong>Verstappen <\/strong>na <strong>F\u00f3rmula 1<\/strong>. A primeira grande discuss\u00e3o entre os dois aconteceu na sprint do <strong>GP do Azerbaij\u00e3o<\/strong> de 2023, quando o titular da <strong>Mercedes <\/strong>foi duro na disputa de posi\u00e7\u00e3o e abriu um rombo na lateral do <strong>RB19<\/strong> #1. Na ocasi\u00e3o, <strong>Max <\/strong>tirou satisfa\u00e7\u00f5es com <strong>George <\/strong>e <a href=\"https:\/\/www.grandepremio.com\/br\/video\/f1\/max-verstappen-tira-satisfacao-chama-george-russell-otario-apos-colisao-corrida-sprint-formula-1-baku\/\">chamou o #63 de \u201cot\u00e1rio\u201d<\/a>.<\/p>\n\n\n\n<p class=\"wp-block-paragraph\">O auge da briga entre os dois, no entanto, aconteceu no <strong>GP do Catar <\/strong>do ano passado, quando <strong>Russell <\/strong>alegou ter sido atrapalhado por <strong>Verstappen <\/strong>durante a classifica\u00e7\u00e3o. O neerland\u00eas foi punido pelo lance e, depois da corrida, <a href=\"https:\/\/www.grandepremio.com\/br\/f1\/noticias\/max-verstappen-diz-perdeu-respeito-george-russell-outra-pessoa-fora-cameras\/\">criticou a forma como o #63 lidou com a situa\u00e7\u00e3o<\/a> diante dos comiss\u00e1rios. A partir da\u00ed, os dois <a href=\"https:\/\/www.grandepremio.com\/br\/f1\/noticias\/george-russell-ataca-max-verstappen-disse-jogar-porra-minha-cabeca-muro-catar\/\">come\u00e7aram a trocar farpas publicamente<\/a> via imprensa.<\/p>\n\n\n\n<p class=\"wp-block-paragraph\">Com o clima b\u00e9lico entre <strong>Russell <\/strong>e <strong>Verstappen<\/strong>, seria dif\u00edcil imaginar a dupla dividindo a mesma equipe na <strong>F\u00f3rmula 1<\/strong>. Por\u00e9m, ap\u00f3s saber da conversa do chefe <strong>Wolff<\/strong>, <strong>George <\/strong>garantiu que n\u00e3o teria problemas em trabalhar com <strong>Max<\/strong>.<\/p>\n\n\n\n<figure class=\"wp-block-video\"><video class=\"video-js vjs-big-play-centered\" data-gp-vjs=\"1\" controls poster=\"https:\/\/www.grandepremio.com\/br\/cdn-cgi\/image\/width=1200,height=675,fit=contain,gravity=0.5x0.5,quality=75,format=webp\/wp-content\/uploads\/2023\/04\/ssstwitter.com_1682777989619-poster.jpeg\" src=\"https:\/\/www.grandepremio.com\/br\/wp-content\/uploads\/2023\/04\/ssstwitter.com_1682777989619.mp4\"><\/video><figcaption class=\"wp-element-caption\">Verstappen e Russell se desentenderam ao final da sprint em Baku em 2023 (V\u00eddeo: Reprodu\u00e7\u00e3o\/F1 TV)<\/figcaption><\/figure>\n\n\n\n<p class=\"wp-block-paragraph\">\u201cN\u00e3o acho que haja qualquer press\u00e3o. S\u00f3 preciso continuar fazendo o meu trabalho como fiz durante toda minha carreira, ent\u00e3o isso n\u00e3o muda nada. E nem \u00e9 algo em que estou pensando, porque confio 100% em mim. \u00c9 simples assim. Quero enfrentar os melhores. N\u00e3o sinto que minha habilidade esteja em quest\u00e3o\u201d, garantiu <strong>Russell<\/strong>.<\/p>\n\n\n\n<p class=\"wp-block-paragraph\">Com o per\u00edodo de testes coletivos oficialmente encerrado, a pr\u00f3xima atividade da\u00a0<a href=\"https:\/\/www.grandepremio.com\/br\/f1\/\" target=\"_blank\" rel=\"noreferrer noopener\">F\u00f3rmula 1<\/a>\u00a0\u00e9 a estreia da temporada, no\u00a0<strong>GP da Austr\u00e1lia<\/strong>. A etapa est\u00e1 programada para acontecer entre os dias\u00a0<strong>14 e 16 de mar\u00e7o<\/strong>, com cobertura completa do\u00a0<strong>GRANDE PR\u00caMIO<\/strong>.<\/p>\n\n\n\n<p class=\"wp-block-paragraph\">\u25b6\ufe0f\u00a0<strong>Inscreva-se nos dois canais do GRANDE PR\u00caMIO no YouTube:\u00a0<a href=\"https:\/\/www.youtube.com\/channel\/UC9OlHEgxoaY6QY6nWPoiqQg?sub_confirmation=1\" target=\"_blank\" rel=\"noreferrer noopener\">GP<\/a>\u00a0|\u00a0<a href=\"https:\/\/www.youtube.com\/channel\/UC9csiS6q_C3C0FYhyr1rnFA?sub_confirmation=1\" target=\"_blank\" rel=\"noreferrer noopener\">GP2<\/a><\/strong><\/p>\n\n\n\n<figure class=\"wp-block-embed is-type-video is-provider-youtube wp-block-embed-youtube wp-embed-aspect-16-9 wp-has-aspect-ratio\"><div class=\"wp-block-embed__wrapper\">\n<iframe loading=\"lazy\" title=\"NORRIS CAMPEA\u0303O E CALVA\u0301RIO PARA BORTOLETO? O QUE ESPERAR DAS EQUIPES DA F1 2025 | TTGP #169\" width=\"500\" height=\"281\" src=\"https:\/\/www.youtube.com\/embed\/CjIQY4MEVsE?feature=oembed\" frameborder=\"0\" allow=\"accelerometer; autoplay; clipboard-write; encrypted-media; gyroscope; picture-in-picture; web-share\" referrerpolicy=\"strict-origin-when-cross-origin\" allowfullscreen><\/iframe>\n<\/div><\/figure>\n","protected":false},"excerpt":{"rendered":"<p>George Russell disse que n\u00e3o se importa se tiver de dividir a garagem com Max Verstappen e garantiu que confia totalmente no pr\u00f3prio potencial como piloto<\/p>\n","protected":false},"author":0,"featured_media":1000859643,"comment_status":"closed","ping_status":"closed","sticky":false,"template":"","format":"standard","meta":{"42wp_featured_image_caption":"","42wp_featured_image_credits":"","42wp_featured_video":"","42wp_featured_image_hidden":false,"42wp_authors_list":[],"footnotes":""},"categories":[2],"tags":[32669,800,1491,28285,87,203,82,30847,36315,3189,150,9685,27383,1920],"42wp_author":[47149],"class_list":["post-29052","post","type-post","status-publish","format-standard","has-post-thumbnail","hentry","category-f1","tag-chefe-mercedes","tag-george-russell","tag-grande-premio","tag-grandepremio","tag-lewis-hamilton","tag-max-verstappen","tag-mercedes","tag-russell","tag-russell-f1","tag-susie-wolff","tag-toto-wolff","tag-verstappen","tag-verstappen-f1","tag-wolff","42wp_author-bernardo-castro"],"_links":{"self":[{"href":"https:\/\/grandepremio.com\/br\/wp-json\/wp\/v2\/posts\/29052","targetHints":{"allow":["GET"]}}],"collection":[{"href":"https:\/\/grandepremio.com\/br\/wp-json\/wp\/v2\/posts"}],"about":[{"href":"https:\/\/grandepremio.com\/br\/wp-json\/wp\/v2\/types\/post"}],"replies":[{"embeddable":true,"href":"https:\/\/grandepremio.com\/br\/wp-json\/wp\/v2\/comments?post=29052"}],"version-history":[{"count":0,"href":"https:\/\/grandepremio.com\/br\/wp-json\/wp\/v2\/posts\/29052\/revisions"}],"wp:featuredmedia":[{"embeddable":true,"href":"https:\/\/grandepremio.com\/br\/wp-json\/wp\/v2\/media\/1000859643"}],"wp:attachment":[{"href":"https:\/\/grandepremio.com\/br\/wp-json\/wp\/v2\/media?parent=29052"}],"wp:term":[{"taxonomy":"category","embeddable":true,"href":"https:\/\/grandepremio.com\/br\/wp-json\/wp\/v2\/categories?post=29052"},{"taxonomy":"post_tag","embeddable":true,"href":"https:\/\/grandepremio.com\/br\/wp-json\/wp\/v2\/tags?post=29052"},{"taxonomy":"42wp_author","embeddable":true,"href":"https:\/\/grandepremio.com\/br\/wp-json\/wp\/v2\/42wp_author?post=29052"}],"curies":[{"name":"wp","href":"https:\/\/api.w.org\/{rel}","templated":true}]}}