{"id":29127,"date":"2025-03-05T11:14:41","date_gmt":"2025-03-05T14:14:41","guid":{"rendered":"https:\/\/grandepremio.com\/br\/noticias\/historico-merecido-ferrari-festeja-1-2-3-1812-km-do-catar-wec\/"},"modified":"2025-03-05T17:00:41","modified_gmt":"2025-03-05T20:00:41","slug":"historico-merecido-ferrari-festeja-1-2-3-1812-km-do-catar-wec","status":"publish","type":"post","link":"https:\/\/grandepremio.com\/br\/endurance\/wec\/historico-merecido-ferrari-festeja-1-2-3-1812-km-do-catar-wec\/","title":{"rendered":"&#8220;Hist\u00f3rico&#8221; e &#8220;merecido&#8221;: Ferrari festeja 1-2-3 nos 1812 km do Catar do WEC"},"content":{"rendered":"\n<p class=\"wp-block-paragraph\">A <strong>Ferrari<\/strong> <a href=\"https:\/\/www.grandepremio.com\/br\/endurance\/wec\/noticias\/antonio-fuoco-supera-robert-kubica-puxa-1-2-3-ferrari-1812-km-catar-wec\/\">dominou as a\u00e7\u00f5es nos<\/a> <strong>1812 km do Catar<\/strong>, etapa que abriu a temporada 2025 do <strong>Mundial de Endurance [WEC]<\/strong>, realizada na \u00faltima <strong>sexta-feira (28)<\/strong>. A fabricante italiana ocupou os tr\u00eas lugares no p\u00f3dio, com vit\u00f3ria do <strong>#50<\/strong>, com <strong>Antonio Fuoco<\/strong>, <strong>Miguel Molina<\/strong> e <strong>Nicklas Nielsen<\/strong>. Um resultado classificado como hist\u00f3rico para o trio.<\/p>\n\n\n\n<p class=\"wp-block-paragraph\">A Ferrari deu as cartas no <strong>Catar<\/strong>. O <strong>#51<\/strong>, com <strong>Antonio Giovinazzi<\/strong>, <strong>Alessandro Pier Guidi<\/strong> e <strong>James Calado<\/strong>, anotou a pole, mas perdeu terreno ao longo da corrida por conta de algumas puni\u00e7\u00f5es. A tarefa ficou ainda mais tranquila para a marca italiana depois do acidente entre os dois hipercarros da <strong>Cadillac<\/strong>, agora operados pela equipe <strong>Jota<\/strong> \u2014 <strong>Alex Lynn<\/strong> encheu a traseira de <strong>Jenson Button<\/strong> <a href=\"https:\/\/www.grandepremio.com\/br\/video\/endurance\/wec\/alex-lynn-crava-traseira-jenson-button-faz-festa-jota-cadillac-virar-enterro-estragar-dobradinha-catar-wec\/\">durante uma relargada<\/a>. No fim, vit\u00f3ria do <strong>#50<\/strong>, com o <strong>#83<\/strong> de <strong>Robert Kubica<\/strong>, <strong>Yifei Ye<\/strong> e <strong>Phil Hanson<\/strong> no segundo posto, com o <strong>#51<\/strong> logo atr\u00e1s.<\/p>\n\n\n\n<p class=\"wp-block-paragraph\">Para Fuoco, uma chave para o resultado foi o modo como os pilotos administraram os pneus, inclusive na parte final, quando o italiano fez tr\u00eas stints em sequ\u00eancia com os mesmos compostos. &#8220;Fazer um stint triplo [com os pneus] do lado esquerdo foi dif\u00edcil, mas conseguimos muito bem. Foi a \u00fanica coisa a fazer para ganhar posi\u00e7\u00e3o do carro-irm\u00e3o, o #83, e funcionou bem. Eles estavam vindo muito r\u00e1pido de tr\u00e1s. N\u00e3o foi um trabalho f\u00e1cil&#8221;, comentou Fuoco.<\/p>\n\n\n\n<p class=\"wp-block-paragraph\">&#8220;Foi bem intenso administrar os pneus, mas deu certo. Garantir 1-2-3 para a Ferrari \u00e9 um resultado hist\u00f3rico. Vamos tentar manter essa fase para o resto da temporada. Vamos para a pr\u00f3xima. Agrade\u00e7o ao time por todo o trabalho no inverno. Acho que fizemos algo bom, n\u00f3s chegamos muito bem preparados aqui. Mostramos que o trabalho na pr\u00e9-temporada foi muito bem feito&#8221;, completou o piloto da Ferrari.<\/p>\n\n\n\n<figure class=\"wp-block-video\"><video class=\"video-js vjs-big-play-centered\" data-gp-vjs=\"1\" controls src=\"https:\/\/www.grandepremio.com\/br\/wp-content\/uploads\/2025\/02\/ultima-volta-1812km-catar-ferrari-50-fuoco-fia-wec-2025.mp4\"><\/video><figcaption class=\"wp-element-caption\">\u00daltima volta no Catar: Robert Kubica e Alessandro Pier Guidi travam duelo at\u00e9 o fim e completam p\u00f3dio triplo da Ferrari (V\u00eddeo: Reprodu\u00e7\u00e3o\/GRANDE PR\u00caMIO)<\/figcaption><\/figure>\n\n\n\n<p class=\"wp-block-paragraph\">Molina ressaltou o trabalho realizado pela Ferrari durante a pr\u00e9-temporada, o que permitiu esse in\u00edcio arrasador na prova do Catar. &#8220;Desembarcamos aqui muito bem preparados. O inverno foi intenso e duro para todos em Maranello. Para os pilotos tamb\u00e9m, com testes e simulador. Tudo pelo objetivo, nossa meta. Come\u00e7ar assim \u00e9 a melhor maneira, estar na lideran\u00e7a do campeonato deste o in\u00edcio&#8221;, falou Molina.<\/p>\n\n\n\n<p class=\"wp-block-paragraph\">Em uma prova que durou 10h, Nielsen destacou a largada. Depois de sair em terceiro, o piloto colocou o #50 na segunda posi\u00e7\u00e3o logo de cara, o que foi visto como muito importante, j\u00e1 que o aut\u00f3dromo de Lusail n\u00e3o possui muitos pontos de ultrapassagem.<\/p>\n\n\n\n<p class=\"wp-block-paragraph\">&#8220;Foi crucial o modo como administramos uma corrida como essa. Sabia que a largada seria importante para gerenciar os pneus. \u00c9 quase imposs\u00edvel passar outros carros aqui, a menos que se tenha muito mais velocidade&#8221;, disse o representante da Ferrari.<\/p>\n\n\n\n<p class=\"wp-block-paragraph\">\u25b6\ufe0f\u00a0<strong>Inscreva-se nos dois canais do GRANDE PR\u00caMIO no YouTube:\u00a0<a href=\"https:\/\/www.youtube.com\/channel\/UC9OlHEgxoaY6QY6nWPoiqQg?sub_confirmation=1\" target=\"_blank\" rel=\"noreferrer noopener\">GP<\/a>\u00a0|\u00a0<a href=\"https:\/\/www.youtube.com\/channel\/UC9csiS6q_C3C0FYhyr1rnFA?sub_confirmation=1\" target=\"_blank\" rel=\"noreferrer noopener\">GP2<\/a><\/strong><br>\u25b6\ufe0f\u00a0<strong><strong>LEIA TAMB\u00c9M:\u00a0<a href=\"https:\/\/www.grandepremio.com\/br\/gptv\/noticias\/gptv-alcanca-2-milhoes-espectadores-prepara-novos-formatos-exibicao\/\">GPTV alcan\u00e7a 2 milh\u00f5es de espectadores e prepara novos formatos de exibi\u00e7\u00e3o<\/a><\/strong><\/strong><\/p>\n\n\n\n<figure class=\"wp-block-video\"><video class=\"video-js vjs-big-play-centered\" data-gp-vjs=\"1\" controls src=\"https:\/\/www.grandepremio.com\/br\/wp-content\/uploads\/2025\/02\/hino-italiano-podio-1912km-catar-fia-wec-2025.mp4\"><\/video><figcaption class=\"wp-element-caption\">Fratelli d&#8217;Italia cantado ap\u00f3s vit\u00f3ria da Ferrari (V\u00eddeo: Reprodu\u00e7\u00e3o\/GRANDE PR\u00caMIO)<\/figcaption><\/figure>\n\n\n\n<p class=\"wp-block-paragraph\">&#8220;Administramos bem e, obviamente, \u00e0 medida que a corrida avan\u00e7ava, muitas coisas aconteciam, como safety-car virtual e assim por diante. Executamos bem e a vit\u00f3ria foi merecida&#8221;, encerrou Nielsen.<\/p>\n\n\n\n<p class=\"wp-block-paragraph\">O\u00a0<strong>Mundial de Endurance<\/strong>\u00a0retorna somente no fim de semana do dia<strong>\u00a020 de abril<\/strong>, com as\u00a0<strong>6 Horas de\u00a0<a href=\"https:\/\/www.grandepremio.com\/br\/circuito\/399739\/\" target=\"_blank\" rel=\"noreferrer noopener\">\u00cdmola<\/a><\/strong>, no Aut\u00f3dromo Enzo e Dino Ferrari. O\u00a0<strong>GRANDE PR\u00caMIO<\/strong>\u00a0exibe a temporada completa do\u00a0<strong>WEC\u00a02025<\/strong>\u00a0no canal do\u00a0<strong>YouTube<\/strong>, e tamb\u00e9m na\u00a0<strong>GPTV<\/strong>, que pode ser vista no 702 da LG, no 1011 da TCL e em site e app da\u00a0<strong>S\u00f3Play<\/strong>.<\/p>\n\n\n\n<figure class=\"wp-block-embed is-type-video is-provider-youtube wp-block-embed-youtube wp-embed-aspect-16-9 wp-has-aspect-ratio\"><div class=\"wp-block-embed__wrapper\">\n<iframe loading=\"lazy\" title=\"1812KM DO CATAR COM IMAGENS | 1\u00aa ETAPA |  CORRIDA | FIA WEC 2025\" width=\"500\" height=\"281\" src=\"https:\/\/www.youtube.com\/embed\/VR4EQrOjMQk?feature=oembed\" frameborder=\"0\" allow=\"accelerometer; autoplay; clipboard-write; encrypted-media; gyroscope; picture-in-picture; web-share\" referrerpolicy=\"strict-origin-when-cross-origin\" allowfullscreen><\/iframe>\n<\/div><\/figure>\n\n\n\n<p class=\"wp-block-paragraph\"><\/p>\n","protected":false},"excerpt":{"rendered":"<p>Vencedores com o #50 na abertura da temporada 2025 do WEC, Antonio Fuoco, Miguel Molina e Nicklas Nielsen exaltaram trabalho da Ferrari<\/p>\n","protected":false},"author":0,"featured_media":1000933479,"comment_status":"closed","ping_status":"closed","sticky":false,"template":"","format":"standard","meta":{"42wp_featured_image_caption":"","42wp_featured_image_credits":"","42wp_featured_video":"","42wp_featured_image_hidden":false,"42wp_authors_list":[],"footnotes":""},"categories":[52],"tags":[5200,456,72,729,36399,36401,36398,36400,8330,1420,427,207,882,1491,28285,9048,16928,357,34541,736,1094,41662,41663,178,356,34540],"42wp_author":[47155],"class_list":["post-29127","post","type-post","status-publish","format-standard","has-post-thumbnail","hentry","category-wec","tag-antonio-fuoco","tag-antonio-giovinazzi","tag-augusto-farfus","tag-cadillac","tag-calendario-mundial-de-endurance","tag-calendario-wec","tag-classificacao-mundial-de-endurance","tag-classificacao-wec","tag-corvette","tag-dudu-barrichello","tag-endurance","tag-ferrari","tag-ford","tag-grande-premio","tag-grandepremio","tag-jota","tag-miguel-molina","tag-mundial-de-endurance","tag-mundial-de-endurance-2025","tag-porsche","tag-robert-kubica","tag-temporada-2025-do-mundial-de-endurance","tag-temporada-2025-do-wec","tag-toyota","tag-wec","tag-wec-2025","42wp_author-daniel-balsa"],"_links":{"self":[{"href":"https:\/\/grandepremio.com\/br\/wp-json\/wp\/v2\/posts\/29127","targetHints":{"allow":["GET"]}}],"collection":[{"href":"https:\/\/grandepremio.com\/br\/wp-json\/wp\/v2\/posts"}],"about":[{"href":"https:\/\/grandepremio.com\/br\/wp-json\/wp\/v2\/types\/post"}],"replies":[{"embeddable":true,"href":"https:\/\/grandepremio.com\/br\/wp-json\/wp\/v2\/comments?post=29127"}],"version-history":[{"count":0,"href":"https:\/\/grandepremio.com\/br\/wp-json\/wp\/v2\/posts\/29127\/revisions"}],"wp:featuredmedia":[{"embeddable":true,"href":"https:\/\/grandepremio.com\/br\/wp-json\/wp\/v2\/media\/1000933479"}],"wp:attachment":[{"href":"https:\/\/grandepremio.com\/br\/wp-json\/wp\/v2\/media?parent=29127"}],"wp:term":[{"taxonomy":"category","embeddable":true,"href":"https:\/\/grandepremio.com\/br\/wp-json\/wp\/v2\/categories?post=29127"},{"taxonomy":"post_tag","embeddable":true,"href":"https:\/\/grandepremio.com\/br\/wp-json\/wp\/v2\/tags?post=29127"},{"taxonomy":"42wp_author","embeddable":true,"href":"https:\/\/grandepremio.com\/br\/wp-json\/wp\/v2\/42wp_author?post=29127"}],"curies":[{"name":"wp","href":"https:\/\/api.w.org\/{rel}","templated":true}]}}