{"id":29170,"date":"2025-03-05T04:45:00","date_gmt":"2025-03-05T07:45:00","guid":{"rendered":"https:\/\/grandepremio.com\/br\/noticias\/iwasa-elogia-presenca-de-pilotos-estrangeiros-na-super-formula-e-fala-de-testes-em-suzuka\/"},"modified":"2025-03-04T23:36:41","modified_gmt":"2025-03-05T02:36:41","slug":"iwasa-elogia-presenca-de-pilotos-estrangeiros-na-super-formula-e-fala-de-testes-em-suzuka","status":"publish","type":"post","link":"https:\/\/grandepremio.com\/br\/super-formula\/iwasa-elogia-presenca-de-pilotos-estrangeiros-na-super-formula-e-fala-de-testes-em-suzuka\/","title":{"rendered":"Iwasa elogia presen\u00e7a de pilotos estrangeiros na Super F\u00f3rmula e fala de testes em Suzuka"},"content":{"rendered":"\n<p class=\"wp-block-paragraph\">H\u00e1 duas semanas, os testes de pr\u00e9-temporada&nbsp;da <strong>Super F\u00f3rmula<\/strong>&nbsp;foram realizados em um \u00fanico dia devido \u00e0 neve no circuito de <strong>Suzuka<\/strong>, local da primeira rodada dupla da temporada 2025, que est\u00e1 programada para come\u00e7ar nesta sexta-feira (7), com os primeiros treinos.<\/p>\n\n\n\n<p class=\"wp-block-paragraph\">Ap\u00f3s duas sess\u00f5es, uma delas atrapalhada pelo clima adverso pela manh\u00e3,\u00a0<strong>Ayumu Iwasa<\/strong>\u00a0fechou a atividade vespertina na nona posi\u00e7\u00e3o com o carro\u00a0da <strong>Mugen<\/strong>,\u00a0com o tempo de <strong>1min36s612<\/strong> \u2014 0s496 atr\u00e1s da melhor marca, que foi estabelecida por\u00a0<strong>Tadasuke Makino<\/strong>, da <strong>Dandelion<\/strong>.<\/p>\n\n\n\n<p class=\"wp-block-paragraph\">Ap\u00f3s o fim dos trabalhos, o jovem do programa de talentos\u00a0da <strong>Red Bull<\/strong>\u00a0falou com o <strong>GRANDE PR\u00caMIO<\/strong> em uma entrevista exclusiva e abordou os testes de pr\u00e9-temporada. &#8220;O teste foi muito bom e pudemos analisar v\u00e1rias coisas. Infelizmente, no come\u00e7o do dia, a situa\u00e7\u00e3o n\u00e3o era das melhores porque a pista estava molhada por causa da neve, e n\u00e3o conseguimos fazer simula\u00e7\u00f5es de corrida direito. Mas conseguimos extrair dados sobre o comportamento do pneu em condi\u00e7\u00f5es molhadas, porque tamb\u00e9m \u00e9 um composto novo para este ano&#8221;, come\u00e7ou.<\/p>\n\n\n\n<p class=\"wp-block-paragraph\">&#8220;A sess\u00e3o da tarde foi muito movimentada porque houve pouco tempo para voltas devido \u00e0s condi\u00e7\u00f5es da pista pela manh\u00e3, e pudemos verificar o funcionamento geral do carro&#8221;,&nbsp;acrescentou o ex-piloto da<strong><a href=\"https:\/\/www.grandepremio.com\/br\/f2\/\" target=\"_blank\" rel=\"noreferrer noopener\"> F\u00f3rmula 2<\/a><\/strong>. &#8220;[O asfalto] melhorou gradualmente, embora tenha sido dif\u00edcil encontrar condi\u00e7\u00f5es para sair, pilotar e aquecer os pneus. Tivemos de esperar um pouco at\u00e9 a \u00e1gua ser drenada, pois o asfalto tamb\u00e9m \u00e9 novo, e n\u00e3o quer\u00edamos correr muitos riscos com a pista no estado em que estava. Ent\u00e3o sa\u00edmos quando as condi\u00e7\u00f5es estavam melhores&#8221;, explicou.<\/p>\n\n\n\n<figure class=\"wp-block-image size-large\"><img decoding=\"async\" src=\"https:\/\/www.grandepremio.com\/br\/wp-content\/uploads\/2024\/04\/japao-2024-f1-treinos-livres-rb-ayumu-iwasa-02-1024x679.jpg\" alt=\"\" class=\"wp-image-797041\"\/><figcaption class=\"wp-element-caption\">Ayumu Iwasa falou sobre os testes da Super F\u00f3rmula (Foto: Red Bull Content Pool)<\/figcaption><\/figure>\n\n\n\n<p class=\"wp-block-paragraph\">\u25b6\ufe0f <strong>Inscreva-se nos dois canais do GRANDE PR\u00caMIO no YouTube:&nbsp;<a href=\"https:\/\/www.youtube.com\/channel\/UC9OlHEgxoaY6QY6nWPoiqQg?sub_confirmation=1\" target=\"_blank\" rel=\"noreferrer noopener\">GP<\/a>&nbsp;|&nbsp;<a href=\"https:\/\/www.youtube.com\/channel\/UC9csiS6q_C3C0FYhyr1rnFA?sub_confirmation=1\" target=\"_blank\" rel=\"noreferrer noopener\">GP2<\/a><\/strong><br>\u25b6\ufe0f <strong>LEIA TAMB\u00c9M:&nbsp;<a href=\"https:\/\/www.grandepremio.com\/br\/gptv\/noticias\/gptv-alcanca-2-milhoes-espectadores-prepara-novos-formatos-exibicao\/\">GPTV alcan\u00e7a 2 milh\u00f5es de espectadores e prepara novos formatos de exibi\u00e7\u00e3o<\/a><\/strong><\/p>\n\n\n\n<p class=\"wp-block-paragraph\">Falando especificamente sobre o segundo dia, que foi suspenso, o japon\u00eas esperava mais neve, algo que aconteceu. Apesar das condi\u00e7\u00f5es clim\u00e1ticas adversas que n\u00e3o permitiram o desenvolvimento normal dos programas previstos, Iwasa comentou que conseguiram testar tudo o que haviam planejado e esperava outras duas sess\u00f5es majoritariamente com pista molhada.<\/p>\n\n\n\n<p class=\"wp-block-paragraph\">Por \u00faltimo, o companheiro de <strong>Tomoki Nojiri<\/strong> apontou que \u00e9 muito bom para a Super F\u00f3rmula ter mais pilotos estrangeiros, como <strong>Sacha Fenestraz<\/strong> ou<strong> Zak O&#8217;Sullivan<\/strong>. &#8220;Acho que ser\u00e1 muito bom para o campeonato, pois ajudar\u00e1 a torn\u00e1-lo cada vez maior. Tamb\u00e9m \u00e9 muito bom para os pilotos e para as equipes em termos de divulga\u00e7\u00e3o internacional fora do Jap\u00e3o&#8221;, opinou.<\/p>\n\n\n\n<p class=\"wp-block-paragraph\">&#8220;Al\u00e9m disso, para a Super F\u00f3rmula, \u00e9 algo muito importante poder atrair cada vez mais f\u00e3s do exterior, e esta temporada demonstra um crescimento na quantidade de pilotos e de equipes&#8221;, encerrou Iwasa.<\/p>\n\n\n\n<p class=\"wp-block-paragraph\">A <strong>Super F\u00f3rmula<\/strong> voltar\u00e1 \u00e0 pista para a primeira etapa do campeonato entre os dias <strong>7 e 9 de mar\u00e7o<\/strong>, em <strong>Suzuka<\/strong>, que contar\u00e1 com duas corridas durante o fim de semana. O <strong>GRANDE PR\u00caMIO<\/strong> faz a cobertura completa.<\/p>\n\n\n\n<figure class=\"wp-block-embed is-type-video is-provider-youtube wp-block-embed-youtube wp-embed-aspect-16-9 wp-has-aspect-ratio\"><div class=\"wp-block-embed__wrapper\">\n<iframe loading=\"lazy\" title=\"\u2018AINDA ESTOU AQUI\u2019, A DITADURA MILITAR E O AUTOMOBILISMO NO BRASIL | Paddockast #183\" width=\"500\" height=\"281\" src=\"https:\/\/www.youtube.com\/embed\/5gcRPw1EvfA?feature=oembed\" frameborder=\"0\" allow=\"accelerometer; autoplay; clipboard-write; encrypted-media; gyroscope; picture-in-picture; web-share\" referrerpolicy=\"strict-origin-when-cross-origin\" allowfullscreen><\/iframe>\n<\/div><\/figure>\n","protected":false},"excerpt":{"rendered":"<p>Os testes da Super F\u00f3rmula foram cancelados no segundo dia no circuito de Suzuka, mas isso n\u00e3o impediu que o GRANDE PR\u00caMIO conversasse pessoalmente com Ayumu Iwasa, que admitiu que conseguiu trabalhar com os novos pneus de chuva para este ano<\/p>\n","protected":false},"author":0,"featured_media":1000758428,"comment_status":"closed","ping_status":"closed","sticky":false,"template":"","format":"standard","meta":{"42wp_featured_image_caption":"","42wp_featured_image_credits":"","42wp_featured_video":"","42wp_featured_image_hidden":false,"42wp_authors_list":[],"footnotes":""},"categories":[55],"tags":[28711,1491,28285,1512],"42wp_author":[47160],"class_list":["post-29170","post","type-post","status-publish","format-standard","has-post-thumbnail","hentry","category-super-formula","tag-ayumu-iwasa","tag-grande-premio","tag-grandepremio","tag-super-formula","42wp_author-vicente-soella"],"_links":{"self":[{"href":"https:\/\/grandepremio.com\/br\/wp-json\/wp\/v2\/posts\/29170","targetHints":{"allow":["GET"]}}],"collection":[{"href":"https:\/\/grandepremio.com\/br\/wp-json\/wp\/v2\/posts"}],"about":[{"href":"https:\/\/grandepremio.com\/br\/wp-json\/wp\/v2\/types\/post"}],"replies":[{"embeddable":true,"href":"https:\/\/grandepremio.com\/br\/wp-json\/wp\/v2\/comments?post=29170"}],"version-history":[{"count":0,"href":"https:\/\/grandepremio.com\/br\/wp-json\/wp\/v2\/posts\/29170\/revisions"}],"wp:featuredmedia":[{"embeddable":true,"href":"https:\/\/grandepremio.com\/br\/wp-json\/wp\/v2\/media\/1000758428"}],"wp:attachment":[{"href":"https:\/\/grandepremio.com\/br\/wp-json\/wp\/v2\/media?parent=29170"}],"wp:term":[{"taxonomy":"category","embeddable":true,"href":"https:\/\/grandepremio.com\/br\/wp-json\/wp\/v2\/categories?post=29170"},{"taxonomy":"post_tag","embeddable":true,"href":"https:\/\/grandepremio.com\/br\/wp-json\/wp\/v2\/tags?post=29170"},{"taxonomy":"42wp_author","embeddable":true,"href":"https:\/\/grandepremio.com\/br\/wp-json\/wp\/v2\/42wp_author?post=29170"}],"curies":[{"name":"wp","href":"https:\/\/api.w.org\/{rel}","templated":true}]}}