{"id":29204,"date":"2025-03-04T12:45:46","date_gmt":"2025-03-04T15:45:46","guid":{"rendered":"https:\/\/grandepremio.com\/br\/noticias\/ducati-confirma-especificacao-mais-moderna-marc-marquez-francesco-bagnaia-tailandia\/"},"modified":"2025-03-05T09:48:08","modified_gmt":"2025-03-05T12:48:08","slug":"ducati-confirma-especificacao-mais-moderna-marc-marquez-francesco-bagnaia-tailandia","status":"publish","type":"post","link":"https:\/\/grandepremio.com\/br\/motogp\/ducati-confirma-especificacao-mais-moderna-marc-marquez-francesco-bagnaia-tailandia\/","title":{"rendered":"Ducati confirma &#8220;especifica\u00e7\u00e3o mais moderna&#8221; para Marc M\u00e1rquez e Bagnaia na Tail\u00e2ndia"},"content":{"rendered":"\n<p class=\"wp-block-paragraph\">A <strong>Ducati <\/strong>confirmou que come\u00e7ou a temporada <strong>2025 <\/strong>da <strong>MotoGP <\/strong>com &#8220;uma especifica\u00e7\u00e3o mais moderna&#8221; para as motos de <strong>Marc M\u00e1rquez<\/strong>, <strong>Francesco Bagnaia <\/strong>e <strong>Fabio Di Giannantonio<\/strong>. O atestado vem na esteira das d\u00favidas resultantes pela op\u00e7\u00e3o da casa de <strong>Borgo Panigale <\/strong>de manter o motor de 2024, assim como alguns outros componentes da <strong>Desmosedici <\/strong>que ainda podem ser atualizados com o campeonato em curso. <\/p>\n\n\n\n<p class=\"wp-block-paragraph\">Diferente do que fez no ano passado, quando quatro pilotos tinham motos do ano, desta vez a Ducati optou por fornecer uma \u00fanica moto atualizada para uma estrutura privada. Assim, o escolhido foi Di Giannantonio, que vai para o segundo ano na <strong>VR46<\/strong>. <\/p>\n\n\n\n<p class=\"wp-block-paragraph\">Durante a pr\u00e9-temporada, por\u00e9m, a f\u00e1brica italiana optou por descartar o motor de 2025, j\u00e1 que M\u00e1rquez e Bagnaia entenderam que a vers\u00e3o anterior seguia sendo mais vantajosa. Assim, a diferen\u00e7a entre as motos oficiais e sat\u00e9lites foi reduzida, mas n\u00e3o completamente anulada. <\/p>\n\n\n\n<p class=\"wp-block-paragraph\">Ap\u00f3s o GP da Tail\u00e2ndia do fim de semana, em conversa com o site da revista inglesa <em>Autosport<\/em>, um porta-voz dos vermelhos confirmou que as diferen\u00e7as entre as motos. <\/p>\n\n\n\n<p class=\"wp-block-paragraph\">\u25b6\ufe0f <strong>Inscreva-se nos dois canais do GRANDE PR\u00caMIO no YouTube:&nbsp;<a href=\"https:\/\/www.youtube.com\/channel\/UC9OlHEgxoaY6QY6nWPoiqQg?sub_confirmation=1\" target=\"_blank\" rel=\"noreferrer noopener\">GP<\/a>&nbsp;|&nbsp;<a href=\"https:\/\/www.youtube.com\/channel\/UC9csiS6q_C3C0FYhyr1rnFA?sub_confirmation=1\" target=\"_blank\" rel=\"noreferrer noopener\">GP2<\/a><\/strong><br>\u25b6\ufe0f <strong>LEIA TAMB\u00c9M:&nbsp;<a href=\"https:\/\/www.grandepremio.com\/br\/gptv\/noticias\/gptv-alcanca-2-milhoes-espectadores-prepara-novos-formatos-exibicao\/\">GPTV alcan\u00e7a 2 milh\u00f5es de espectadores e prepara novos formatos de exibi\u00e7\u00e3o<\/a><\/strong><\/p>\n\n\n\n<figure class=\"wp-block-video\"><video class=\"video-js vjs-big-play-centered\" data-gp-vjs=\"1\" controls src=\"https:\/\/www.grandepremio.com\/br\/wp-content\/uploads\/2025\/03\/motogp-tailandia-marc-marquez-vitoria.mp4\"><\/video><figcaption class=\"wp-element-caption\">Marc M\u00e1rquez venceu em estreia com a Ducati na MotoGP (V\u00eddeo: MotoGP)<\/figcaption><\/figure>\n\n\n\n<p class=\"wp-block-paragraph\">&#8220;De fato, s\u00e3o duas especifica\u00e7\u00f5es diferentes. A de Marc, Pecco e Diggia inclui algumas pequenas mudan\u00e7as em compara\u00e7\u00e3o com a de \u00c1lex, Franco e Ferm\u00edn&#8221;, revelou. &#8220;Na especifica\u00e7\u00e3o mais moderna, levamos em considera\u00e7\u00e3o os coment\u00e1rios de Marc e Pecco&#8221;, acrescentou o membro da casa de Borgo Panigale, que enfatizou que as diferen\u00e7as entre os dois modelos &#8220;s\u00e3o pequenas&#8221;.<\/p>\n\n\n\n<p class=\"wp-block-paragraph\">Procurada pelo <strong>GRANDE PR\u00caMIIO<\/strong>, a Ducati confirmou que &#8220;os motores s\u00e3o realmente similares, mas um pouco diferentes&#8221;.<\/p>\n\n\n\n<p class=\"wp-block-paragraph\">Segundo colocado na corrida sprint e no GP em Buriram, <strong>\u00c1lex M\u00e1rquez <\/strong>explicou que os pilotos privados contam com uma vers\u00e3o da moto anterior \u00e0quela com que <strong>Ducati <\/strong>e <strong>Pramac <\/strong>finalizaram o campeonato passado. O piloto da <strong>Gresini <\/strong>indicou que a <strong>Desmosedici <\/strong>que utiliza era a titular na 11\u00aa das 20 etapas do campeonato.<\/p>\n\n\n\n<p class=\"wp-block-paragraph\">\u201cEles s\u00e3o os pilotos oficiais, ent\u00e3o t\u00eam uma vers\u00e3o mais nova\u201d, disse \u00c1lex M\u00e1rquez. \u201cA nossa vers\u00e3o \u00e9 a que eles tinham at\u00e9 a \u00c1ustria. Essa \u00e9 nossa vers\u00e3o da moto de 2024\u201d, apontou.<\/p>\n\n\n\n<p class=\"wp-block-paragraph\">\u201cTem algumas diferen\u00e7as, mas temos boas ferramentas para lutar em muitas corridas\u201d, garantiu. \u201cTalvez em volta lan\u00e7ada, [a diferen\u00e7a entre as motos de f\u00e1brica e as sat\u00e9lites] n\u00e3o seja realmente t\u00e3o grande. [Mas] para a corrida longa, eles t\u00eam uma pequena vantagem, mas n\u00e3o \u00e9 realmente t\u00e3o grande\u201d, concluiu.<\/p>\n\n\n\n<p class=\"wp-block-paragraph\">Bom lembrar que, ano passado, as equipes privadas iniciaram o campeonato com a vers\u00e3o da <strong>GP23 <\/strong>que abriu o campeonato. A moto foi, depois, atualizada, mas a Ducati precisou voltar atr\u00e1s por quest\u00e3o de confiabilidade.<\/p>\n\n\n\n<p class=\"wp-block-paragraph\">Questionado pelo site brit\u00e2nico <em>The Race<\/em> sobre a diferen\u00e7a entre a moto do fim de semana e aquela com que venceu o GP da Tail\u00e2ndia do ano passado, Bagnaia respondeu: \u201cA base \u00e9 a mesma, mas tem alguns detalhes que mudaram na moto\u201d.<\/p>\n\n\n\n<p class=\"wp-block-paragraph\">\u201cNo momento, \u00e9 similar\u2026 N\u00e3o \u00e9 segredo que temos um bra\u00e7o oscilante diferente. \u00c9 um pouco diferente, mas, honestamente, \u00e9 muito similar \u00e0 GP24\u201d, comparou. \u201cE n\u00f3s teremos mais tempo no futuro para testar outra vez o novo chassi ou a nova carenagem, mas, no momento, o mais importante era ter uma base clara e come\u00e7ar com ela\u201d, defendeu.<\/p>\n\n\n\n<p class=\"wp-block-paragraph\">Apesar da proximidade entre as motos, por\u00e9m, Bagnaia reconheceu que o feeling com o pacote atual ainda n\u00e3o \u00e9 t\u00e3o bom quanto com o anterior.<\/p>\n\n\n\n<p class=\"wp-block-paragraph\">Chefe da Ducati Corse,<strong> Gigi Dall\u2019Igna<\/strong> confirmou as diferen\u00e7as e destacou que as motos de Marc M\u00e1rquez, Bagnaia e Di Giannantonio podem ser atualizadas depois do teste de Jerez.<\/p>\n\n\n\n<p class=\"wp-block-paragraph\">\u201cTem, obviamente, uma diferen\u00e7a em alguns detalhes entre as motos de f\u00e1brica e as sat\u00e9lites\u201d, disse Dall\u2019Igna \u00e0 emissora italiana Sky. \u201cN\u00f3s, certamente, teremos outros desenvolvimentos planejados, que vamos avaliar no teste de Jerez. Ent\u00e3o vamos fazer mais ou menos as pr\u00f3ximas quatro etapas com essa configura\u00e7\u00e3o\u201d, indicou.<\/p>\n\n\n\n<p class=\"wp-block-paragraph\">A&nbsp;<strong><a href=\"https:\/\/grandepremio.com\/motovelocidade\/\" target=\"_blank\" rel=\"noreferrer noopener\">MotoGP<\/a><\/strong>&nbsp;volta a acelerar entre 14 a 16 de mar\u00e7o, para o retorno do&nbsp;<strong>GP da<\/strong>&nbsp;<strong><a href=\"https:\/\/es.grandepremio.com\/\" target=\"_blank\" rel=\"noreferrer noopener\">Argentina<\/a><\/strong>, em&nbsp;<strong>Termas de R\u00edo Hondo<\/strong>, com a segunda etapa da temporada 2025. O&nbsp;<strong>GRANDE PR\u00caMIO&nbsp;<\/strong>faz a cobertura completa do evento, assim como das outras classes do Mundial de&nbsp;<a href=\"https:\/\/www.grandepremio.com\/motovelocidade\/\">Motovelocidade&nbsp;<\/a>durante todo o ano.<\/p>\n\n\n\n<figure class=\"wp-block-embed is-type-video is-provider-youtube wp-block-embed-youtube wp-embed-aspect-16-9 wp-has-aspect-ratio\"><div class=\"wp-block-embed__wrapper\">\n<iframe loading=\"lazy\" title=\"GUIA 2025: APOSTAS E CERTEZAS PARA A TEMPORADA DA MOTOGP\" width=\"500\" height=\"281\" src=\"https:\/\/www.youtube.com\/embed\/nPUAX0FV0Vs?feature=oembed\" frameborder=\"0\" allow=\"accelerometer; autoplay; clipboard-write; encrypted-media; gyroscope; picture-in-picture; web-share\" referrerpolicy=\"strict-origin-when-cross-origin\" allowfullscreen><\/iframe>\n<\/div><\/figure>\n","protected":false},"excerpt":{"rendered":"<p>A Ducati confirmou que Marc M\u00e1rquez, Francesco Bagnaia e Fabio Di Giannantonio  come\u00e7aram a temporada 2025 com uma &#8220;especifica\u00e7\u00e3o mais moderna&#8221; em compara\u00e7\u00e3o com o que \u00e9 utilizado pelo trio de pilotos privados<\/p>\n","protected":false},"author":0,"featured_media":1000932910,"comment_status":"closed","ping_status":"closed","sticky":false,"template":"","format":"standard","meta":{"42wp_featured_image_caption":"","42wp_featured_image_credits":"","42wp_featured_video":"","42wp_featured_image_hidden":false,"42wp_authors_list":[],"footnotes":""},"categories":[8],"tags":[2090,24853,5214,131,2276,28833,2327,140,7855,1491,28285,3504,5455,1300,78,39739,847,34187,41828,81],"42wp_author":[47160],"class_list":["post-29204","post","type-post","status-publish","format-standard","has-post-thumbnail","hentry","category-motogp","tag-alex-marquez","tag-calendario-motogp","tag-classificacao-motogp","tag-ducati","tag-fabio-di-giannantonio","tag-fermin-aldeguer","tag-francesco-bagnaia","tag-franco-morbidelli","tag-gp-da-tailandia","tag-grande-premio","tag-grandepremio","tag-gresini","tag-horarios-motogp","tag-marc-marquez","tag-motogp","tag-motogp-2025","tag-mundial-de-motovelocidade","tag-onde-assistir-motogp","tag-temporada-2025-da-motogp","tag-vr46","42wp_author-vicente-soella"],"_links":{"self":[{"href":"https:\/\/grandepremio.com\/br\/wp-json\/wp\/v2\/posts\/29204","targetHints":{"allow":["GET"]}}],"collection":[{"href":"https:\/\/grandepremio.com\/br\/wp-json\/wp\/v2\/posts"}],"about":[{"href":"https:\/\/grandepremio.com\/br\/wp-json\/wp\/v2\/types\/post"}],"replies":[{"embeddable":true,"href":"https:\/\/grandepremio.com\/br\/wp-json\/wp\/v2\/comments?post=29204"}],"version-history":[{"count":0,"href":"https:\/\/grandepremio.com\/br\/wp-json\/wp\/v2\/posts\/29204\/revisions"}],"wp:featuredmedia":[{"embeddable":true,"href":"https:\/\/grandepremio.com\/br\/wp-json\/wp\/v2\/media\/1000932910"}],"wp:attachment":[{"href":"https:\/\/grandepremio.com\/br\/wp-json\/wp\/v2\/media?parent=29204"}],"wp:term":[{"taxonomy":"category","embeddable":true,"href":"https:\/\/grandepremio.com\/br\/wp-json\/wp\/v2\/categories?post=29204"},{"taxonomy":"post_tag","embeddable":true,"href":"https:\/\/grandepremio.com\/br\/wp-json\/wp\/v2\/tags?post=29204"},{"taxonomy":"42wp_author","embeddable":true,"href":"https:\/\/grandepremio.com\/br\/wp-json\/wp\/v2\/42wp_author?post=29204"}],"curies":[{"name":"wp","href":"https:\/\/api.w.org\/{rel}","templated":true}]}}