{"id":29363,"date":"2025-03-02T12:37:04","date_gmt":"2025-03-02T15:37:04","guid":{"rendered":"https:\/\/grandepremio.com\/br\/noticias\/alessandro-de-tullio-max-garcia-vencem-abertura-pro-2000-st-pete-nicolas-monteiro-e-7o\/"},"modified":"2025-03-02T12:45:09","modified_gmt":"2025-03-02T15:45:09","slug":"alessandro-de-tullio-max-garcia-vencem-abertura-pro-2000-st-pete-nicolas-monteiro-e-7o","status":"publish","type":"post","link":"https:\/\/grandepremio.com\/br\/indy\/alessandro-de-tullio-max-garcia-vencem-abertura-pro-2000-st-pete-nicolas-monteiro-e-7o\/","title":{"rendered":"De Tullio e Garcia vencem na abertura da Pro 2000 em St. Pete. Monteiro \u00e9 7\u00ba"},"content":{"rendered":"\n<p class=\"wp-block-paragraph\"><strong>Alessandro De Tullio<\/strong> e <strong>Max Garcia<\/strong> abriram a temporada da <strong>Pro 2000<\/strong> vencendo na rodada dupla em <strong>St. Pete<\/strong>, disputada neste fim de semana como preliminar das atividades da <strong>Indy<\/strong>. <strong>Nicolas Monteiro<\/strong> representou o <strong>Brasil<\/strong> nas duas corridas e finalizou em s\u00e9timo e 13\u00ba.<\/p>\n\n\n\n<p class=\"wp-block-paragraph\">A corrida 1 marcava o fim de um hiato de praticamente um ano e meio para De Tullio, que ficou distante das competi\u00e7\u00f5es por falta de patrocinadores. No retorno, mostrou valor ao anotar a pole e vencer a prova do s\u00e1bado (1), sem dar chance aos rivais.<\/p>\n\n\n\n<p class=\"wp-block-paragraph\">A disputa pela vit\u00f3ria foi contra Garcia, que chegou em segundo, 0s807 atr\u00e1s. Ambos abriram uma grande margem para <strong>Michael Costello<\/strong>, que completou o p\u00f3dio da corrida da Pro 2000.<\/p>\n\n\n\n<p class=\"wp-block-paragraph\">Na sequ\u00eancia, cruzaram a linha de chegada <strong>Mac Clark<\/strong>, <strong>Max Taylor<\/strong> e <strong>Cooper Becklin<\/strong>. Ent\u00e3o, veio Nicolas Monteiro, que foi um dos destaques da corrida da Pro 2000 ao ganhar 12 posi\u00e7\u00f5es, depois de ter largado em 19\u00ba. <strong>Jace Denmark<\/strong>, <strong>Logan Adams<\/strong> e <strong>Tanner DeFabis<\/strong> fecharam o top-10.<\/p>\n\n\n\n<figure class=\"wp-block-image size-large\"><img decoding=\"async\" src=\"https:\/\/www.grandepremio.com\/br\/wp-content\/uploads\/2025\/03\/Gk_b_V1XcAEwowj-1200x761.jpeg\" alt=\"\" class=\"wp-image-934083\"\/><figcaption class=\"wp-element-caption\">P\u00f3dio da corrida 1 em St. Pete (Foto: USF Championships)<\/figcaption><\/figure>\n\n\n\n<p class=\"wp-block-paragraph\">Na corrida 2, melhor para Garcia, que assumiu a lideran\u00e7a do campeonato com a vit\u00f3ria e ainda contou com o abandono de De Tullio. O piloto da <strong>Pabst<\/strong> tem 57 pontos contra 44 de Mac Clark, que foi o segundo na prova que encerrou o final de semana da Pro 2000.<\/p>\n\n\n\n<p class=\"wp-block-paragraph\"><strong>Jacob Douglas<\/strong> completou o p\u00f3dio do domingo (2), segurando o trenzinho formado por Taylor, <strong>Owen Tangavelou<\/strong>, Denmark e DeFabis. <strong>Sebastian Manson<\/strong>, <strong>George Garciarce<\/strong> e <strong>Frankie Moosman<\/strong> conclu\u00edram entre os dez primeiros. Monteiro cruzou a linha de chegada na Pro 2000 em 13\u00ba.<\/p>\n\n\n\n<p class=\"wp-block-paragraph\">A Pro 2000 retorna entre os dias 10 e 13 de abril para a rodada tripla no NOLA Motorsports Park, em Avondale. <\/p>\n\n\n\n<p class=\"wp-block-paragraph\">\u25b6\ufe0f\u00a0<strong>Inscreva-se nos dois canais do GRANDE PR\u00caMIO no YouTube:\u00a0<a href=\"https:\/\/www.youtube.com\/channel\/UC9OlHEgxoaY6QY6nWPoiqQg?sub_confirmation=1\" target=\"_blank\" rel=\"noreferrer noopener\">GP<\/a>\u00a0|\u00a0<a href=\"https:\/\/www.youtube.com\/channel\/UC9csiS6q_C3C0FYhyr1rnFA?sub_confirmation=1\" target=\"_blank\" rel=\"noreferrer noopener\">GP2<\/a><\/strong><br><strong><a href=\"https:\/\/www.grandepremio.com\/br\/indy\/noticias\/guia-2025-scott-mclaughlin-come-beiradas-surge-como-candidato-titulo-indy\/\">LEIA MAIS: GUIA 2025:<\/a>\u00a0McLaughlin\u00a0<a href=\"https:\/\/www.grandepremio.com\/br\/indy\/noticias\/guia-2025-scott-mclaughlin-come-beiradas-surge-como-candidato-titulo-indy\/\">come pelas beiradas e surge como candidato ao t\u00edtulo na<\/a>\u00a0Indy<\/strong><\/p>\n\n\n\n<figure class=\"wp-block-embed is-type-video is-provider-youtube wp-block-embed-youtube wp-embed-aspect-16-9 wp-has-aspect-ratio\"><div class=\"wp-block-embed__wrapper\">\n<iframe loading=\"lazy\" title=\"1812KM DO CATAR COM IMAGENS | 1\u00aa ETAPA |  CORRIDA | FIA WEC 2025\" width=\"500\" height=\"281\" src=\"https:\/\/www.youtube.com\/embed\/VR4EQrOjMQk?feature=oembed\" frameborder=\"0\" allow=\"accelerometer; autoplay; clipboard-write; encrypted-media; gyroscope; picture-in-picture; web-share\" referrerpolicy=\"strict-origin-when-cross-origin\" allowfullscreen><\/iframe>\n<\/div><\/figure>\n\n\n\n<p class=\"wp-block-paragraph\"><\/p>\n","protected":false},"excerpt":{"rendered":"<p>Nicolas Monteiro foi um dos destaques da corrida 1 ao sair de 19\u00ba e terminar em s\u00e9timo. Max Garcia deixa St. Pete na lideran\u00e7a do campeonato da Pro 2000<\/p>\n","protected":false},"author":0,"featured_media":1000934084,"comment_status":"closed","ping_status":"closed","sticky":false,"template":"","format":"standard","meta":{"42wp_featured_image_caption":"","42wp_featured_image_credits":"","42wp_featured_video":"","42wp_featured_image_hidden":false,"42wp_authors_list":[],"footnotes":""},"categories":[3],"tags":[5660,26345,619,26343,42784,42786,42785,93,39054,27726,38111,32908,42474,34788,1820,26240,26239,41036,33231],"42wp_author":[47155],"class_list":["post-29363","post","type-post","status-publish","format-standard","has-post-thumbnail","hentry","category-indy","tag-classificacao","tag-florida","tag-formula-indy","tag-gp-de-st-pete","tag-guia-2025","tag-guia-da-formula-indy-2025","tag-guia-da-indy-2025","tag-indy","tag-indy-2025","tag-indy-ao-vivo","tag-indy-live","tag-indy-nxt","tag-indy-tv-2025","tag-max-garcia","tag-pro-2000","tag-sao-petersburgo","tag-st-pete-2","tag-temporada-2025-da-indy","tag-usf-pro-2000","42wp_author-daniel-balsa"],"_links":{"self":[{"href":"https:\/\/grandepremio.com\/br\/wp-json\/wp\/v2\/posts\/29363","targetHints":{"allow":["GET"]}}],"collection":[{"href":"https:\/\/grandepremio.com\/br\/wp-json\/wp\/v2\/posts"}],"about":[{"href":"https:\/\/grandepremio.com\/br\/wp-json\/wp\/v2\/types\/post"}],"replies":[{"embeddable":true,"href":"https:\/\/grandepremio.com\/br\/wp-json\/wp\/v2\/comments?post=29363"}],"version-history":[{"count":0,"href":"https:\/\/grandepremio.com\/br\/wp-json\/wp\/v2\/posts\/29363\/revisions"}],"wp:featuredmedia":[{"embeddable":true,"href":"https:\/\/grandepremio.com\/br\/wp-json\/wp\/v2\/media\/1000934084"}],"wp:attachment":[{"href":"https:\/\/grandepremio.com\/br\/wp-json\/wp\/v2\/media?parent=29363"}],"wp:term":[{"taxonomy":"category","embeddable":true,"href":"https:\/\/grandepremio.com\/br\/wp-json\/wp\/v2\/categories?post=29363"},{"taxonomy":"post_tag","embeddable":true,"href":"https:\/\/grandepremio.com\/br\/wp-json\/wp\/v2\/tags?post=29363"},{"taxonomy":"42wp_author","embeddable":true,"href":"https:\/\/grandepremio.com\/br\/wp-json\/wp\/v2\/42wp_author?post=29363"}],"curies":[{"name":"wp","href":"https:\/\/api.w.org\/{rel}","templated":true}]}}