{"id":29540,"date":"2025-02-28T18:17:39","date_gmt":"2025-02-28T21:17:39","guid":{"rendered":"https:\/\/grandepremio.com\/br\/noticias\/antonio-fuoco-supera-robert-kubica-puxa-1-2-3-ferrari-1812-km-catar-wec\/"},"modified":"2025-02-28T22:03:05","modified_gmt":"2025-03-01T01:03:05","slug":"antonio-fuoco-supera-robert-kubica-puxa-1-2-3-ferrari-1812-km-catar-wec","status":"publish","type":"post","link":"https:\/\/grandepremio.com\/br\/endurance\/wec\/antonio-fuoco-supera-robert-kubica-puxa-1-2-3-ferrari-1812-km-catar-wec\/","title":{"rendered":"Fuoco supera Kubica e puxa 1-2-3 da Ferrari nos 1812 km do Catar do WEC"},"content":{"rendered":"\n<p class=\"wp-block-paragraph\">Os <strong>1812 km do Catar<\/strong>, etapa de abertura da temporada 2025 do <strong>Mundial de Endurance<\/strong> (<strong>WEC<\/strong>), foram eletrizantes do in\u00edcio ao fim e mostraram muita competitividade entre as equipes, tanto na classe dos <strong>hipercarros<\/strong> quanto entre os <strong>LMGT3<\/strong>. Por fim, <strong>Antonio Fuoco<\/strong> soube tirar proveito de cada oportunidade, mostrou consist\u00eancia nos \u00faltimos stints e cruzou a linha de chegada na primeira posi\u00e7\u00e3o com a <strong>Ferrari #50<\/strong>.<\/p>\n\n\n\n<p class=\"wp-block-paragraph\">Ap\u00f3s <strong>Antonio Giovinazzi<\/strong> <a href=\"https:\/\/www.grandepremio.com\/br\/endurance\/wec\/noticias\/antonio-giovinazzi-bate-dries-vanthoor-poe-ferrari-51-pole-1812-km-catar-wec\/\">conquistar a pole-position de maneira magistral<\/a> com a <strong>Ferrari #51<\/strong>, <strong>James Calado<\/strong> largou bem e conseguiu segurar o \u00edmpeto dos advers\u00e1rios durante a primeira hora da prova para se manter na primeira posi\u00e7\u00e3o e abrir 7s de vantagem antes da primeira rodada de pit-stops. Logo atr\u00e1s, <strong>Nicklas Nielsen<\/strong> foi mais esperto do que <strong>Kevin Magnussen<\/strong> e ultrapassou o <strong>BMW #15<\/strong> nos instantes iniciais, levando a Ferrari #50 ao segundo lugar.<\/p>\n\n\n\n<p class=\"wp-block-paragraph\">O ex-piloto da <strong>Haas<\/strong> na <strong>F\u00f3rmula 1<\/strong> seguia consistente no top-3, mas sofreu com um problema eletr\u00f4nico ap\u00f3s o fim da primeira bandeira amarela e acabou despencando para a nona posi\u00e7\u00e3o, abrindo caminho para <strong>Ren\u00e9 Rast<\/strong>, a bordo do <strong>BMW #20<\/strong>, escalar o grid e subir para o quarto lugar, atr\u00e1s de <strong>Ferdinand Habsburg<\/strong>, na <strong>Alpine #35<\/strong>, e \u00e0 frente de <strong>Robert Kubica<\/strong>, da <strong>AF Corse #83<\/strong>, quinto colocado.<\/p>\n\n\n\n<p class=\"wp-block-paragraph\">Com o <strong>Cadillac #38<\/strong> da <strong>Jota<\/strong>, <strong>Earl Bamber<\/strong> largou da quinta coloca\u00e7\u00e3o, mas acabou se envolvendo em um incidente com <strong>James Cottingham<\/strong>, da <strong>McLaren #59<\/strong> da <strong>United Autosports<\/strong>, que compete na classe LMGT3, e rodou, caindo para o 17\u00ba lugar. Enquanto isso, <strong>Julien Andlauer<\/strong> teve de levar o <strong>Porsche #5<\/strong> mais cedo aos boxes por causa de um furo no pneu e deixou o top-10.<\/p>\n\n\n\n<figure class=\"wp-block-video\"><video class=\"video-js vjs-big-play-centered\" data-gp-vjs=\"1\" controls src=\"https:\/\/www.grandepremio.com\/br\/wp-content\/uploads\/2025\/02\/largada-1812km-catar-fia-wec-2025.mp4\"><\/video><figcaption class=\"wp-element-caption\">James Calado largou bem e defendeu lideran\u00e7a da Ferrari #51 (V\u00eddeo: Reprodu\u00e7\u00e3o\/GRANDE PR\u00caMIO)<\/figcaption><\/figure>\n\n\n\n<p class=\"wp-block-paragraph\">\u25b6\ufe0f <strong>Inscreva-se nos dois canais do GRANDE PR\u00caMIO no YouTube:&nbsp;<a href=\"https:\/\/www.youtube.com\/channel\/UC9OlHEgxoaY6QY6nWPoiqQg?sub_confirmation=1\" target=\"_blank\" rel=\"noreferrer noopener\">GP<\/a>&nbsp;|&nbsp;<a href=\"https:\/\/www.youtube.com\/channel\/UC9csiS6q_C3C0FYhyr1rnFA?sub_confirmation=1\" target=\"_blank\" rel=\"noreferrer noopener\">GP2<\/a><\/strong><br>\u25b6\ufe0f <strong><strong>LEIA TAMB\u00c9M:&nbsp;<a href=\"https:\/\/www.grandepremio.com\/br\/gptv\/noticias\/gptv-alcanca-2-milhoes-espectadores-prepara-novos-formatos-exibicao\/\">GPTV alcan\u00e7a 2 milh\u00f5es de espectadores e prepara novos formatos de exibi\u00e7\u00e3o<\/a><\/strong><\/strong><\/p>\n\n\n\n<p class=\"wp-block-paragraph\">Ap\u00f3s duas horas de corrida, algumas situa\u00e7\u00f5es inusitadas come\u00e7aram a acontecer. A principal delas envolveu os dois carros da Jota, que puxavam o pelot\u00e3o durante o safety-car causado pelo <strong>Mercedes #61<\/strong> da <strong>Iron Lynx<\/strong>, que teve problemas. Momentos antes da relargada, <strong>Alex Lynn<\/strong>, no Cadillac #12, julgou errado a dist\u00e2ncia que tinha para <strong>Jenson Button<\/strong>, no #38, e acabou acertando a traseira do companheiro de equipe. Ambos, claro, tiveram de ir aos boxes para consertar os danos e acabaram perdendo muitas posi\u00e7\u00f5es.<\/p>\n\n\n\n<p class=\"wp-block-paragraph\">Como resultado, a Ferrari voltou a colocar tr\u00eas carros nas primeiras posi\u00e7\u00f5es. Antes disso, por\u00e9m, o #51 da escuderia de Maranello se envolveu em um duelo com o BMW #15, que acabou levando a pior, rodou na pista e viu as chances de vit\u00f3ria ficarem mais distantes. Ao mesmo tempo, o <strong>Aston Martin Valkyrie #009<\/strong>, estreante no WEC em 2025, apresentou um problema na porta \u2014 <a href=\"https:\/\/www.grandepremio.com\/br\/video\/endurance\/wec\/aston-martin-estreia-hipercarros-wec-porta-voadora-1812-km-catar\/\">que acabou se soltando<\/a> \u2014 e teve de realizar uma parada for\u00e7ada, com <strong>Alex Riberas<\/strong> assumindo o lugar de <strong>Harry Tincknell<\/strong>.<\/p>\n\n\n\n<p class=\"wp-block-paragraph\">No fim das primeiras tr\u00eas horas, Govinazzi liderava, seguido de perto por Fuoco e <strong>Yifei Ye<\/strong>. <strong>Robin Frijns<\/strong> mantinha o BMW #20 em quarto lugar, enquanto <strong>Brendon Hartley<\/strong> liderava a recupera\u00e7\u00e3o da <strong>Toyota<\/strong> e colocava o <strong>#8<\/strong> no top-5. Na LMGT3, <strong>Fenn Gehrisitz<\/strong> ocupava a primeira posi\u00e7\u00e3o com o <strong>Lexus #78<\/strong>.<\/p>\n\n\n\n<figure class=\"wp-block-video\"><video class=\"video-js vjs-big-play-centered\" data-gp-vjs=\"1\" controls src=\"https:\/\/www.grandepremio.com\/br\/wp-content\/uploads\/2025\/02\/batida-JOTA-cadillac-relargada-1812km-catar-fia-wec-2025.mp4\"><\/video><figcaption class=\"wp-element-caption\">Lynn acerta Button (V\u00eddeo: Reprodu\u00e7\u00e3o\/GRANDE PR\u00caMIO)<\/figcaption><\/figure>\n\n\n\n<p class=\"wp-block-paragraph\">Na metade da corrida, a Ferrari #51 acabou recebendo duas puni\u00e7\u00f5es \u2014 uma por infra\u00e7\u00e3o durante o regime de safety-car virtual e outra por excesso de velocidade no pit-lane \u2014 e viu a #50 ocupar o topo da tabela. Naquele momento, <strong>Nyck de Vries<\/strong>, no <strong>Toyota #7<\/strong>, encontrava-se na terceira posi\u00e7\u00e3o. <strong>Ryo Hirakawa<\/strong>, no Toyota #8, e Rast, no BMW #20, completavam o top-5<\/p>\n\n\n\n<p class=\"wp-block-paragraph\">No entanto, ap\u00f3s a relargada do terceiro safety-car, causado por detritos deixados pelo <strong>Proton #99<\/strong>, <strong>Phil Hanson<\/strong> conseguiu superar <strong>Miguel Molina<\/strong> e colocou a AF Corse #83 na ponta. A situa\u00e7\u00e3o seguiu da mesma forma ap\u00f3s a quarta entrada do carro de seguran\u00e7a, que teve de intervir quando o <strong>Ford Mustang #77<\/strong> <a href=\"https:\/\/www.grandepremio.com\/br\/video\/endurance\/wec\/que-susto-mustang-proton-pega-fogo-meio-reta-principal-durante-1812-km-catar-wec\/\">viu o motor pegar fogo<\/a> e teve de encostar na lateral da pista.<\/p>\n\n\n\n<p class=\"wp-block-paragraph\">Hanson conseguiu segurar Molina por mais algumas voltas, mas o espanhol acabou pressionando na reta principal momentos depois e retomou o primeiro lugar. Desta forma, tudo parecia estar se encaminhando para a vit\u00f3ria do #50 j\u00e1 naquele momento, mas as duas \u00faltimas rodadas de pit-stops acabaram colocando ainda mais lenha na fogueira.<\/p>\n\n\n\n<p class=\"wp-block-paragraph\">Ap\u00f3s assumir a AF Corse #83 durante a pen\u00faltima troca de pneus, Kubica apertou o ritmo e se aproximou muito do #50 quando Fuoco sa\u00eda do pit-lane. Algumas curvas depois, entretanto, o polon\u00eas soube tirar proveito dos pneus frios do advers\u00e1rio e ultrapassou o italiano no momento em que o cron\u00f4metro marcava 1h38min para a bandeira quadriculada.<\/p>\n\n\n\n<figure class=\"wp-block-video\"><video class=\"video-js vjs-big-play-centered\" data-gp-vjs=\"1\" controls src=\"https:\/\/www.grandepremio.com\/br\/wp-content\/uploads\/2025\/02\/ultima-volta-1812km-catar-ferrari-50-fuoco-fia-wec-2025.mp4\"><\/video><figcaption class=\"wp-element-caption\">Robert Kubica e Alessandro Pier Guidi travam duelo at\u00e9 o fim e completam p\u00f3dio triplo da Ferrari (V\u00eddeo: Reprodu\u00e7\u00e3o\/GRANDE PR\u00caMIO)<\/figcaption><\/figure>\n\n\n\n<p class=\"wp-block-paragraph\">Mas uma nova reviravolta veio a acontecer quando restavam menos de 50 minutos para o fim. Na \u00faltima ida aos boxes, a Ferrari #50 decidiu n\u00e3o trocar os pneus e ainda encurtar o tempo de abastecimento, voltando \u00e0 pista com uma vantagem de aproximadamente 8s em rela\u00e7\u00e3o ao segundo colocado. A partir deste momento, Fuoco precisou apenas administrar a dist\u00e2ncia para cruzar a linha 2s348 \u00e0 frente.<\/p>\n\n\n\n<p class=\"wp-block-paragraph\">Por sua vez, Kubica ainda teve de lidar com a press\u00e3o imposta por <strong>Alessandro Pier Guidi<\/strong>, na Ferrari #51, que se aproximou muito nos giros derradeiros e tentou diversas manobras para cima do veterano polon\u00eas, mas acabou n\u00e3o conseguindo encontrar uma brecha e teve de se contentar com o terceiro lugar, apenas 0s329 atr\u00e1s.<\/p>\n\n\n\n<p class=\"wp-block-paragraph\">Mas a emo\u00e7\u00e3o n\u00e3o ficou apenas por conta dos hipercarros. Na LMGT3, <strong>Daniel Juncadella<\/strong>, no <strong>Corvette #33<\/strong> da <strong>TF Sport<\/strong>, superou <strong>Gr\u00e9goire Saucy<\/strong>, da United Autosports #59, por uma margem ainda menor na linha de chegada, j\u00e1 que apenas 0s439 separavam os dois. <strong>Timur Boguslavskiy<\/strong>, a bordo do <strong>BMW #31<\/strong> de <strong>Augusto Farfus<\/strong>, completou o top-3. O <strong>Aston Martin #10<\/strong> de <strong>Dudu Barrichello<\/strong> terminou em nono.<\/p>\n\n\n\n<p class=\"wp-block-paragraph\">O <strong>Mundial de Endurance<\/strong> retorna somente no fim de semana do dia<strong> 20 de abril<\/strong>, com as <strong>6 Horas de \u00cdmola<\/strong>, no Aut\u00f3dromo Enzo e Dino Ferrari. O&nbsp;<strong>GRANDE PR\u00caMIO<\/strong>&nbsp;exibe a temporada completa do <strong>WEC&nbsp;2025<\/strong>&nbsp;no canal do&nbsp;<strong>YouTube<\/strong>, e tamb\u00e9m na&nbsp;<strong>GPTV<\/strong>, que pode ser vista no 702 da LG, no 1011 da TCL e em site e app da&nbsp;<strong>S\u00f3Play<\/strong>.<\/p>\n\n\n\n<figure class=\"wp-block-embed is-type-video is-provider-youtube wp-block-embed-youtube wp-embed-aspect-4-3 wp-has-aspect-ratio\"><div class=\"wp-block-embed__wrapper\">\n<iframe loading=\"lazy\" title=\"1812KM DO CATAR COM IMAGENS | 1\u00aa ETAPA |  CORRIDA | FIA WEC 2025\" width=\"500\" height=\"281\" src=\"https:\/\/www.youtube.com\/embed\/VR4EQrOjMQk?feature=oembed\" frameborder=\"0\" allow=\"accelerometer; autoplay; clipboard-write; encrypted-media; gyroscope; picture-in-picture; web-share\" referrerpolicy=\"strict-origin-when-cross-origin\" allowfullscreen><\/iframe>\n<\/div><\/figure>\n","protected":false},"excerpt":{"rendered":"<p>Em prova repleta de reviravoltas, Antonio Fuoco liderou o dom\u00ednio da Ferrari no circuito de Lusail e cruzou a linha de chegada na primeira posi\u00e7\u00e3o com o #50. Robert Kubica segurou a press\u00e3o final de Alessandro Pier Guidi e ficou em segundo com a AF Corse #83<\/p>\n","protected":false},"author":0,"featured_media":1000933479,"comment_status":"closed","ping_status":"closed","sticky":false,"template":"","format":"standard","meta":{"42wp_featured_image_caption":"","42wp_featured_image_credits":"","42wp_featured_video":"","42wp_featured_image_hidden":false,"42wp_authors_list":[],"footnotes":""},"categories":[52],"tags":[5200,456,72,729,36399,36401,36398,36400,8330,1420,427,207,882,1491,28285,9048,16928,357,34541,736,1094,41662,41663,178,356,34540],"42wp_author":[47160],"class_list":["post-29540","post","type-post","status-publish","format-standard","has-post-thumbnail","hentry","category-wec","tag-antonio-fuoco","tag-antonio-giovinazzi","tag-augusto-farfus","tag-cadillac","tag-calendario-mundial-de-endurance","tag-calendario-wec","tag-classificacao-mundial-de-endurance","tag-classificacao-wec","tag-corvette","tag-dudu-barrichello","tag-endurance","tag-ferrari","tag-ford","tag-grande-premio","tag-grandepremio","tag-jota","tag-miguel-molina","tag-mundial-de-endurance","tag-mundial-de-endurance-2025","tag-porsche","tag-robert-kubica","tag-temporada-2025-do-mundial-de-endurance","tag-temporada-2025-do-wec","tag-toyota","tag-wec","tag-wec-2025","42wp_author-vicente-soella"],"_links":{"self":[{"href":"https:\/\/grandepremio.com\/br\/wp-json\/wp\/v2\/posts\/29540","targetHints":{"allow":["GET"]}}],"collection":[{"href":"https:\/\/grandepremio.com\/br\/wp-json\/wp\/v2\/posts"}],"about":[{"href":"https:\/\/grandepremio.com\/br\/wp-json\/wp\/v2\/types\/post"}],"replies":[{"embeddable":true,"href":"https:\/\/grandepremio.com\/br\/wp-json\/wp\/v2\/comments?post=29540"}],"version-history":[{"count":0,"href":"https:\/\/grandepremio.com\/br\/wp-json\/wp\/v2\/posts\/29540\/revisions"}],"wp:featuredmedia":[{"embeddable":true,"href":"https:\/\/grandepremio.com\/br\/wp-json\/wp\/v2\/media\/1000933479"}],"wp:attachment":[{"href":"https:\/\/grandepremio.com\/br\/wp-json\/wp\/v2\/media?parent=29540"}],"wp:term":[{"taxonomy":"category","embeddable":true,"href":"https:\/\/grandepremio.com\/br\/wp-json\/wp\/v2\/categories?post=29540"},{"taxonomy":"post_tag","embeddable":true,"href":"https:\/\/grandepremio.com\/br\/wp-json\/wp\/v2\/tags?post=29540"},{"taxonomy":"42wp_author","embeddable":true,"href":"https:\/\/grandepremio.com\/br\/wp-json\/wp\/v2\/42wp_author?post=29540"}],"curies":[{"name":"wp","href":"https:\/\/api.w.org\/{rel}","templated":true}]}}