{"id":29643,"date":"2025-02-28T12:59:25","date_gmt":"2025-02-28T15:59:25","guid":{"rendered":"https:\/\/grandepremio.com\/br\/noticias\/andrea-kimi-antonelli-ve-inicio-decente-mercedes-2025-se-diz-muito-animado-para-australia\/"},"modified":"2025-02-28T13:05:27","modified_gmt":"2025-02-28T16:05:27","slug":"andrea-kimi-antonelli-ve-inicio-decente-mercedes-2025-se-diz-muito-animado-para-australia","status":"publish","type":"post","link":"https:\/\/grandepremio.com\/br\/f1\/andrea-kimi-antonelli-ve-inicio-decente-mercedes-2025-se-diz-muito-animado-para-australia\/","title":{"rendered":"Antonelli v\u00ea &#8220;in\u00edcio decente&#8221; da Mercedes em 2025 e se diz &#8220;muito animado&#8221; para Austr\u00e1lia"},"content":{"rendered":"\n<p class=\"wp-block-paragraph\">Ap\u00f3s completar o terceiro e \u00faltimo dia dos testes coletivos de pr\u00e9-temporada da <strong>F\u00f3rmula 1<\/strong>, <strong>Andrea Kimi Antonelli<\/strong> falou do trabalho realizado com a <strong>Mercedes<\/strong> no <strong>Bahrein<\/strong> e disse que se sentiu muito bem a bordo do <strong>W16<\/strong>, embora tenha reconhecido que ainda h\u00e1 muito a ser feito. Desta forma, garantiu que vai passar alguns dias na f\u00e1brica em Brackley para se preparar da melhor maneira para o <strong>GP da Austr\u00e1lia<\/strong>, etapa que abre o calend\u00e1rio de 2025.<\/p>\n\n\n\n<p class=\"wp-block-paragraph\">O jovem italiano come\u00e7ou as atividades no circuito de <strong>Sakhir<\/strong> com o p\u00e9 direito, j\u00e1 que <a href=\"https:\/\/www.grandepremio.com\/br\/f1\/noticias\/andrea-kimi-antonelli-sacode-lidera-manha-1-dia-testes-formula-1-bahrein-lewis-hamilton-5\/\">liderou a sess\u00e3o matutina de quarta-feira (26)<\/a>. Nesta sexta-feira, ficou respons\u00e1vel novamente pelas primeiras horas do dia, cravou 1min30s888 e <a href=\"https:\/\/www.grandepremio.com\/br\/f1\/noticias\/george-russell-encerra-pre-temporada-f1-lideranca-bahrein-gabriel-bortoleto-16o\/\">terminou na d\u00e9cima posi\u00e7\u00e3o da classifica\u00e7\u00e3o geral<\/a> \u2014 1s343 atr\u00e1s do tempo mais r\u00e1pido, anotado por <strong>George Russell<\/strong>, companheiro de equipe.<\/p>\n\n\n\n<p class=\"wp-block-paragraph\">De qualquer forma, o novato comemorou a estreia oficial na <strong>F1<\/strong> e, embora tenha se adaptado bem ao b\u00f3lido prateado, deixou claro que a Mercedes precisa trabalhar para entender melhor o novo modelo e tamb\u00e9m o comportamento dos pneus. &#8220;Foi bom estar de volta para os testes oficiais, e me senti muito bem no carro&#8221;, come\u00e7ou Antonelli em entrevista \u00e0 <em>F1TV<\/em>.<\/p>\n\n\n\n<p class=\"wp-block-paragraph\">&#8220;Obviamente, ainda temos algum trabalho a fazer para entender o carro e os pneus. Mas, no geral, acho que fizemos um bom trabalho. Na noite passada, completei uma dist\u00e2ncia de corrida de uma vez s\u00f3 e foi muito legal. Foi um teste positivo. Como eu disse antes, ainda temos algumas coisas para ajustar, mas foi um in\u00edcio decente, mal posso esperar para chegar a <strong>Melbourne<\/strong>&#8220;, continuou.<\/p>\n\n\n\n<figure class=\"wp-block-image size-large\"><img decoding=\"async\" src=\"https:\/\/www.grandepremio.com\/br\/wp-content\/uploads\/2025\/02\/f1-2025-bahrain-pre-season-mercedes-kimi-antonelli-01-1200x812.jpeg\" alt=\"\" class=\"wp-image-933030\"\/><figcaption class=\"wp-element-caption\">Andrea Kimi Antonelli encerrou os testes na d\u00e9cima posi\u00e7\u00e3o (Foto: Mercedes)<\/figcaption><\/figure>\n\n\n\n<p class=\"wp-block-paragraph\">\u25b6\ufe0f <strong>Inscreva-se nos dois canais do GRANDE PR\u00caMIO no YouTube:\u00a0<a href=\"https:\/\/www.youtube.com\/channel\/UC9OlHEgxoaY6QY6nWPoiqQg?sub_confirmation=1\" target=\"_blank\" rel=\"noreferrer noopener\">GP<\/a>\u00a0|\u00a0<a href=\"https:\/\/www.youtube.com\/channel\/UC9csiS6q_C3C0FYhyr1rnFA?sub_confirmation=1\" target=\"_blank\" rel=\"noreferrer noopener\">GP2<\/a><\/strong><br>\u25b6\ufe0f <strong><strong>LEIA TAMB\u00c9M:\u00a0<a href=\"https:\/\/www.grandepremio.com\/br\/gptv\/noticias\/gptv-alcanca-2-milhoes-espectadores-prepara-novos-formatos-exibicao\/\">GPTV alcan\u00e7a 2 milh\u00f5es de espectadores e prepara novos formatos de exibi\u00e7\u00e3o<\/a><\/strong><\/strong><\/p>\n\n\n\n<p class=\"wp-block-paragraph\">Com o fim dos testes de pr\u00e9-temporada, pilotos e equipes agora se preparam para viajar at\u00e9 a <strong>Austr\u00e1lia<\/strong>, palco da abertura do campeonato, entre os dias 14 e 16 de mar\u00e7o. Nesse meio tempo, o piloto de 18 anos revelou que vai passar mais alguns dias na f\u00e1brica para se preparar melhor, considerando que os trabalhos come\u00e7am com uma rodada dupla.<\/p>\n\n\n\n<p class=\"wp-block-paragraph\">&#8220;A pr\u00f3ximo vez que estarei na pista ser\u00e1 em Melbourne. Estou muito animado, \u00e9 uma grande oportunidade. Vou passar mais alguns dias na f\u00e1brica para me preparar para Melbourne, e tamb\u00e9m para as outras corridas. Teremos uma rodada dupla, Melbourne e <strong>China<\/strong>, e mal posso esperar&#8221;, concluiu.<\/p>\n\n\n\n<p class=\"wp-block-paragraph\">A\u00a0<strong><a href=\"https:\/\/www.grandepremio.com\/br\/f1\/\" target=\"_blank\" rel=\"noreferrer noopener\"><\/a><a href=\"https:\/\/www.grandepremio.com\/br\/f1\/\" target=\"_blank\" rel=\"noreferrer noopener\">F\u00f3rmula 1<\/a>\u00a0<\/strong>agora retorna dos dias\u00a0<strong>14 a 16 de mar\u00e7o<\/strong>\u00a0para o\u00a0<strong>GP da Austr\u00e1lia<\/strong>, etapa de abertura da temporada 2025. O\u00a0<strong>GRANDE PR\u00caMIO<\/strong>\u00a0acompanha todas as atividades\u00a0<strong>AO VIVO\u00a0<\/strong>e\u00a0<strong>EM\u00a0<a href=\"https:\/\/www.grandepremio.com\/br\/ao-vivo\/\" target=\"_blank\" rel=\"noreferrer noopener\">TEMPO REAL<\/a><\/strong>.<\/p>\n\n\n\n<figure class=\"wp-block-embed is-type-video is-provider-youtube wp-block-embed-youtube wp-embed-aspect-16-9 wp-has-aspect-ratio\"><div class=\"wp-block-embed__wrapper\">\n<iframe loading=\"lazy\" title=\"RUSSELL BATE VERSTAPPEN, BORTOLETO COM PROBLEMA E CAOS: O DIA 3 DA F1 2025 NO BAHREIN | BRIEFING\" width=\"500\" height=\"281\" src=\"https:\/\/www.youtube.com\/embed\/4zwzC4PH4OQ?feature=oembed\" frameborder=\"0\" allow=\"accelerometer; autoplay; clipboard-write; encrypted-media; gyroscope; picture-in-picture; web-share\" referrerpolicy=\"strict-origin-when-cross-origin\" allowfullscreen><\/iframe>\n<\/div><\/figure>\n","protected":false},"excerpt":{"rendered":"<p>Andrea Kimi Antonelli aprovou o desempenho da Mercedes durante os testes no Bahrein, mas disse que a equipe ainda precisa trabalhar para entender melhor o W16 e o comportamento dos pneus<\/p>\n","protected":false},"author":0,"featured_media":1000933029,"comment_status":"closed","ping_status":"closed","sticky":false,"template":"","format":"standard","meta":{"42wp_featured_image_caption":"","42wp_featured_image_credits":"","42wp_featured_video":"","42wp_featured_image_hidden":false,"42wp_authors_list":[],"footnotes":""},"categories":[2],"tags":[27861,5660,969,147,3630,642,160,180,3628,1491,30103,28285,82,42832],"42wp_author":[47160],"class_list":["post-29643","post","type-post","status-publish","format-standard","has-post-thumbnail","hentry","category-f1","tag-andrea-kimi-antonelli","tag-classificacao","tag-corrida","tag-f1","tag-f1-2025","tag-f1-ao-vivo","tag-f1-tv","tag-formula-1","tag-formula-1-2025","tag-grande-premio","tag-grande-premio-f1","tag-grandepremio","tag-mercedes","tag-pre-temporada-2025-f1","42wp_author-vicente-soella"],"_links":{"self":[{"href":"https:\/\/grandepremio.com\/br\/wp-json\/wp\/v2\/posts\/29643","targetHints":{"allow":["GET"]}}],"collection":[{"href":"https:\/\/grandepremio.com\/br\/wp-json\/wp\/v2\/posts"}],"about":[{"href":"https:\/\/grandepremio.com\/br\/wp-json\/wp\/v2\/types\/post"}],"replies":[{"embeddable":true,"href":"https:\/\/grandepremio.com\/br\/wp-json\/wp\/v2\/comments?post=29643"}],"version-history":[{"count":0,"href":"https:\/\/grandepremio.com\/br\/wp-json\/wp\/v2\/posts\/29643\/revisions"}],"wp:featuredmedia":[{"embeddable":true,"href":"https:\/\/grandepremio.com\/br\/wp-json\/wp\/v2\/media\/1000933029"}],"wp:attachment":[{"href":"https:\/\/grandepremio.com\/br\/wp-json\/wp\/v2\/media?parent=29643"}],"wp:term":[{"taxonomy":"category","embeddable":true,"href":"https:\/\/grandepremio.com\/br\/wp-json\/wp\/v2\/categories?post=29643"},{"taxonomy":"post_tag","embeddable":true,"href":"https:\/\/grandepremio.com\/br\/wp-json\/wp\/v2\/tags?post=29643"},{"taxonomy":"42wp_author","embeddable":true,"href":"https:\/\/grandepremio.com\/br\/wp-json\/wp\/v2\/42wp_author?post=29643"}],"curies":[{"name":"wp","href":"https:\/\/api.w.org\/{rel}","templated":true}]}}