{"id":29804,"date":"2025-02-27T19:46:48","date_gmt":"2025-02-27T22:46:48","guid":{"rendered":"https:\/\/grandepremio.com\/br\/noticias\/ferrari-aprova-confiabilidade-sf-25-ve-equipes-mesmo-grupo-bahrein\/"},"modified":"2025-02-27T19:52:12","modified_gmt":"2025-02-27T22:52:12","slug":"ferrari-aprova-confiabilidade-sf-25-ve-equipes-mesmo-grupo-bahrein","status":"publish","type":"post","link":"https:\/\/grandepremio.com\/br\/f1\/ferrari-aprova-confiabilidade-sf-25-ve-equipes-mesmo-grupo-bahrein\/","title":{"rendered":"Ferrari aprova confiabilidade da SF-25 e v\u00ea equipes &#8220;no mesmo grupo&#8221; no Bahrein"},"content":{"rendered":"\n<p class=\"wp-block-paragraph\">Ap\u00f3s o fim do segundo dia dos testes coletivos de pr\u00e9-temporada da <strong>F\u00f3rmula 1<\/strong>, <strong>Fr\u00e9d\u00e9ric Vasseur<\/strong> se mostrou muito tranquilo quanto ao desempenho da <strong>Ferrari<\/strong> no <strong>Bahrein<\/strong> at\u00e9 aqui. E ao falar sobre as rivais, o chefe do time de Maranello deixou claro que ainda \u00e9 muito cedo para tirar qualquer conclus\u00e3o, j\u00e1 que nenhuma equipe sabe exatamente quais s\u00e3o os cronogramas de testes das outras.<\/p>\n\n\n\n<p class=\"wp-block-paragraph\">Embora <strong>Carlos Sainz<\/strong> tenha colocado a <strong>Williams<\/strong> <a href=\"https:\/\/www.grandepremio.com\/br\/f1\/noticias\/carlos-sainz-desbanca-lewis-hamilton-lidera-dia-2-testes-f1-bahrein-gabriel-bortoleto-15o\/\">no topo da tabela de tempos nesta quinta-feira (27)<\/a>, tanto <strong>Lewis Hamilton<\/strong> \u2014 <a href=\"https:\/\/www.grandepremio.com\/br\/f1\/noticias\/lewis-hamilton-lidera-manha-testes-coletivos-formula-1-atrapalhada-chuva-bahrein\/\">que liderou pela manh\u00e3<\/a> \u2014 quanto <strong>Charles Leclerc<\/strong> completaram um n\u00famero consider\u00e1vel de voltas para a escuderia italiana e provaram do poderio da <strong>SF-25<\/strong>. No fim, o heptacampe\u00e3o terminou na segunda posi\u00e7\u00e3o, apenas 0s031 atr\u00e1s do espanhol, enquanto o <strong>#16<\/strong> foi 0s083 mais lento que o antigo companheiro de garagem e fechou o top-3.<\/p>\n\n\n\n<p class=\"wp-block-paragraph\">&#8220;At\u00e9 agora, tudo bem. A primeira an\u00e1lise \u00e9 sempre a quest\u00e3o da confiabilidade, que \u00e9 crucial nesta fase da temporada \u2014 e tudo correu bem. Em termos de desempenho, ningu\u00e9m sabe o n\u00edvel de combust\u00edvel dos outros, ent\u00e3o \u00e9 muito dif\u00edcil fazer previs\u00f5es ou progn\u00f3sticos. \u00c9 muito melhor manter o foco em n\u00f3s mesmos&#8221;, disse Vasseur durante a coletiva de imprensa no circuito de <strong>Sakhir<\/strong>.<\/p>\n\n\n\n<p class=\"wp-block-paragraph\">&#8220;Acho que todas as equipes est\u00e3o entusiasmadas com o in\u00edcio da temporada, isso faz parte do DNA do nosso esporte. Todos temos a sensa\u00e7\u00e3o de que podemos ser campe\u00f5es do mundo no in\u00edcio, e quando falamos com os pilotos ou as equipes, todos est\u00e3o otimistas no in\u00edcio da temporada. Mas repito, acho que \u00e9 normal&#8221;, continuou.<\/p>\n\n\n\n<figure class=\"wp-block-image size-full\"><img decoding=\"async\" src=\"https:\/\/www.grandepremio.com\/br\/wp-content\/uploads\/2025\/02\/f1-2025-bahrain-pre-season-ferrari-charles-leclerc-01.jpeg\" alt=\"\" class=\"wp-image-932605\"\/><figcaption class=\"wp-element-caption\">Charles Leclerc e Lewis Hamilton conquistaram bons resultados com Ferrar nesta quinta-feira (Foto: Ferrari)<\/figcaption><\/figure>\n\n\n\n<p class=\"wp-block-paragraph\">\u25b6\ufe0f <strong>Inscreva-se nos dois canais do GRANDE PR\u00caMIO no YouTube:\u00a0<a href=\"https:\/\/www.youtube.com\/channel\/UC9OlHEgxoaY6QY6nWPoiqQg?sub_confirmation=1\" target=\"_blank\" rel=\"noreferrer noopener\">GP<\/a>\u00a0|\u00a0<a href=\"https:\/\/www.youtube.com\/channel\/UC9csiS6q_C3C0FYhyr1rnFA?sub_confirmation=1\" target=\"_blank\" rel=\"noreferrer noopener\">GP2<\/a><\/strong><br>\u25b6\ufe0f <strong><strong>LEIA TAMB\u00c9M:\u00a0<a href=\"https:\/\/www.grandepremio.com\/br\/gptv\/noticias\/gptv-alcanca-2-milhoes-espectadores-prepara-novos-formatos-exibicao\/\">GPTV alcan\u00e7a 2 milh\u00f5es de espectadores e prepara novos formatos de exibi\u00e7\u00e3o<\/a><\/strong><\/strong><\/p>\n\n\n\n<p class=\"wp-block-paragraph\">Por fim, o chefe da Ferrari voltou a ser questionado sobre o momento em que as equipes devem parar de focar no carro de 2025 para se preparar completamente para o novo regulamento, que entra em vigor na pr\u00f3xima temporada. Ainda que n\u00e3o tenha uma resposta pronta, Fr\u00e9d\u00e9ric reconheceu que tal decis\u00e3o deve acontecer logo ap\u00f3s as primeiras corridas.<\/p>\n\n\n\n<p class=\"wp-block-paragraph\">&#8220;Sem d\u00favida, ser\u00e1 um desafio e ser\u00e1 um pouco a equa\u00e7\u00e3o deste ano, mas teremos um primeiro panorama das performances e do que pode ser o campeonato muito em breve, nas primeiras semanas, e nesse ponto ser\u00e1 necess\u00e1rio tomar uma decis\u00e3o dependendo da posi\u00e7\u00e3o&#8221;, declarou. &#8220;Acho irreal pensar que algu\u00e9m estar\u00e1 muito \u00e0 frente ou muito atr\u00e1s, por isso a escolha ser\u00e1 dif\u00edcil, porque estaremos todos mais ou menos no mesmo grupo&#8221;, encerrou.<\/p>\n\n\n\n<p class=\"wp-block-paragraph\">O\u00a0<strong>GRANDE PR\u00caMIO\u00a0<\/strong>faz a cobertura completa do per\u00edodo de testes da\u00a0<strong><a href=\"https:\/\/www.grandepremio.com\/br\/f1\/\"><\/a><a href=\"https:\/\/www.grandepremio.com\/br\/f1\/\" target=\"_blank\" rel=\"noreferrer noopener\">F1<\/a><\/strong>\u00a0e acompanha tudo que acontece no Bahrein em\u00a0<strong><a href=\"https:\/\/www.grandepremio.com\/br\/f1\/ao-vivo\"><\/a><a href=\"https:\/\/www.grandepremio.com\/br\/ao-vivo\/\" target=\"_blank\" rel=\"noreferrer noopener\">TEMPO REAL<\/a><\/strong>. As atividades acontecem entre os dias\u00a0<strong>26 e 28 de fevereiro<\/strong>, sempre com duas atividades por dia, uma entre\u00a0<strong>4h e 8h<\/strong>\u00a0(de Bras\u00edlia, GMT-3) e outra entre\u00a0<strong>9h e 13h<\/strong>. A estreia do campeonato est\u00e1 programada para acontecer duas semanas depois, entre os dias\u00a0<strong>14 e 16 de mar\u00e7o<\/strong>, no\u00a0<strong>GP da Austr\u00e1lia<\/strong>.<\/p>\n\n\n\n<figure class=\"wp-block-embed is-type-video is-provider-youtube wp-block-embed-youtube wp-embed-aspect-16-9 wp-has-aspect-ratio\"><div class=\"wp-block-embed__wrapper\">\n<iframe loading=\"lazy\" title=\"SAINZ BATE HAMILTON E BORTOLETO \u00c9 15\u00ba: O DIA 2 DA F1 2025 NO BAHREIN | BRIEFING\" width=\"500\" height=\"281\" src=\"https:\/\/www.youtube.com\/embed\/gobalBg2w10?feature=oembed\" frameborder=\"0\" allow=\"accelerometer; autoplay; clipboard-write; encrypted-media; gyroscope; picture-in-picture; web-share\" referrerpolicy=\"strict-origin-when-cross-origin\" allowfullscreen><\/iframe>\n<\/div><\/figure>\n","protected":false},"excerpt":{"rendered":"<p>Chefe da Ferrari, Fr\u00e9d\u00e9ric Vasseur ainda destacou o otimismo por parte das equipes neste in\u00edcio de temporada, que, de acordo com ele, \u00e9 algo natural na F\u00f3rmula 1<\/p>\n","protected":false},"author":0,"featured_media":1000931836,"comment_status":"closed","ping_status":"closed","sticky":false,"template":"","format":"standard","meta":{"42wp_featured_image_caption":"","42wp_featured_image_credits":"","42wp_featured_video":"","42wp_featured_image_hidden":false,"42wp_authors_list":[],"footnotes":""},"categories":[2],"tags":[209,5660,969,147,3630,642,160,207,180,3628,1322,1491,30103,28285,87,40900,38447],"42wp_author":[47160],"class_list":["post-29804","post","type-post","status-publish","format-standard","has-post-thumbnail","hentry","category-f1","tag-charles-leclerc","tag-classificacao","tag-corrida","tag-f1","tag-f1-2025","tag-f1-ao-vivo","tag-f1-tv","tag-ferrari","tag-formula-1","tag-formula-1-2025","tag-frederic-vasseur","tag-grande-premio","tag-grande-premio-f1","tag-grandepremio","tag-lewis-hamilton","tag-pre-temporada-f1-2025","tag-pre-temporada-f1-no-bahrein","42wp_author-vicente-soella"],"_links":{"self":[{"href":"https:\/\/grandepremio.com\/br\/wp-json\/wp\/v2\/posts\/29804","targetHints":{"allow":["GET"]}}],"collection":[{"href":"https:\/\/grandepremio.com\/br\/wp-json\/wp\/v2\/posts"}],"about":[{"href":"https:\/\/grandepremio.com\/br\/wp-json\/wp\/v2\/types\/post"}],"replies":[{"embeddable":true,"href":"https:\/\/grandepremio.com\/br\/wp-json\/wp\/v2\/comments?post=29804"}],"version-history":[{"count":0,"href":"https:\/\/grandepremio.com\/br\/wp-json\/wp\/v2\/posts\/29804\/revisions"}],"wp:featuredmedia":[{"embeddable":true,"href":"https:\/\/grandepremio.com\/br\/wp-json\/wp\/v2\/media\/1000931836"}],"wp:attachment":[{"href":"https:\/\/grandepremio.com\/br\/wp-json\/wp\/v2\/media?parent=29804"}],"wp:term":[{"taxonomy":"category","embeddable":true,"href":"https:\/\/grandepremio.com\/br\/wp-json\/wp\/v2\/categories?post=29804"},{"taxonomy":"post_tag","embeddable":true,"href":"https:\/\/grandepremio.com\/br\/wp-json\/wp\/v2\/tags?post=29804"},{"taxonomy":"42wp_author","embeddable":true,"href":"https:\/\/grandepremio.com\/br\/wp-json\/wp\/v2\/42wp_author?post=29804"}],"curies":[{"name":"wp","href":"https:\/\/api.w.org\/{rel}","templated":true}]}}